{"id":2925877,"date":"2021-07-26T11:13:24","date_gmt":"2021-07-26T18:13:24","guid":{"rendered":"https:\/\/agpnoticias.com\/news\/?p=2925877"},"modified":"2021-07-26T11:13:28","modified_gmt":"2021-07-26T18:13:28","slug":"amlo-envia-dos-barcos-con-medicinas-y-alimentos-a-cuba-pide-que-otros-paises-apoyen","status":"publish","type":"post","link":"https:\/\/agpnoticias.com\/news\/?p=2925877","title":{"rendered":"AMLO env\u00eda dos barcos con medicinas y alimentos a Cuba; pide que otros pa\u00edses apoyen"},"content":{"rendered":"\n<p>El presidente\u00a0<strong>Andr\u00e9s Manuel\u00a0L\u00f3pez Obrador<\/strong>\u00a0hizo un\u00a0<strong>llamado<\/strong>\u00a0a todos los\u00a0<strong>pa\u00edses<\/strong>\u00a0del mundo para que\u00a0<strong>ayuden a Cuba<\/strong>\u00a0ante la situaci\u00f3n de crisis que est\u00e1 viviendo por\u00a0<strong>medicinas\u00a0<\/strong>y<strong>\u00a0alimentos<\/strong>.<\/p>\n<p>El jefe del Ejecutivo federal mexicano inform\u00f3 este lunes que se tom\u00f3 la decisi\u00f3n de enviar dos barcos de la\u00a0<strong>Secretar\u00eda de Marina<\/strong>\u00a0(<strong>Semar<\/strong>) que llevar\u00e1n a Cuba medicinas y alimentos, por lo que llam\u00f3 a otros pa\u00edses a hacer lo mismo en este momento de necesidad para la isla.<\/p>\n<p>Frente a esta situaci\u00f3n del bloqueo, tomamos la decisi\u00f3n de ayudar y de ser solidarios frente a ese bloqueo (\u2026) Aprovecho aora hacer un llamado a todos los pa\u00edses del mundo, a que esa manifestaci\u00f3n que se expresa en la ONU votando en contra del bloqueo se convierta ahora en hechos y que se ayude al pueblo de Cuba\u201d, expres\u00f3.<\/p>\n<p>\u201cDesde la heroica Veracruz que tiene tanta relaci\u00f3n hist\u00f3rica con Cuba, van a salir dos barcos de la Armada de M\u00e9xico, con ox\u00edgeno y alimentos, medicinas\u201d, detall\u00f3.<\/p>\n<p>El mandatario mexicano hizo un llamado al presidente de\u00a0<strong>Estados Unidos<\/strong>,<strong>\u00a0Joe Biden<\/strong>, para que se levante el bloqueo a Cuba, y sugiri\u00f3 que se permita el env\u00edo el de remesas a la isla.<\/p>\n<p>\u201cYo pienso que el presidente Biden debe tomar una decisi\u00f3n al respecto, es un llamado respetuoso, desde ning\u00fan punto de vista injerencista, pero hay que separar lo pol\u00edtico de lo humanitario. La vida es lo m\u00e1s importante, es el principal de los derechos humanos\u201d, declar\u00f3.<\/p>\n<p>Podr\u00edan hacerse muchas cosas, pero solo sugiero una con todo respeto, para las dos naciones: que se permita el que puedan recibir las familias de Cuba remesas de quienes viven y trabajan en EE.UU. o cualquier otro pa\u00eds del mundo\u201d, puntualiz\u00f3.<\/p>\n<p>El pasad 23 de julio, el Gobierno mexicano se\u00f1al\u00f3 que, en congruencia con su pol\u00edtica de solidaridad internacional, enviar\u00e1 dos barcos con ayuda sanitaria y alimentaria a la isla caribe\u00f1a.<\/p>\n<p>Como parte de la asistencia para el sistema hospitalario y la atenci\u00f3n de la emergencia sanitaria, inform\u00f3 que el embarque incluye material m\u00e9dico como jeringas, tanques de ox\u00edgeno tipo T de nueve mil 500 litros y cubrebocas.<\/p>\n<p>Asimismo, enviar\u00e1n insumos como leche en polvo, frijol, harina de trigo, latas de at\u00fan, aceite comestible, as\u00ed como gasolina di\u00e9sel.<\/p>\n<p>El Gobierno mexicano reiter\u00f3 su compromiso de seguir realizando acciones de cooperaci\u00f3n internacional y asistencia humanitaria con los pa\u00edses Am\u00e9rica Latina y el Caribe \u201cpara poder hacer frente a los estragos de la pandemia\u201d.<\/p>\n","protected":false},"excerpt":{"rendered":"","protected":false},"author":1,"featured_media":2925878,"comment_status":"open","ping_status":"closed","sticky":false,"template":"","format":"standard","meta":{"footnotes":""},"categories":[1],"tags":[],"class_list":["post-2925877","post","type-post","status-publish","format-standard","has-post-thumbnail","hentry","category-uncategorized"],"_links":{"self":[{"href":"https:\/\/agpnoticias.com\/news\/index.php?rest_route=\/wp\/v2\/posts\/2925877","targetHints":{"allow":["GET"]}}],"collection":[{"href":"https:\/\/agpnoticias.com\/news\/index.php?rest_route=\/wp\/v2\/posts"}],"about":[{"href":"https:\/\/agpnoticias.com\/news\/index.php?rest_route=\/wp\/v2\/types\/post"}],"author":[{"embeddable":true,"href":"https:\/\/agpnoticias.com\/news\/index.php?rest_route=\/wp\/v2\/users\/1"}],"replies":[{"embeddable":true,"href":"https:\/\/agpnoticias.com\/news\/index.php?rest_route=%2Fwp%2Fv2%2Fcomments&post=2925877"}],"version-history":[{"count":1,"href":"https:\/\/agpnoticias.com\/news\/index.php?rest_route=\/wp\/v2\/posts\/2925877\/revisions"}],"predecessor-version":[{"id":2925879,"href":"https:\/\/agpnoticias.com\/news\/index.php?rest_route=\/wp\/v2\/posts\/2925877\/revisions\/2925879"}],"wp:featuredmedia":[{"embeddable":true,"href":"https:\/\/agpnoticias.com\/news\/index.php?rest_route=\/wp\/v2\/media\/2925878"}],"wp:attachment":[{"href":"https:\/\/agpnoticias.com\/news\/index.php?rest_route=%2Fwp%2Fv2%2Fmedia&parent=2925877"}],"wp:term":[{"taxonomy":"category","embeddable":true,"href":"https:\/\/agpnoticias.com\/news\/index.php?rest_route=%2Fwp%2Fv2%2Fcategories&post=2925877"},{"taxonomy":"post_tag","embeddable":true,"href":"https:\/\/agpnoticias.com\/news\/index.php?rest_route=%2Fwp%2Fv2%2Ftags&post=2925877"}],"curies":[{"name":"wp","href":"https:\/\/api.w.org\/{rel}","templated":true}]}}