{"id":2926184,"date":"2021-07-31T09:02:54","date_gmt":"2021-07-31T16:02:54","guid":{"rendered":"https:\/\/agpnoticias.com\/news\/?p=2926184"},"modified":"2021-07-31T09:02:59","modified_gmt":"2021-07-31T16:02:59","slug":"muere-tragicamente-jugador-del-ajax-de-amsterdam","status":"publish","type":"post","link":"https:\/\/agpnoticias.com\/news\/?p=2926184","title":{"rendered":"Muere tr\u00e1gicamente jugador del Ajax de \u00c1msterdam"},"content":{"rendered":"\n<p>El futbol de los\u00a0<b>Pa\u00edses Bajos<\/b>\u00a0se encuentra de luto luego de confirmarse el fallecimiento de\u00a0<b>Noah Gesser<\/b>, uno de los jugadores m\u00e1s prometedores del\u00a0<b>Ajax de Amsterdam<\/b>, quien perdi\u00f3 la vida apenas a los\u00a0<b>16 a\u00f1os<\/b>\u00a0de edad.<\/p>\n<p><span class=\"storyimage fullwidth inlineimage\" data-aop=\"image\"><span class=\"image\" data-attrib=\"Editorial Medio Tiempo\" data-caption=\"Gesser muri\u00f3 en un accidente de auto | Ajax\" data-id=\"115\" data-m=\"{&quot;i&quot;:115,&quot;p&quot;:114,&quot;n&quot;:&quot;openModal&quot;,&quot;t&quot;:&quot;articleImages&quot;,&quot;o&quot;:1}\"><img decoding=\"async\" class=\"loaded\" src=\"https:\/\/img-s-msn-com.akamaized.net\/tenant\/amp\/entityid\/AAMMyHu.img?h=498&amp;w=799&amp;m=6&amp;q=60&amp;o=f&amp;l=f&amp;x=302&amp;y=264\" alt=\"Gesser muri\u00f3 en un accidente de auto | Ajax\" data-src=\"{&quot;default&quot;:{&quot;load&quot;:&quot;default&quot;,&quot;w&quot;:&quot;80&quot;,&quot;h&quot;:&quot;50&quot;,&quot;src&quot;:&quot;\/\/img-s-msn-com.akamaized.net\/tenant\/amp\/entityid\/AAMMyHu.img?h=498&amp;w=799&amp;m=6&amp;q=60&amp;o=f&amp;l=f&amp;x=302&amp;y=264&quot;},&quot;size3column&quot;:{&quot;load&quot;:&quot;default&quot;,&quot;w&quot;:&quot;62&quot;,&quot;h&quot;:&quot;39&quot;,&quot;src&quot;:&quot;\/\/img-s-msn-com.akamaized.net\/tenant\/amp\/entityid\/AAMMyHu.img?h=389&amp;w=624&amp;m=6&amp;q=60&amp;o=f&amp;l=f&amp;x=302&amp;y=264&quot;},&quot;size2column&quot;:{&quot;load&quot;:&quot;default&quot;,&quot;w&quot;:&quot;62&quot;,&quot;h&quot;:&quot;39&quot;,&quot;src&quot;:&quot;\/\/img-s-msn-com.akamaized.net\/tenant\/amp\/entityid\/AAMMyHu.img?h=389&amp;w=624&amp;m=6&amp;q=60&amp;o=f&amp;l=f&amp;x=302&amp;y=264&quot;}}\" \/><\/span><span class=\"caption truncate\"><span class=\"attribution\">\u00a9 Editorial Medio Tiempo<\/span>\u00a0Gesser muri\u00f3 en un accidente de auto | Ajax<\/span><\/span><\/p>\n<p><b>Gesser<\/b>, quien ya despuntaba en las inferiores del\u00a0<b>Ajax<\/b>, club del mexicano\u00a0Edson \u00c1lvarez, muri\u00f3 en un accidente automovil\u00edstico en la ciudad de Ijsselstein, cuando estrell\u00f3 su veh\u00edculo de frente contra una camioneta.<\/p>\n<p>\u00abEl\u00a0<b>Ajax est\u00e1 profundamente conmovido<\/b>\u00a0por la\u00a0<b>tr\u00e1gica muerte del juvenil Noah Gesser<\/b>. Nuestros pensamientos est\u00e1n con su familia y amigos\u00bb. escribi\u00f3 el campe\u00f3n de la\u00a0<b>Eredivisie<\/b>\u00a0en su cuenta de Twitter.<\/p>\n<p><img decoding=\"async\" src=\"https:\/\/pbs.twimg.com\/ad_img\/1421384101752414219\/-oh4cqKy?format=png&amp;name=small\" \/><\/p>\n<p>En el siniestro tambi\u00e9n\u00a0<b>pereci\u00f3 una persona que acompa\u00f1aba a Gesser<\/b>, mientras que el otro conductor fue llevado a un hospital sin que su vida corra riesgo.<\/p>\n","protected":false},"excerpt":{"rendered":"","protected":false},"author":1,"featured_media":2926185,"comment_status":"open","ping_status":"closed","sticky":false,"template":"","format":"standard","meta":{"footnotes":""},"categories":[405],"tags":[595],"class_list":["post-2926184","post","type-post","status-publish","format-standard","has-post-thumbnail","hentry","category-sin-categoria-es","tag-destacado"],"_links":{"self":[{"href":"https:\/\/agpnoticias.com\/news\/index.php?rest_route=\/wp\/v2\/posts\/2926184","targetHints":{"allow":["GET"]}}],"collection":[{"href":"https:\/\/agpnoticias.com\/news\/index.php?rest_route=\/wp\/v2\/posts"}],"about":[{"href":"https:\/\/agpnoticias.com\/news\/index.php?rest_route=\/wp\/v2\/types\/post"}],"author":[{"embeddable":true,"href":"https:\/\/agpnoticias.com\/news\/index.php?rest_route=\/wp\/v2\/users\/1"}],"replies":[{"embeddable":true,"href":"https:\/\/agpnoticias.com\/news\/index.php?rest_route=%2Fwp%2Fv2%2Fcomments&post=2926184"}],"version-history":[{"count":1,"href":"https:\/\/agpnoticias.com\/news\/index.php?rest_route=\/wp\/v2\/posts\/2926184\/revisions"}],"predecessor-version":[{"id":2926186,"href":"https:\/\/agpnoticias.com\/news\/index.php?rest_route=\/wp\/v2\/posts\/2926184\/revisions\/2926186"}],"wp:featuredmedia":[{"embeddable":true,"href":"https:\/\/agpnoticias.com\/news\/index.php?rest_route=\/wp\/v2\/media\/2926185"}],"wp:attachment":[{"href":"https:\/\/agpnoticias.com\/news\/index.php?rest_route=%2Fwp%2Fv2%2Fmedia&parent=2926184"}],"wp:term":[{"taxonomy":"category","embeddable":true,"href":"https:\/\/agpnoticias.com\/news\/index.php?rest_route=%2Fwp%2Fv2%2Fcategories&post=2926184"},{"taxonomy":"post_tag","embeddable":true,"href":"https:\/\/agpnoticias.com\/news\/index.php?rest_route=%2Fwp%2Fv2%2Ftags&post=2926184"}],"curies":[{"name":"wp","href":"https:\/\/api.w.org\/{rel}","templated":true}]}}