{"id":2926359,"date":"2021-08-02T20:44:14","date_gmt":"2021-08-03T03:44:14","guid":{"rendered":"https:\/\/agpnoticias.com\/news\/?p=2926359"},"modified":"2021-08-02T20:44:17","modified_gmt":"2021-08-03T03:44:17","slug":"vilchis-gana-final-y-asciende-en-la-primera-fuerza-de-ensenada","status":"publish","type":"post","link":"https:\/\/agpnoticias.com\/news\/?p=2926359","title":{"rendered":"Vilchis gana final y asciende en la Primera Fuerza de Ensenada"},"content":{"rendered":"\n<p>Ensenada, Baja California.- Vilchis Corporativo Legal es el campe\u00f3n del grupo de ascenso en la Liga Municipal de Primera Fuerza y Juvenil de Ensenada y asciende al m\u00e1ximo grupo de la misma.<\/p>\n<p>Los litigantes vencieron anoche a Veracruz 4 a 0 (4 a 1 global) en el campo Ensenada.<\/p>\n<p><a href=\"https:\/\/agpnoticias.com\/news\/vilchis-gana-final-y-asciende-en-la-primera-fuerza-de-ensenada\/b840b0b0-07df-4469-9de0-2581f614dcdc\/\" rel=\"attachment wp-att-2926361\"><img fetchpriority=\"high\" decoding=\"async\" class=\"aligncenter size-full wp-image-2926361\" src=\"https:\/\/agpnoticias.com\/news\/wp-content\/uploads\/2021\/08\/b840b0b0-07df-4469-9de0-2581f614dcdc-e1627962233598.jpeg\" alt=\"\" width=\"700\" height=\"467\" \/><\/a><\/p>\n<p>Vilchis abri\u00f3 el marcador con Alan \u00abReus\u00bb Olmos, desde los 11 pasos a los 13 minutos del segundo tiempo, cinco minutos m\u00e1s tarde, el mismo Olmos mandar\u00eda de nuevo el esf\u00e9rico al fondo de las redes.<\/p>\n<p>Al &#8217;23, Salvador \u00abChavita\u00bb Meza anotar\u00eda el tercero para Vilchis y al &#8217;33, el mismo Meza meter\u00eda el cuarto y \u00faltimo tanto, tras gran jugada de contragolpe que inici\u00f3 \u00d3scar Flores.<\/p>\n<p><strong>Goleador<\/strong><\/p>\n<p>Con 31 goles anotados, Mart\u00edn Cordero, jugador de Deportivo Casablanca, fue galardonado como el campe\u00f3n de goleo del grupo de ascenso de la Liga Municipal de Primera Fuerza y Juvenil de Ensenada.<\/p>\n<p><a href=\"https:\/\/agpnoticias.com\/news\/vilchis-gana-final-y-asciende-en-la-primera-fuerza-de-ensenada\/whatsapp-image-2021-08-02-at-15-57-51\/\" rel=\"attachment wp-att-2926362\"><img decoding=\"async\" class=\"aligncenter size-full wp-image-2926362\" src=\"https:\/\/agpnoticias.com\/news\/wp-content\/uploads\/2021\/08\/WhatsApp-Image-2021-08-02-at-15.57.51-e1627962250854.jpeg\" alt=\"\" width=\"700\" height=\"467\" \/><\/a><\/p>\n<p><em>Informaci\u00f3n: Cancuntv.<\/em><\/p>\n","protected":false},"excerpt":{"rendered":"","protected":false},"author":1,"featured_media":2926360,"comment_status":"open","ping_status":"closed","sticky":false,"template":"","format":"standard","meta":{"footnotes":""},"categories":[32],"tags":[595],"class_list":["post-2926359","post","type-post","status-publish","format-standard","has-post-thumbnail","hentry","category-soccer","tag-destacado"],"_links":{"self":[{"href":"https:\/\/agpnoticias.com\/news\/index.php?rest_route=\/wp\/v2\/posts\/2926359","targetHints":{"allow":["GET"]}}],"collection":[{"href":"https:\/\/agpnoticias.com\/news\/index.php?rest_route=\/wp\/v2\/posts"}],"about":[{"href":"https:\/\/agpnoticias.com\/news\/index.php?rest_route=\/wp\/v2\/types\/post"}],"author":[{"embeddable":true,"href":"https:\/\/agpnoticias.com\/news\/index.php?rest_route=\/wp\/v2\/users\/1"}],"replies":[{"embeddable":true,"href":"https:\/\/agpnoticias.com\/news\/index.php?rest_route=%2Fwp%2Fv2%2Fcomments&post=2926359"}],"version-history":[{"count":2,"href":"https:\/\/agpnoticias.com\/news\/index.php?rest_route=\/wp\/v2\/posts\/2926359\/revisions"}],"predecessor-version":[{"id":2926364,"href":"https:\/\/agpnoticias.com\/news\/index.php?rest_route=\/wp\/v2\/posts\/2926359\/revisions\/2926364"}],"wp:featuredmedia":[{"embeddable":true,"href":"https:\/\/agpnoticias.com\/news\/index.php?rest_route=\/wp\/v2\/media\/2926360"}],"wp:attachment":[{"href":"https:\/\/agpnoticias.com\/news\/index.php?rest_route=%2Fwp%2Fv2%2Fmedia&parent=2926359"}],"wp:term":[{"taxonomy":"category","embeddable":true,"href":"https:\/\/agpnoticias.com\/news\/index.php?rest_route=%2Fwp%2Fv2%2Fcategories&post=2926359"},{"taxonomy":"post_tag","embeddable":true,"href":"https:\/\/agpnoticias.com\/news\/index.php?rest_route=%2Fwp%2Fv2%2Ftags&post=2926359"}],"curies":[{"name":"wp","href":"https:\/\/api.w.org\/{rel}","templated":true}]}}