{"id":2926365,"date":"2021-08-02T20:54:24","date_gmt":"2021-08-03T03:54:24","guid":{"rendered":"https:\/\/agpnoticias.com\/news\/?p=2926365"},"modified":"2021-08-02T20:54:26","modified_gmt":"2021-08-03T03:54:26","slug":"santa-cecilia-campeon-estatal-2007-en-ensenada","status":"publish","type":"post","link":"https:\/\/agpnoticias.com\/news\/?p=2926365","title":{"rendered":"Santa Cecilia, campe\u00f3n estatal 2007 en Ensenada"},"content":{"rendered":"\n<p>Ensenada, Baja California.- Santa Cecilia de Mexicali alcanz\u00f3 el campeonato estatal 2007 al imponerse a Ensenada en penales luego de empatar a un gol.<\/p>\n<p>Tras diversas situaciones la final se pospuso y fue este d\u00eda en el campo uno de la Ciudad Deportiva donde se defini\u00f3 el campeonato.<\/p>\n<p>Ensenada se pondr\u00eda adelante en el marcador tras gran disparo de zurda de Gael Valenzuela a los 23 minutos de juego y cuando todo parec\u00eda indicar que Ensenada se quedar\u00eda con el campeonato, Jahir Cerna aprovechar\u00eda un cobro de tiro libre para empatar los cartones y llevar el encuentro al alargue.<\/p>\n<p><a href=\"https:\/\/agpnoticias.com\/news\/santa-cecilia-campeon-estatal-2007-en-ensenada\/107c8d87-cb03-40cf-86e9-4dd1ad3300ec\/\" rel=\"attachment wp-att-2926366\"><img fetchpriority=\"high\" decoding=\"async\" class=\"aligncenter size-full wp-image-2926366\" src=\"https:\/\/agpnoticias.com\/news\/wp-content\/uploads\/2021\/08\/107c8d87-cb03-40cf-86e9-4dd1ad3300ec-e1627962817534.jpeg\" alt=\"\" width=\"700\" height=\"378\" \/><\/a><\/p>\n<p>Y se fueron los tiempos extras con un Santa Cecilia encima de Ensenada pero no cayeron los goles.<\/p>\n<p>As\u00ed que se tendr\u00eda que definir desde los 11 pasos.<\/p>\n<p>Ah\u00ed, en la guerra entre portero y cobrador, Luis Emilio Prado Aguilar, arquero de La Santa fue el h\u00e9roe del juego al atajar los cobros de Emiliano Navarro, \u00c1ngel Orozco y de De La Rosa.<\/p>\n<p>Para Santa Cecilia anotaron Axel Jahir Cerna Parra, \u00c1ngel Daniel Velazquez Beltr\u00e1n y Enrique Laura Montiel.<\/p>\n<p>Para Ensenada el gol de penal fue de Oliver Fontanot.<\/p>\n<p><em>Informaci\u00f3n: Cancuntv.<\/em><\/p>\n","protected":false},"excerpt":{"rendered":"","protected":false},"author":1,"featured_media":2926367,"comment_status":"open","ping_status":"closed","sticky":false,"template":"","format":"standard","meta":{"footnotes":""},"categories":[32],"tags":[595],"class_list":["post-2926365","post","type-post","status-publish","format-standard","has-post-thumbnail","hentry","category-soccer","tag-destacado"],"_links":{"self":[{"href":"https:\/\/agpnoticias.com\/news\/index.php?rest_route=\/wp\/v2\/posts\/2926365","targetHints":{"allow":["GET"]}}],"collection":[{"href":"https:\/\/agpnoticias.com\/news\/index.php?rest_route=\/wp\/v2\/posts"}],"about":[{"href":"https:\/\/agpnoticias.com\/news\/index.php?rest_route=\/wp\/v2\/types\/post"}],"author":[{"embeddable":true,"href":"https:\/\/agpnoticias.com\/news\/index.php?rest_route=\/wp\/v2\/users\/1"}],"replies":[{"embeddable":true,"href":"https:\/\/agpnoticias.com\/news\/index.php?rest_route=%2Fwp%2Fv2%2Fcomments&post=2926365"}],"version-history":[{"count":2,"href":"https:\/\/agpnoticias.com\/news\/index.php?rest_route=\/wp\/v2\/posts\/2926365\/revisions"}],"predecessor-version":[{"id":2926369,"href":"https:\/\/agpnoticias.com\/news\/index.php?rest_route=\/wp\/v2\/posts\/2926365\/revisions\/2926369"}],"wp:featuredmedia":[{"embeddable":true,"href":"https:\/\/agpnoticias.com\/news\/index.php?rest_route=\/wp\/v2\/media\/2926367"}],"wp:attachment":[{"href":"https:\/\/agpnoticias.com\/news\/index.php?rest_route=%2Fwp%2Fv2%2Fmedia&parent=2926365"}],"wp:term":[{"taxonomy":"category","embeddable":true,"href":"https:\/\/agpnoticias.com\/news\/index.php?rest_route=%2Fwp%2Fv2%2Fcategories&post=2926365"},{"taxonomy":"post_tag","embeddable":true,"href":"https:\/\/agpnoticias.com\/news\/index.php?rest_route=%2Fwp%2Fv2%2Ftags&post=2926365"}],"curies":[{"name":"wp","href":"https:\/\/api.w.org\/{rel}","templated":true}]}}