{"id":2926390,"date":"2021-08-03T13:53:19","date_gmt":"2021-08-03T20:53:19","guid":{"rendered":"https:\/\/agpnoticias.com\/news\/?p=2926390"},"modified":"2021-08-03T13:53:22","modified_gmt":"2021-08-03T20:53:22","slug":"caracter-para-los-malos-tiempos-pavez-contencion-de-xolos","status":"publish","type":"post","link":"https:\/\/agpnoticias.com\/news\/?p=2926390","title":{"rendered":"Car\u00e1cter para los malos tiempos: Pavez, contenci\u00f3n de Xolos"},"content":{"rendered":"\n<p>Tijuana, Baja California.- El medio de contenci\u00f3n chileno de los Xoloitzcuintles Esteban Pavez sostuvo una videoconferencia de prensa previo al enfrentamiento de este Viernes en contra del Toluca.<\/p>\n<p>\u201cEstamos de local, tenemos que ir a ganar, desde el primer minuto tenemos que salir a buscar el partido. Vamos a tener que estar bien concentrados en la parte defensiva y arriba tenemos que meterla\u201d, mencion\u00f3 Esteban sobre con qu\u00e9 mentalidad tienen que afrontar a los Diablos Rojos en el Mictl\u00e1n el pr\u00f3ximo Viernes 6 de Agosto.<\/p>\n<p>\u201cLo que m\u00e1s tengo es car\u00e1cter, trato de dejarlo todo en los entrenamientos, mi idea es transmitir eso a mis compa\u00f1eros\u201d, se\u00f1al\u00f3 Pavez acerca del sacrificio diario que trata de reflejar al plantel fronterizo.<\/p>\n<p>\u00abMe toca ser capit\u00e1n, lo tomo con mucho orgullo y mucha responsabilidad y lo que m\u00e1s quiero es transmitirle a mis compa\u00f1eros que tenemos que ser unidos, dejar todo en la cancha y estar comprometidos\u201d, expres\u00f3 el camiseta n\u00famero 8 de la Jaur\u00eda quien port\u00f3 el gafete de capit\u00e1n en los dos \u00faltimos partidos.<\/p>\n<p><em>Informaci\u00f3n: Club Tijuana Xoloitzcuintles de Caliente.<\/em><\/p>\n","protected":false},"excerpt":{"rendered":"","protected":false},"author":1,"featured_media":2926391,"comment_status":"open","ping_status":"closed","sticky":false,"template":"","format":"standard","meta":{"footnotes":""},"categories":[32,17],"tags":[595],"class_list":["post-2926390","post","type-post","status-publish","format-standard","has-post-thumbnail","hentry","category-soccer","category-xolos-de-tijuana","tag-destacado"],"_links":{"self":[{"href":"https:\/\/agpnoticias.com\/news\/index.php?rest_route=\/wp\/v2\/posts\/2926390","targetHints":{"allow":["GET"]}}],"collection":[{"href":"https:\/\/agpnoticias.com\/news\/index.php?rest_route=\/wp\/v2\/posts"}],"about":[{"href":"https:\/\/agpnoticias.com\/news\/index.php?rest_route=\/wp\/v2\/types\/post"}],"author":[{"embeddable":true,"href":"https:\/\/agpnoticias.com\/news\/index.php?rest_route=\/wp\/v2\/users\/1"}],"replies":[{"embeddable":true,"href":"https:\/\/agpnoticias.com\/news\/index.php?rest_route=%2Fwp%2Fv2%2Fcomments&post=2926390"}],"version-history":[{"count":1,"href":"https:\/\/agpnoticias.com\/news\/index.php?rest_route=\/wp\/v2\/posts\/2926390\/revisions"}],"predecessor-version":[{"id":2926392,"href":"https:\/\/agpnoticias.com\/news\/index.php?rest_route=\/wp\/v2\/posts\/2926390\/revisions\/2926392"}],"wp:featuredmedia":[{"embeddable":true,"href":"https:\/\/agpnoticias.com\/news\/index.php?rest_route=\/wp\/v2\/media\/2926391"}],"wp:attachment":[{"href":"https:\/\/agpnoticias.com\/news\/index.php?rest_route=%2Fwp%2Fv2%2Fmedia&parent=2926390"}],"wp:term":[{"taxonomy":"category","embeddable":true,"href":"https:\/\/agpnoticias.com\/news\/index.php?rest_route=%2Fwp%2Fv2%2Fcategories&post=2926390"},{"taxonomy":"post_tag","embeddable":true,"href":"https:\/\/agpnoticias.com\/news\/index.php?rest_route=%2Fwp%2Fv2%2Ftags&post=2926390"}],"curies":[{"name":"wp","href":"https:\/\/api.w.org\/{rel}","templated":true}]}}