{"id":2926406,"date":"2021-08-03T21:55:04","date_gmt":"2021-08-04T04:55:04","guid":{"rendered":"https:\/\/agpnoticias.com\/news\/?p=2926406"},"modified":"2021-08-03T21:55:06","modified_gmt":"2021-08-04T04:55:06","slug":"en-2022-los-mexicanos-podran-revocar-el-mandato-del-presidente-de-mexico","status":"publish","type":"post","link":"https:\/\/agpnoticias.com\/news\/?p=2926406","title":{"rendered":"En 2022 los mexicanos podr\u00e1n revocar el mandato\u00a0del presidente\u00a0de M\u00e9xico,"},"content":{"rendered":"\n<section class=\"block-paragraph\">\n<div class=\"rich-text\">\n<p>En 2022 los mexicanos podr\u00e1n acudir a las urnas con la posibilidad de&nbsp;<b>revocar el mandato<\/b>&nbsp;del presidente&nbsp;<b>Andr\u00e9s Manuel L\u00f3pez Obrador<\/b>. La propuesta que hizo el mandatario federal es que esta se realice el 21 de marzo del a\u00f1o que viene, pero \u00bfqu\u00e9 ocurrir\u00e1 en caso de que la revocaci\u00f3n de mandato se aplique?<\/p>\n<img fetchpriority=\"high\" decoding=\"async\" class=\"richtext-image full-width\" src=\"https:\/\/politico.mx\/media\/images\/revocacion_de_mandato_que_es_070721.width-800.jpg\" alt=\"revocacion_de_mandato_que_es_070721.jpg\" width=\"800\" height=\"800\">\n<h3><b>AS\u00cd SE PODR\u00c1 SOLICITAR<\/b><\/h3>\n<p>La&nbsp;revocaci\u00f3n de mandato&nbsp;se podr\u00e1 solicitar en una sola ocasi\u00f3n durante un sexenio y durante los tres meses posteriores a la conclusi\u00f3n del tercer a\u00f1o del periodo constitucional. El ejercicio podr\u00e1 llevarse a cabo 90 d\u00edas despu\u00e9s de la convocatoria emitida y no debe coincidir con procesos electorales.<\/p>\n<p>https:\/\/twitter.com\/i\/status\/1412790461593436170&nbsp;<\/p>\n<p>De esta manera, la reforma al art\u00edculo 35 de la Constituci\u00f3n indica que la revocaci\u00f3n de mandato del presidente de la Rep\u00fablica ser\u00e1 realizada por el Instituto Nacional Electoral (INE) a petici\u00f3n de los ciudadanos y deber\u00e1n cumplir con el&nbsp;<b>3%<\/b>&nbsp;de los inscritos en la&nbsp;<b>Lista Nominal<\/b>, siempre y cuando, la solicitud la presenten ciudadanos de 17 entidades federativas.<\/p>\n<p>En el proceso electoral de este a\u00f1o, la Lista Nominal estuvo conformada por 93 millones 528 mil 473 personas, por lo que el 3% equivaldr\u00eda a 2 millones 805 mil 854 electores. Adem\u00e1s a los 30 d\u00edas, el INE verificar\u00e1 las firmas y emitir\u00e1 la convocatoria respectiva.<\/p>\n<p>Es as\u00ed que en el caso espec\u00edfico del presidente L\u00f3pez Obrador se realizar\u00eda en 2022, para que no coincidiera con las elecciones intermedias de 2021 donde se renov\u00f3 la C\u00e1mara de Diputados y 15 gubernaturas.<\/p>\n<\/div>\n<\/section>\n<section class=\"block-html\">\n<blockquote class=\"twitter-tweet\" data-twitter-extracted-i1628047043150740346=\"true\">\n<p dir=\"ltr\" lang=\"es\"><b style=\"color: revert; font-family: Roboto, sans-serif; font-size: 1.6rem; letter-spacing: -0.02em;\">\u00bfQU\u00c9 TIENE QUE OCURRIR PARA QUE SEA V\u00c1LIDA?<\/b><\/p>\n<\/blockquote>\n<\/section>\n<section class=\"block-paragraph\">\n<div class=\"rich-text\">\n<p>Para que la&nbsp;revocaci\u00f3n de mandato&nbsp;sea v\u00e1lida debe&nbsp;<b>participar el 40%<\/b>&nbsp;de las personas inscritas en la Lista Nominal, cuyo porcentaje equivaldr\u00eda a aproximadamente 37 millones de electores 411 mil electores.<\/p>\n<p>En tanto, el Tribunal Electoral del Poder Judicial de la Federaci\u00f3n (<b>TEPJF<\/b>) ser\u00e1 el \u00f3rgano encargado de emitir la declaratoria de revocaci\u00f3n as\u00ed como de resolver las impugnaciones en su contra.<\/p>\n<p>En caso de que el titular del Ejecutivo sea removido, la Presidencia del&nbsp;<b>Congreso de la Uni\u00f3n<\/b>&nbsp;asume de manera interina el mandato y el Poder Legislativo tendr\u00e1 30 d\u00edas para nombrar un nuevo presidente que concluya el mandato. Esta persona concluir\u00eda el periodo de gobierno restante, que en el caso de este sexenio, concluye el 30 de septiembre de 2024.<\/p>\n<\/div>\n<\/section>\n","protected":false},"excerpt":{"rendered":"","protected":false},"author":1,"featured_media":2926407,"comment_status":"open","ping_status":"closed","sticky":false,"template":"","format":"video","meta":{"footnotes":""},"categories":[1,71,1065],"tags":[],"class_list":["post-2926406","post","type-post","status-publish","format-video","has-post-thumbnail","hentry","category-uncategorized","category-agp-deportes-youtubw","category-tendencia","post_format-post-format-video"],"_links":{"self":[{"href":"https:\/\/agpnoticias.com\/news\/index.php?rest_route=\/wp\/v2\/posts\/2926406","targetHints":{"allow":["GET"]}}],"collection":[{"href":"https:\/\/agpnoticias.com\/news\/index.php?rest_route=\/wp\/v2\/posts"}],"about":[{"href":"https:\/\/agpnoticias.com\/news\/index.php?rest_route=\/wp\/v2\/types\/post"}],"author":[{"embeddable":true,"href":"https:\/\/agpnoticias.com\/news\/index.php?rest_route=\/wp\/v2\/users\/1"}],"replies":[{"embeddable":true,"href":"https:\/\/agpnoticias.com\/news\/index.php?rest_route=%2Fwp%2Fv2%2Fcomments&post=2926406"}],"version-history":[{"count":2,"href":"https:\/\/agpnoticias.com\/news\/index.php?rest_route=\/wp\/v2\/posts\/2926406\/revisions"}],"predecessor-version":[{"id":2926419,"href":"https:\/\/agpnoticias.com\/news\/index.php?rest_route=\/wp\/v2\/posts\/2926406\/revisions\/2926419"}],"wp:featuredmedia":[{"embeddable":true,"href":"https:\/\/agpnoticias.com\/news\/index.php?rest_route=\/wp\/v2\/media\/2926407"}],"wp:attachment":[{"href":"https:\/\/agpnoticias.com\/news\/index.php?rest_route=%2Fwp%2Fv2%2Fmedia&parent=2926406"}],"wp:term":[{"taxonomy":"category","embeddable":true,"href":"https:\/\/agpnoticias.com\/news\/index.php?rest_route=%2Fwp%2Fv2%2Fcategories&post=2926406"},{"taxonomy":"post_tag","embeddable":true,"href":"https:\/\/agpnoticias.com\/news\/index.php?rest_route=%2Fwp%2Fv2%2Ftags&post=2926406"}],"curies":[{"name":"wp","href":"https:\/\/api.w.org\/{rel}","templated":true}]}}