{"id":2926421,"date":"2021-08-04T11:15:10","date_gmt":"2021-08-04T18:15:10","guid":{"rendered":"https:\/\/agpnoticias.com\/news\/?p=2926421"},"modified":"2021-08-04T11:43:51","modified_gmt":"2021-08-04T18:43:51","slug":"aremi-fuentes-recibida-con-su-medalla-en-mexicali","status":"publish","type":"post","link":"https:\/\/agpnoticias.com\/news\/?p=2926421","title":{"rendered":"Aremi Fuentes, recibida con su medalla en Mexicali"},"content":{"rendered":"\n<p>Mexicali, Baja California.- Aremi Fuentes lleg\u00f3 a Mexicali.<\/p>\n<p>La ganadora del bronce en los Juegos Ol\u00edmpicos de Tokio fue recibida en el aeropuerto de la capital bajacaliforniana.<\/p>\n<p>La atleta de 28 a\u00f1os de edad y alumna de Jos\u00e9 Manuel Zayas, jefe de entrenadores de Baja California, hab\u00eda escrito su nombre en el olimpo con 245 kilos totales, en la divisi\u00f3n de -76 kilogramos.<\/p>\n<p>Quien naci\u00f3 en Tonal\u00e1, Chiapas, a finales del 2013 se integr\u00f3 al equipo de Baja California y junto a Zayas se ha convertido en una dupla sensacional, que ahora enorgullece a todo M\u00e9xico.<\/p>\n<p>La medallista ol\u00edmpica juvenil en Singapur 2010 y en Guadalajara 2011, ya bajo los colores del Estado 29 fue medallista en Veracruz 2014 y Toronto 2015, qued\u00e1ndose cerca de R\u00edo 2016; la dupla continu\u00f3 su trabajo en el proceso Tokio 2020, donde llegaron los mejores resultados.019 hizo historia en Pattaya, Tailandia, donde el bronce en envi\u00f3n la convirti\u00f3 en la primera medallista mundial en mayores.<\/p>\n<p>\u00a0<\/p>\n<div id='gallery-1' class='gallery galleryid-2926421 gallery-columns-3 gallery-size-thumbnail'><figure class='gallery-item'>\n\t\t\t<div class='gallery-icon landscape'>\n\t\t\t\t<a href='https:\/\/agpnoticias.com\/news\/?attachment_id=2926448'><img loading=\"lazy\" width=\"300\" height=\"300\" src=\"https:\/\/agpnoticias.com\/news\/wp-content\/uploads\/2021\/08\/15e1813d-bd0d-4ede-893e-e8c14c8272c1-1-300x300.jpeg\" class=\"attachment-thumbnail size-thumbnail\" alt=\"15e1813d-bd0d-4ede-893e-e8c14c8272c1\" aria-describedby=\"gallery-1-2926448\" srcset=\"https:\/\/agpnoticias.com\/news\/wp-content\/uploads\/2021\/08\/15e1813d-bd0d-4ede-893e-e8c14c8272c1-1-300x300.jpeg 300w, https:\/\/agpnoticias.com\/news\/wp-content\/uploads\/2021\/08\/15e1813d-bd0d-4ede-893e-e8c14c8272c1-1-400x400.jpeg 400w, https:\/\/agpnoticias.com\/news\/wp-content\/uploads\/2021\/08\/15e1813d-bd0d-4ede-893e-e8c14c8272c1-1-80x80.jpeg 80w\" sizes=\"auto, (max-width: 300px) 100vw, 300px\" loading=\"lazy\" decoding=\"async\" \/><\/a>\n\t\t\t<\/div>\n\t\t\t\t<figcaption class='wp-caption-text gallery-caption' id='gallery-1-2926448'>\n\t\t\t\tDaniel Res\u00e9ndiz\/LA CR\u00d3NICA\n\t\t\t\t<\/figcaption><\/figure><figure class='gallery-item'>\n\t\t\t<div class='gallery-icon landscape'>\n\t\t\t\t<a href='https:\/\/agpnoticias.com\/news\/?attachment_id=2926449'><img loading=\"lazy\" width=\"300\" height=\"300\" src=\"https:\/\/agpnoticias.com\/news\/wp-content\/uploads\/2021\/08\/0824abff-e810-4bc4-b153-04558af68177-1-300x300.jpeg\" class=\"attachment-thumbnail size-thumbnail\" alt=\"0824abff-e810-4bc4-b153-04558af68177\" aria-describedby=\"gallery-1-2926449\" srcset=\"https:\/\/agpnoticias.com\/news\/wp-content\/uploads\/2021\/08\/0824abff-e810-4bc4-b153-04558af68177-1-300x300.jpeg 300w, https:\/\/agpnoticias.com\/news\/wp-content\/uploads\/2021\/08\/0824abff-e810-4bc4-b153-04558af68177-1-400x400.jpeg 400w, https:\/\/agpnoticias.com\/news\/wp-content\/uploads\/2021\/08\/0824abff-e810-4bc4-b153-04558af68177-1-80x80.jpeg 80w\" sizes=\"auto, (max-width: 300px) 100vw, 300px\" loading=\"lazy\" decoding=\"async\" \/><\/a>\n\t\t\t<\/div>\n\t\t\t\t<figcaption class='wp-caption-text gallery-caption' id='gallery-1-2926449'>\n\t\t\t\tDaniel Res\u00e9ndiz\/LA CR\u00d3NICA\n\t\t\t\t<\/figcaption><\/figure><figure class='gallery-item'>\n\t\t\t<div class='gallery-icon landscape'>\n\t\t\t\t<a href='https:\/\/agpnoticias.com\/news\/?attachment_id=2926450'><img loading=\"lazy\" width=\"300\" height=\"300\" src=\"https:\/\/agpnoticias.com\/news\/wp-content\/uploads\/2021\/08\/79671c37-1869-43b5-a2ea-5e99ed6623b4-1-300x300.jpeg\" class=\"attachment-thumbnail size-thumbnail\" alt=\"79671c37-1869-43b5-a2ea-5e99ed6623b4\" aria-describedby=\"gallery-1-2926450\" srcset=\"https:\/\/agpnoticias.com\/news\/wp-content\/uploads\/2021\/08\/79671c37-1869-43b5-a2ea-5e99ed6623b4-1-300x300.jpeg 300w, https:\/\/agpnoticias.com\/news\/wp-content\/uploads\/2021\/08\/79671c37-1869-43b5-a2ea-5e99ed6623b4-1-400x400.jpeg 400w, https:\/\/agpnoticias.com\/news\/wp-content\/uploads\/2021\/08\/79671c37-1869-43b5-a2ea-5e99ed6623b4-1-80x80.jpeg 80w\" sizes=\"auto, (max-width: 300px) 100vw, 300px\" loading=\"lazy\" decoding=\"async\" \/><\/a>\n\t\t\t<\/div>\n\t\t\t\t<figcaption class='wp-caption-text gallery-caption' id='gallery-1-2926450'>\n\t\t\t\tDaniel Res\u00e9ndiz\/LA CR\u00d3NICA\n\t\t\t\t<\/figcaption><\/figure><figure class='gallery-item'>\n\t\t\t<div class='gallery-icon landscape'>\n\t\t\t\t<a href='https:\/\/agpnoticias.com\/news\/?attachment_id=2926451'><img loading=\"lazy\" width=\"300\" height=\"300\" src=\"https:\/\/agpnoticias.com\/news\/wp-content\/uploads\/2021\/08\/549007ce-497e-4255-86de-0c56657d3ca5-1-300x300.jpeg\" class=\"attachment-thumbnail size-thumbnail\" alt=\"549007ce-497e-4255-86de-0c56657d3ca5\" aria-describedby=\"gallery-1-2926451\" srcset=\"https:\/\/agpnoticias.com\/news\/wp-content\/uploads\/2021\/08\/549007ce-497e-4255-86de-0c56657d3ca5-1-300x300.jpeg 300w, https:\/\/agpnoticias.com\/news\/wp-content\/uploads\/2021\/08\/549007ce-497e-4255-86de-0c56657d3ca5-1-400x400.jpeg 400w, https:\/\/agpnoticias.com\/news\/wp-content\/uploads\/2021\/08\/549007ce-497e-4255-86de-0c56657d3ca5-1-80x80.jpeg 80w\" sizes=\"auto, (max-width: 300px) 100vw, 300px\" loading=\"lazy\" decoding=\"async\" \/><\/a>\n\t\t\t<\/div>\n\t\t\t\t<figcaption class='wp-caption-text gallery-caption' id='gallery-1-2926451'>\n\t\t\t\tDaniel Res\u00e9ndiz\/LA CR\u00d3NICA\n\t\t\t\t<\/figcaption><\/figure><figure class='gallery-item'>\n\t\t\t<div class='gallery-icon landscape'>\n\t\t\t\t<a href='https:\/\/agpnoticias.com\/news\/?attachment_id=2926452'><img loading=\"lazy\" width=\"300\" height=\"300\" src=\"https:\/\/agpnoticias.com\/news\/wp-content\/uploads\/2021\/08\/b0431a21-622a-49c7-b790-66689ffdbe95-1-300x300.jpeg\" class=\"attachment-thumbnail size-thumbnail\" alt=\"b0431a21-622a-49c7-b790-66689ffdbe95\" aria-describedby=\"gallery-1-2926452\" srcset=\"https:\/\/agpnoticias.com\/news\/wp-content\/uploads\/2021\/08\/b0431a21-622a-49c7-b790-66689ffdbe95-1-300x300.jpeg 300w, https:\/\/agpnoticias.com\/news\/wp-content\/uploads\/2021\/08\/b0431a21-622a-49c7-b790-66689ffdbe95-1-400x400.jpeg 400w, https:\/\/agpnoticias.com\/news\/wp-content\/uploads\/2021\/08\/b0431a21-622a-49c7-b790-66689ffdbe95-1-80x80.jpeg 80w\" sizes=\"auto, (max-width: 300px) 100vw, 300px\" loading=\"lazy\" decoding=\"async\" \/><\/a>\n\t\t\t<\/div>\n\t\t\t\t<figcaption class='wp-caption-text gallery-caption' id='gallery-1-2926452'>\n\t\t\t\tDaniel Res\u00e9ndiz\/LA CR\u00d3NICA\n\t\t\t\t<\/figcaption><\/figure><figure class='gallery-item'>\n\t\t\t<div class='gallery-icon landscape'>\n\t\t\t\t<a href='https:\/\/agpnoticias.com\/news\/?attachment_id=2926453'><img loading=\"lazy\" width=\"300\" height=\"300\" src=\"https:\/\/agpnoticias.com\/news\/wp-content\/uploads\/2021\/08\/d8a91444-7a38-4ec7-a5e4-c8c8f4fe5fff-1-300x300.jpeg\" class=\"attachment-thumbnail size-thumbnail\" alt=\"d8a91444-7a38-4ec7-a5e4-c8c8f4fe5fff\" aria-describedby=\"gallery-1-2926453\" srcset=\"https:\/\/agpnoticias.com\/news\/wp-content\/uploads\/2021\/08\/d8a91444-7a38-4ec7-a5e4-c8c8f4fe5fff-1-300x300.jpeg 300w, https:\/\/agpnoticias.com\/news\/wp-content\/uploads\/2021\/08\/d8a91444-7a38-4ec7-a5e4-c8c8f4fe5fff-1-400x400.jpeg 400w, https:\/\/agpnoticias.com\/news\/wp-content\/uploads\/2021\/08\/d8a91444-7a38-4ec7-a5e4-c8c8f4fe5fff-1-80x80.jpeg 80w\" sizes=\"auto, (max-width: 300px) 100vw, 300px\" loading=\"lazy\" decoding=\"async\" \/><\/a>\n\t\t\t<\/div>\n\t\t\t\t<figcaption class='wp-caption-text gallery-caption' id='gallery-1-2926453'>\n\t\t\t\tDaniel Res\u00e9ndiz\/LA CR\u00d3NICA\n\t\t\t\t<\/figcaption><\/figure><figure class='gallery-item'>\n\t\t\t<div class='gallery-icon landscape'>\n\t\t\t\t<a href='https:\/\/agpnoticias.com\/news\/?attachment_id=2926454'><img loading=\"lazy\" width=\"300\" height=\"300\" src=\"https:\/\/agpnoticias.com\/news\/wp-content\/uploads\/2021\/08\/e9174652-1433-4509-b350-b9816babcb23-1-300x300.jpeg\" class=\"attachment-thumbnail size-thumbnail\" alt=\"e9174652-1433-4509-b350-b9816babcb23\" aria-describedby=\"gallery-1-2926454\" srcset=\"https:\/\/agpnoticias.com\/news\/wp-content\/uploads\/2021\/08\/e9174652-1433-4509-b350-b9816babcb23-1-300x300.jpeg 300w, https:\/\/agpnoticias.com\/news\/wp-content\/uploads\/2021\/08\/e9174652-1433-4509-b350-b9816babcb23-1-400x400.jpeg 400w, https:\/\/agpnoticias.com\/news\/wp-content\/uploads\/2021\/08\/e9174652-1433-4509-b350-b9816babcb23-1-80x80.jpeg 80w\" sizes=\"auto, (max-width: 300px) 100vw, 300px\" loading=\"lazy\" decoding=\"async\" \/><\/a>\n\t\t\t<\/div>\n\t\t\t\t<figcaption class='wp-caption-text gallery-caption' id='gallery-1-2926454'>\n\t\t\t\tDaniel Res\u00e9ndiz\/LA CR\u00d3NICA\n\t\t\t\t<\/figcaption><\/figure><figure class='gallery-item'>\n\t\t\t<div class='gallery-icon landscape'>\n\t\t\t\t<a href='https:\/\/agpnoticias.com\/news\/?attachment_id=2926455'><img loading=\"lazy\" width=\"300\" height=\"300\" src=\"https:\/\/agpnoticias.com\/news\/wp-content\/uploads\/2021\/08\/ebac9eb6-249d-4fd5-aaaf-58aa65dbaa44-1-300x300.jpeg\" class=\"attachment-thumbnail size-thumbnail\" alt=\"ebac9eb6-249d-4fd5-aaaf-58aa65dbaa44\" aria-describedby=\"gallery-1-2926455\" srcset=\"https:\/\/agpnoticias.com\/news\/wp-content\/uploads\/2021\/08\/ebac9eb6-249d-4fd5-aaaf-58aa65dbaa44-1-300x300.jpeg 300w, https:\/\/agpnoticias.com\/news\/wp-content\/uploads\/2021\/08\/ebac9eb6-249d-4fd5-aaaf-58aa65dbaa44-1-400x400.jpeg 400w, https:\/\/agpnoticias.com\/news\/wp-content\/uploads\/2021\/08\/ebac9eb6-249d-4fd5-aaaf-58aa65dbaa44-1-80x80.jpeg 80w\" sizes=\"auto, (max-width: 300px) 100vw, 300px\" loading=\"lazy\" decoding=\"async\" \/><\/a>\n\t\t\t<\/div>\n\t\t\t\t<figcaption class='wp-caption-text gallery-caption' id='gallery-1-2926455'>\n\t\t\t\tDaniel Res\u00e9ndiz\/LA CR\u00d3NICA\n\t\t\t\t<\/figcaption><\/figure><figure class='gallery-item'>\n\t\t\t<div class='gallery-icon landscape'>\n\t\t\t\t<a href='https:\/\/agpnoticias.com\/news\/?attachment_id=2926456'><img loading=\"lazy\" width=\"300\" height=\"300\" src=\"https:\/\/agpnoticias.com\/news\/wp-content\/uploads\/2021\/08\/f3d3dcc1-2aae-47d8-a044-4352c0ce8d26-1-300x300.jpeg\" class=\"attachment-thumbnail size-thumbnail\" alt=\"f3d3dcc1-2aae-47d8-a044-4352c0ce8d26\" aria-describedby=\"gallery-1-2926456\" srcset=\"https:\/\/agpnoticias.com\/news\/wp-content\/uploads\/2021\/08\/f3d3dcc1-2aae-47d8-a044-4352c0ce8d26-1-300x300.jpeg 300w, https:\/\/agpnoticias.com\/news\/wp-content\/uploads\/2021\/08\/f3d3dcc1-2aae-47d8-a044-4352c0ce8d26-1-400x400.jpeg 400w, https:\/\/agpnoticias.com\/news\/wp-content\/uploads\/2021\/08\/f3d3dcc1-2aae-47d8-a044-4352c0ce8d26-1-80x80.jpeg 80w\" sizes=\"auto, (max-width: 300px) 100vw, 300px\" loading=\"lazy\" decoding=\"async\" \/><\/a>\n\t\t\t<\/div>\n\t\t\t\t<figcaption class='wp-caption-text gallery-caption' id='gallery-1-2926456'>\n\t\t\t\tDaniel Res\u00e9ndiz\/LA CR\u00d3NICA\n\t\t\t\t<\/figcaption><\/figure>\n\t\t<\/div>\n\n<p>\u00a0<\/p>\n<p>Tokio 2020 era el objetivo y el 11 de junio por fin la Federaci\u00f3n Internacional de Levantamiento de Pesas, dio la lista oficial de los atletas que llegaron a Juegos Ol\u00edmpicos y el nombre de Aremi Fuentes era uno en -76 kilogramos, donde escribi\u00f3 la historia que hoy festejan los mexicano.<\/p>\n<p><b>-\u00bfQu\u00e9 se siente ser medallista ol\u00edmpica?<\/b><\/p>\n<p>\u201cMe siento muy contenta de haber logrado un sue\u00f1o, que no es de un a\u00f1o, es de a\u00f1os, de anhelos de poder sentir la sensaci\u00f3n de estar en los m\u00e1s alto, de haber logrado algo que todo deportista anhela, el sue\u00f1o desde que se inicia en el deporte, como me dijeron Damaris Aguirre y Luz Acosta, me toc\u00f3 vivir esto en el podium y pas\u00e9 algo que ellas no pudieron en su momento, la verdad que es halagador que tus compa\u00f1eras, que igual tienen medalla ol\u00edmpica, te escriban esos mensajes de apoyo, es una motivaci\u00f3n para m\u00ed\u201d.<\/p>\n<p><b>-\u00bfC\u00f3mo viviste el momento de ver la Bandera mexicana durante la premiaci\u00f3n?<\/b><\/p>\n<p>\u201cLa verdad emocionante, llor\u00e9, se me sal\u00edan las l\u00e1grimas, no lo pod\u00eda creer, la verdad nunca perd\u00ed la fe en m\u00ed y la creencia en la experiencia que he tenido, creo que a mi fue lo m\u00e1s me ayud\u00f3 en ese momento, creo que tuve una preparaci\u00f3n, lamentablemente no muy buena, por muchas cosas que no tiene caso comentar ahora, pero tuve muchas lesiones, estuve parando mucho los entrenamientos y esto me sabe como a oro\u201d.<\/p>\n<p><b>-\u00bfQu\u00e9 dices respecto a tu objetivo de la medalla, la \u00fanica que faltaba en tus vitrinas?<\/b><\/p>\n<p>\u201cEs la \u00fanica medalla que me faltaba, ya gracias soy medallista ol\u00edmpica, estoy muy contenta, creanme que me siento muy halagada, muy motivada, muy contenta por portar las colores de mi Pa\u00eds, como siempre lo he dicho, es un honor para mi, siempre llevar la Bandera a lo m\u00e1s alto, dar lo mejor de mi, la verdad que estoy muy contenta y agradecida con todo mi equipo de trabajo porque no ha sido f\u00e1cil seguir muy lejos, ojal\u00e1 mi entrenador ya pueda viajar, (estoy) agradecida con \u00e9l, como todo atleta-entrenador hay momentos de estr\u00e9s, no tenemos que aguantar uno al otro por la presi\u00f3n que hay\u201d.<\/p>\n<p><b>-\u00bfHay Aremi para el proceso Paris 2024?<\/b><\/p>\n<p>\u201cEste proceso rumbo a Par\u00eds va ser un proceso muy corto, de tres a\u00f1os, voy a tomarme unos d\u00edas para asimilar esto, contenta de disfrutarlo y va ser un descanso muy bueno y a prepararse para Par\u00eds; conf\u00edo que en esa justa deportiva voy a tratar de llegar en la mejor forma deportiva, siempre he dicho que se puede, que se vale so\u00f1ar alto con mucha fe, dedicaci\u00f3n y determinaci\u00f3n y se pueden lograr grandes cosas y as\u00ed me estoy manteniendo ahorita, con ese pensamiento positivo\u201d.<\/p>\n<p>Luego de ese 1 de agosto, el d\u00eda hist\u00f3rico en la carrera deportiva de Aremi Fuentes, el \u201cOrgullo Cachanilla\u201d est\u00e1 feliz de esta feliz de regresar a M\u00e9xico y, de nuevo, a su casa en Mexicali, Baja California.<\/p>\n<p><em>Informaci\u00f3n: INDE.<\/em><\/p>\n","protected":false},"excerpt":{"rendered":"","protected":false},"author":1,"featured_media":2926422,"comment_status":"open","ping_status":"closed","sticky":false,"template":"","format":"standard","meta":{"footnotes":""},"categories":[699],"tags":[595],"class_list":["post-2926421","post","type-post","status-publish","format-standard","has-post-thumbnail","hentry","category-halterofilia","tag-destacado"],"_links":{"self":[{"href":"https:\/\/agpnoticias.com\/news\/index.php?rest_route=\/wp\/v2\/posts\/2926421","targetHints":{"allow":["GET"]}}],"collection":[{"href":"https:\/\/agpnoticias.com\/news\/index.php?rest_route=\/wp\/v2\/posts"}],"about":[{"href":"https:\/\/agpnoticias.com\/news\/index.php?rest_route=\/wp\/v2\/types\/post"}],"author":[{"embeddable":true,"href":"https:\/\/agpnoticias.com\/news\/index.php?rest_route=\/wp\/v2\/users\/1"}],"replies":[{"embeddable":true,"href":"https:\/\/agpnoticias.com\/news\/index.php?rest_route=%2Fwp%2Fv2%2Fcomments&post=2926421"}],"version-history":[{"count":3,"href":"https:\/\/agpnoticias.com\/news\/index.php?rest_route=\/wp\/v2\/posts\/2926421\/revisions"}],"predecessor-version":[{"id":2926457,"href":"https:\/\/agpnoticias.com\/news\/index.php?rest_route=\/wp\/v2\/posts\/2926421\/revisions\/2926457"}],"wp:featuredmedia":[{"embeddable":true,"href":"https:\/\/agpnoticias.com\/news\/index.php?rest_route=\/wp\/v2\/media\/2926422"}],"wp:attachment":[{"href":"https:\/\/agpnoticias.com\/news\/index.php?rest_route=%2Fwp%2Fv2%2Fmedia&parent=2926421"}],"wp:term":[{"taxonomy":"category","embeddable":true,"href":"https:\/\/agpnoticias.com\/news\/index.php?rest_route=%2Fwp%2Fv2%2Fcategories&post=2926421"},{"taxonomy":"post_tag","embeddable":true,"href":"https:\/\/agpnoticias.com\/news\/index.php?rest_route=%2Fwp%2Fv2%2Ftags&post=2926421"}],"curies":[{"name":"wp","href":"https:\/\/api.w.org\/{rel}","templated":true}]}}