{"id":2926639,"date":"2021-08-07T07:56:36","date_gmt":"2021-08-07T14:56:36","guid":{"rendered":"https:\/\/agpnoticias.com\/news\/?p=2926639"},"modified":"2021-08-07T07:56:38","modified_gmt":"2021-08-07T14:56:38","slug":"mexico-en-tokio-2020-las-y-los-deportistas-que-faltan-por-competir-en-juegos-olimpicos","status":"publish","type":"post","link":"https:\/\/agpnoticias.com\/news\/?p=2926639","title":{"rendered":"M\u00e9xico en Tokio 2020: Las y los deportistas que faltan por competir en Juegos Ol\u00edmpicos"},"content":{"rendered":"\n<p>A un par de d\u00edas para que terminen los\u00a0<strong>Juegos Ol\u00edmpicos de Tokio 2020,\u00a0<\/strong>M\u00e9xico en el medallero apenas suma cuatro medallas de bronce. Sin embargo, todav\u00eda faltan varias y varios deportistas aztecas por competir, y en algunas de esas pruebas hay esperanza de podio.<\/p>\n<p><span class=\"storyimage fullwidth inlineimage\" data-aop=\"image\"><span class=\"image\" data-attrib=\"Foto Futbol Total: Un juego aut\u00e9ntico lleno de nobleza y emoci\u00f3n.\" data-caption=\"M\u00e9xico en Tokio 2020: Las y los deportistas que faltan por competir en Juegos Ol\u00edmpicos\" data-id=\"111\" data-m=\"{&quot;i&quot;:111,&quot;p&quot;:110,&quot;n&quot;:&quot;openModal&quot;,&quot;t&quot;:&quot;articleImages&quot;,&quot;o&quot;:1}\"><img decoding=\"async\" class=\"loaded\" src=\"https:\/\/img-s-msn-com.akamaized.net\/tenant\/amp\/entityid\/AAMNQj9.img?h=450&amp;w=799&amp;m=6&amp;q=60&amp;o=f&amp;l=f&amp;x=695&amp;y=113\" alt=\"M\u00e9xico en Tokio 2020: Las y los deportistas que faltan por competir en Juegos Ol\u00edmpicos\" data-src=\"{&quot;default&quot;:{&quot;load&quot;:&quot;default&quot;,&quot;w&quot;:&quot;80&quot;,&quot;h&quot;:&quot;45&quot;,&quot;src&quot;:&quot;\/\/img-s-msn-com.akamaized.net\/tenant\/amp\/entityid\/AAMNQj9.img?h=450&amp;w=799&amp;m=6&amp;q=60&amp;o=f&amp;l=f&amp;x=695&amp;y=113&quot;},&quot;size3column&quot;:{&quot;load&quot;:&quot;default&quot;,&quot;w&quot;:&quot;62&quot;,&quot;h&quot;:&quot;35&quot;,&quot;src&quot;:&quot;\/\/img-s-msn-com.akamaized.net\/tenant\/amp\/entityid\/AAMNQj9.img?h=351&amp;w=624&amp;m=6&amp;q=60&amp;o=f&amp;l=f&amp;x=695&amp;y=113&quot;},&quot;size2column&quot;:{&quot;load&quot;:&quot;default&quot;,&quot;w&quot;:&quot;62&quot;,&quot;h&quot;:&quot;35&quot;,&quot;src&quot;:&quot;\/\/img-s-msn-com.akamaized.net\/tenant\/amp\/entityid\/AAMNQj9.img?h=351&amp;w=624&amp;m=6&amp;q=60&amp;o=f&amp;l=f&amp;x=695&amp;y=113&quot;}}\" \/><\/span><\/span><\/p>\n<p>A continuaci\u00f3n, la lista completa de las y los deportistas que faltan por competir.<\/p>\n<h3>Atletismo<\/h3>\n<p>Los eventos de atletismo finalizar\u00e1n con el mataron en la rama femenil y varonil, donde habr\u00e1 presencia de seis atletas mexicanos.<\/p>\n<ol>\n<li><strong>Andrea Ram\u00edrez \u2013\u00a0<\/strong>marat\u00f3n femenil \u2013\u00a0 No termin\u00f3.<\/li>\n<li><strong>\u00darsula S\u00e1nchez\u00a0<\/strong>\u2013 marat\u00f3n femenil \u2013 Lugar 64.<\/li>\n<li><strong>Daniela Torres\u00a0<\/strong>\u2013 marat\u00f3n femenil \u2013 Lugar 65.<\/li>\n<li><strong>Juan Joel Pacheco \u2013<\/strong>\u00a0marat\u00f3n varonil<\/li>\n<li><strong>Jos\u00e9 Luis Santana\u00a0<\/strong>\u2013 marat\u00f3n varonil<\/li>\n<li><strong>Jes\u00fas Esparza \u2013\u00a0<\/strong>marat\u00f3n varonil<\/li>\n<\/ol>\n<div>\n<p data-embed-type=\"content-auto\" data-embed-source=\"content-vector\" data-embed-id=\"cms\/api\/amp\/video\/AAMXBrn\">\u00a0<\/p>\n<div id=\"video_player_d9602fe6-474c-40e1-88fc-44d6f8865d45\" class=\"wcvideoplayer vxplayer animate Dailymotion_player playerloaded\" tabindex=\"0\" aria-label=\"Video 'La Afici\u00f3n, 04 de agosto de 2021' \" data-adpagegroups=\"{&quot;web&quot;:&quot;mxvspo&quot;,&quot;mobileweb&quot;:&quot;mxmspo&quot;,&quot;tvweb&quot;:&quot;&quot;}\" data-config=\"{&quot;AutoPlay&quot;: true,&quot;FlashSource&quot;: &quot;\/\/static-entertainment-wus-s-msn-com.akamaized.net\/es-mx\/deportes\/_h\/b00c897a\/webcore\/flash\/player.swf&quot;,&quot;HomePageLink&quot;: &quot;\/\/www.msn.com\/es-mx&quot;,&quot;HybridPlayerSource&quot;: &quot;\/\/static-entertainment-wus-s-msn-com.akamaized.net\/es-mx\/deportes\/_h\/561caba8\/webcore\/flash\/hybridplayer_2.swf&quot;,&quot;IsImmersivePlayer&quot;: true,&quot;Is3PP&quot;: true,&quot;InPlayerPageContext&quot;: false,&quot;IsInlinePlayer&quot;: true,&quot;InViewPlay&quot;: false,&quot;InViewWidthFraction&quot;: 0.5,&quot;InViewHeightFraction&quot;: 0.5,&quot;LeadWith&quot;: &quot;html5&quot;,&quot;Mute&quot;: true,&quot;SwfCacheRefreshTime&quot;: 86400,&quot;ShowTitle&quot;: true,&quot;UseHybridPlayer&quot;: false,&quot;AdConfig&quot;:{&quot;AdManagerRequestTimeout&quot;: 25,&quot;FWFlashProfile&quot;: &quot;188286:MSN_AS3_Live&quot;,&quot;FWHtml5Profile&quot;: &quot;188286:MSN_HTML5_Live&quot;,&quot;FWNetworkId&quot;: 188286,&quot;FWServer&quot;: &quot;https:\/\/2df7e.v.fwmrm.net&quot;,&quot;HybridPlayerAdInitTimeout&quot;: 30,&quot;HybridPlayerAdStartTimeout&quot;: 30,&quot;UseTargetingService&quot;: &quot;none&quot;},&quot;EndSlateConfig&quot;:{&quot;EndslateContinuousPlayEnabled&quot;: true},&quot;ReportingConfig&quot;:{&quot;Category&quot;: &quot;olympics&quot;,&quot;ComscoreUrl&quot;: &quot;https:\/\/sb.scorecardresearch.com\/b?&quot;,&quot;DomainId&quot;: 2510,&quot;Fr&quot;: &quot;es-mx_sports&quot;,&quot;ImpressionGuid&quot;: &quot;034df65556944b178f64122087239ae7&quot;,&quot;Market&quot;: &quot;es-mx&quot;,&quot;OtfUrl&quot;: &quot;\/\/otf.msn.com\/c.gif?&quot;,&quot;SubCategory&quot;: &quot;no-sc&quot;,&quot;Subcvs&quot;: &quot;sports&quot;}}\" data-metadata=\"{&quot;adNetworkId&quot;:&quot;187827&quot;,&quot;csId&quot;:&quot;BBhFXKH&quot;,&quot;csIdBase32&quot;:&quot;B6FCZ7DFD&quot;,&quot;description&quot;:&quot;Gabriela Ag\u00fandez y Alejandra Orozco, a la final de plataforma de 10 metros femenil. Rommel Pacheco so\u00f1aba con retirarse con una medalla ol\u00edmpica. Daniela Gaxiola avanza en keirin de ciclismo; Yuli Verdugo, eliminada.&quot;,&quot;durationSecs&quot;:775,&quot;feedId&quot;:&quot;BBVGDFe&quot;,&quot;pageGroup&quot;:&quot;&quot;,&quot;providerId&quot;:&quot;x836eby&quot;,&quot;shareUrl&quot;:&quot;https:\/\/www.dailymotion.com\/embed\/video\/x836eby&quot;,&quot;sourceFriendly&quot;:&quot;Dailymotion&quot;,&quot;sourceLogo&quot;:&quot;https:\/\/img-s-msn-com.akamaized.net\/tenant\/amp\/entityid\/AALo3og.img&quot;,&quot;title&quot;:&quot;La Afici\u00f3n, 04 de agosto de 2021&quot;,&quot;uuid&quot;:&quot;AAMXBrn&quot;,&quot;uuidBase32&quot;:&quot;B4PYQGWG5&quot;,&quot;playerName&quot;:&quot;Dailymotion&quot;,&quot;videoFiles&quot;:[],&quot;tags&quot;:[{&quot;ns&quot;:&quot;jobEnvironment&quot;,&quot;value&quot;:&quot;System.Collections.Generic.List&#96;1[System.String]&quot;},{&quot;ns&quot;:&quot;jobInstanceName&quot;,&quot;value&quot;:&quot;System.Collections.Generic.List&#96;1[System.String]&quot;},{&quot;ns&quot;:&quot;feedUrl&quot;,&quot;value&quot;:&quot;https:\/\/api.dailymotion.com\/user\/milenio\/videos&amp;fields=id,title,description,embed_url,created_time,modified_time,thumbnail_url,owner.username,duration&amp;limit=10&quot;},{&quot;ns&quot;:&quot;displayAds&quot;,&quot;value&quot;:&quot;System.Collections.Generic.List&#96;1[System.String]&quot;},{&quot;ns&quot;:&quot;isLocalContent&quot;,&quot;value&quot;:&quot;System.Collections.Generic.List&#96;1[System.String]&quot;},{&quot;ns&quot;:&quot;feedSourcesArchivePath&quot;,&quot;value&quot;:&quot;System.Collections.Generic.List&#96;1[System.String]&quot;},{&quot;ns&quot;:&quot;deduplicationId&quot;,&quot;value&quot;:&quot;System.Collections.Generic.List&#96;1[System.String]&quot;},{&quot;ns&quot;:&quot;ingestion-tracking&quot;,&quot;value&quot;:&quot;System.Collections.Generic.List&#96;1[System.String]&quot;},{&quot;ns&quot;:&quot;displayPublishedDateTimeIssue&quot;,&quot;value&quot;:&quot;System.Collections.Generic.List&#96;1[System.String]&quot;},{&quot;ns&quot;:&quot;externalPlayerName&quot;,&quot;value&quot;:&quot;Dailymotion&quot;}],&quot;thumbnail&quot;:{&quot;url&quot;:&quot;https:\/\/img-s-msn-com.akamaized.net\/tenant\/amp\/entityid\/AAMXZIm.img&quot;},&quot;headlineImage&quot;:{&quot;url&quot;:&quot;https:\/\/img-s-msn-com.akamaized.net\/tenant\/amp\/entityid\/AAMXZIm.img&quot;}}\" data-id=\"112\" data-m=\"{&quot;i&quot;:112,&quot;p&quot;:110,&quot;n&quot;:&quot;inline-player&quot;,&quot;y&quot;:8,&quot;o&quot;:2}\" data-playertype=\"Html5\">\n<div class=\"external\">\n<div class=\"providerDetails\">\u00a0<\/div>\n<\/div>\n<\/div>\n<\/div>\n<h3>Clavados<\/h3>\n<p>El debutante Andr\u00e9s Villarreal, de 24 a\u00f1os, clasific\u00f3 a semifinales en el lugar nueve de la ronda preliminar. La antesala de la final tuvo lugar el viernes 6 de agosto a las 20:00 horas (tiempo del centro de M\u00e9xico). Luego de avanzar a la final, la participaci\u00f3n del mexicano fue la madrugada del s\u00e1bado 7 de agosto. 1:00 A.M (tiempo del centro de M\u00e9xico).<\/p>\n<p>Villarreal concluy\u00f3 en el doceavo lugar y con este resultado, finaliz\u00f3 la actividad de los mexicanos en clavados, que se despiden de Tokio 2020 con la medalla de bronce en la plataforma de 10 metros sincronizado con Alejandra Orozco y Gabriela Ag\u00fandez.<\/p>\n<ol>\n<li><strong>Andr\u00e9s Villarreal \u2013 Doceavo lugar en Plataforma 10m individual varonil<\/strong><\/li>\n<\/ol>\n<h3>Pentatl\u00f3n Moderno<\/h3>\n<ol>\n<li>Mariana Arceo \u2013 Individual femenil \u2013 Lugar 16<\/li>\n<li>Carmen Mayan Oliver \u2013 Individual femenil \u2013 Lugar 15<\/li>\n<li>\u00c1lvaro Sandoval \u2013 Individual varonil<\/li>\n<li>Duilio Carrilo \u2013 Individual varonil<\/li>\n<\/ol>\n<h3><strong>Golf<\/strong><\/h3>\n<p>Mar\u00eda Fassi y Gaby L\u00f3pez terminaron su participaci\u00f3n en Tokio 2020 tras\u00a0 la cuarta y \u00faltima ronda del golf.<\/p>\n<ol>\n<li><strong>Mar\u00eda Fassi \u2013\u00a0<\/strong>Finaliz\u00f3 en el lugar 22<\/li>\n<li><strong>Gaby L\u00f3pez \u2013<\/strong>\u00a0Finaliz\u00f3 en el lugar 34.<\/li>\n<\/ol>\n","protected":false},"excerpt":{"rendered":"","protected":false},"author":1,"featured_media":2926640,"comment_status":"open","ping_status":"closed","sticky":false,"template":"","format":"standard","meta":{"footnotes":""},"categories":[1060],"tags":[595],"class_list":["post-2926639","post","type-post","status-publish","format-standard","has-post-thumbnail","hentry","category-juegos-olimpicos","tag-destacado"],"_links":{"self":[{"href":"https:\/\/agpnoticias.com\/news\/index.php?rest_route=\/wp\/v2\/posts\/2926639","targetHints":{"allow":["GET"]}}],"collection":[{"href":"https:\/\/agpnoticias.com\/news\/index.php?rest_route=\/wp\/v2\/posts"}],"about":[{"href":"https:\/\/agpnoticias.com\/news\/index.php?rest_route=\/wp\/v2\/types\/post"}],"author":[{"embeddable":true,"href":"https:\/\/agpnoticias.com\/news\/index.php?rest_route=\/wp\/v2\/users\/1"}],"replies":[{"embeddable":true,"href":"https:\/\/agpnoticias.com\/news\/index.php?rest_route=%2Fwp%2Fv2%2Fcomments&post=2926639"}],"version-history":[{"count":1,"href":"https:\/\/agpnoticias.com\/news\/index.php?rest_route=\/wp\/v2\/posts\/2926639\/revisions"}],"predecessor-version":[{"id":2926641,"href":"https:\/\/agpnoticias.com\/news\/index.php?rest_route=\/wp\/v2\/posts\/2926639\/revisions\/2926641"}],"wp:featuredmedia":[{"embeddable":true,"href":"https:\/\/agpnoticias.com\/news\/index.php?rest_route=\/wp\/v2\/media\/2926640"}],"wp:attachment":[{"href":"https:\/\/agpnoticias.com\/news\/index.php?rest_route=%2Fwp%2Fv2%2Fmedia&parent=2926639"}],"wp:term":[{"taxonomy":"category","embeddable":true,"href":"https:\/\/agpnoticias.com\/news\/index.php?rest_route=%2Fwp%2Fv2%2Fcategories&post=2926639"},{"taxonomy":"post_tag","embeddable":true,"href":"https:\/\/agpnoticias.com\/news\/index.php?rest_route=%2Fwp%2Fv2%2Ftags&post=2926639"}],"curies":[{"name":"wp","href":"https:\/\/api.w.org\/{rel}","templated":true}]}}