{"id":2926936,"date":"2021-08-17T22:06:59","date_gmt":"2021-08-18T05:06:59","guid":{"rendered":"https:\/\/agpnoticias.com\/news\/?p=2926936"},"modified":"2021-08-17T22:07:02","modified_gmt":"2021-08-18T05:07:02","slug":"amlo-crea-medalla-para-atletas-que-obtuvieron-cuartos-lugares-en-tokio-2020","status":"publish","type":"post","link":"https:\/\/agpnoticias.com\/news\/?p=2926936","title":{"rendered":"AMLO \u2018crea\u2019 medalla para atletas que obtuvieron cuartos lugares en Tokio 2020"},"content":{"rendered":"\n<p class=\"body-paragraph \">Los atletas que quedaron en cuarto lugar durante los<b>\u00a0Juegos Ol\u00edmpicos de Tokio 2020<\/b>\u00a0recibir\u00e1n una medalla por parte del Gobierno de M\u00e9xico, dijo este martes el presidente\u00a0<b>Andr\u00e9s Manuel L\u00f3pez Obrador.<\/b><\/p>\n<p class=\"body-paragraph \">\u201cVamos a dar un reconocimiento a quienes obtuvieron medallas y tambi\u00e9n a varios que quedaron en cuarto lugar porque\u00a0<b>vamos a establecer una medalla m\u00e1s<\/b>. Fue m\u00ednimo el que no llegaran al p\u00f3dium\u201d, se\u00f1al\u00f3 durante la ceremonia de\u00a0<b>abanderamiento de la delegaci\u00f3n mexicana para la d\u00e9cimo sexta edici\u00f3n de los Juegos Paral\u00edmpicos.<\/b><\/p>\n<p>\u00a0<\/p>\n<h5>AMLO encabeza abanderamiento de delegaci\u00f3n mexicana paral\u00edmpica<\/h5>\n<p class=\"body-paragraph \">L\u00f3pez Obrador expres\u00f3 su apoyo a los deportistas paral\u00edmpicos que viajar\u00e1n a Tokio y enfatiz\u00f3 que son un ejemplo a seguir para el pueblo de M\u00e9xico.<\/p>\n<p class=\"body-paragraph \">Asimismo, apunt\u00f3 que cuando regresen van a tener un reconocimiento.<\/p>\n<article class=\"container-fluid inline-promo-amp border border_solid border_top color_black_1\">\n<div class=\"inline-promo-wrapper inline-promo-image\">\n<p class=\"vertical\"><span style=\"font-family: 'PT Serif', sans-serif; font-size: 1.1rem;\">En esta ocasi\u00f3n, en total ser\u00e1n 60 deportistas, 31 hombres y 29 mujeres, que representar\u00e1n al pa\u00eds en la justa deportiva.<\/span><\/p>\n<\/div>\n<\/article>\n<p class=\"body-paragraph \">Al d\u00eda de hoy, la naci\u00f3n cuenta con 289 preseas en la historia de este evento, por lo que los atletas que competir\u00e1n en Asia tienen la meta de lograr las 300 preseas.<\/p>\n<p class=\"body-paragraph \">En tanto, M\u00e9xico tendr\u00e1 su debut en parataekwondo con tres atletas y por primera ocasi\u00f3n participar\u00e1 un connacional en la disciplina de remo.<\/p>\n","protected":false},"excerpt":{"rendered":"","protected":false},"author":1,"featured_media":2926937,"comment_status":"open","ping_status":"closed","sticky":false,"template":"","format":"standard","meta":{"footnotes":""},"categories":[7],"tags":[595],"class_list":["post-2926936","post","type-post","status-publish","format-standard","has-post-thumbnail","hentry","category-deportes","tag-destacado"],"_links":{"self":[{"href":"https:\/\/agpnoticias.com\/news\/index.php?rest_route=\/wp\/v2\/posts\/2926936","targetHints":{"allow":["GET"]}}],"collection":[{"href":"https:\/\/agpnoticias.com\/news\/index.php?rest_route=\/wp\/v2\/posts"}],"about":[{"href":"https:\/\/agpnoticias.com\/news\/index.php?rest_route=\/wp\/v2\/types\/post"}],"author":[{"embeddable":true,"href":"https:\/\/agpnoticias.com\/news\/index.php?rest_route=\/wp\/v2\/users\/1"}],"replies":[{"embeddable":true,"href":"https:\/\/agpnoticias.com\/news\/index.php?rest_route=%2Fwp%2Fv2%2Fcomments&post=2926936"}],"version-history":[{"count":1,"href":"https:\/\/agpnoticias.com\/news\/index.php?rest_route=\/wp\/v2\/posts\/2926936\/revisions"}],"predecessor-version":[{"id":2926938,"href":"https:\/\/agpnoticias.com\/news\/index.php?rest_route=\/wp\/v2\/posts\/2926936\/revisions\/2926938"}],"wp:featuredmedia":[{"embeddable":true,"href":"https:\/\/agpnoticias.com\/news\/index.php?rest_route=\/wp\/v2\/media\/2926937"}],"wp:attachment":[{"href":"https:\/\/agpnoticias.com\/news\/index.php?rest_route=%2Fwp%2Fv2%2Fmedia&parent=2926936"}],"wp:term":[{"taxonomy":"category","embeddable":true,"href":"https:\/\/agpnoticias.com\/news\/index.php?rest_route=%2Fwp%2Fv2%2Fcategories&post=2926936"},{"taxonomy":"post_tag","embeddable":true,"href":"https:\/\/agpnoticias.com\/news\/index.php?rest_route=%2Fwp%2Fv2%2Ftags&post=2926936"}],"curies":[{"name":"wp","href":"https:\/\/api.w.org\/{rel}","templated":true}]}}