{"id":2926945,"date":"2021-08-18T09:33:03","date_gmt":"2021-08-18T16:33:03","guid":{"rendered":"https:\/\/agpnoticias.com\/news\/?p=2926945"},"modified":"2021-08-18T09:33:06","modified_gmt":"2021-08-18T16:33:06","slug":"chucky-lozano-podria-volver-a-las-canchas-antes-de-lo-esperado","status":"publish","type":"post","link":"https:\/\/agpnoticias.com\/news\/?p=2926945","title":{"rendered":"&#8216;Chucky&#8217; Lozano podr\u00eda volver a las canchas antes de lo esperado"},"content":{"rendered":"\n<p>Hirving Lozano\u00a0podr\u00eda estar de regreso a las canchas antes de lo estimado.<\/p>\n<p>El \u2018Chucky\u2019 desde ayer ha realizado todo el entrenamiento a la par de sus compa\u00f1eros por lo que\u00a0<strong>el mexicano podr\u00eda ser la sorpresa en la convocatoria de Luciano Spalletti para la jornada inaugural de la Serie A ante Venezia el pr\u00f3ximo domingo.<\/strong><\/p>\n<aside class=\"inline inline-photo full\">\n<figure><picture><source srcset=\"https:\/\/a1.espncdn.com\/combiner\/i?img=%2Fphoto%2F2021%2F0818%2Fr897378_1296x729_16%2D9.jpg&amp;w=570&amp;format=jpg, https:\/\/a1.espncdn.com\/combiner\/i?img=%2Fphoto%2F2021%2F0818%2Fr897378_1296x729_16%2D9.jpg&amp;w=1140&amp;cquality=40&amp;format=jpg 2x\" media=\"(min-width: 376px)\" data-srcset=\"https:\/\/a1.espncdn.com\/combiner\/i?img=%2Fphoto%2F2021%2F0818%2Fr897378_1296x729_16%2D9.jpg&amp;w=570&amp;format=jpg, https:\/\/a1.espncdn.com\/combiner\/i?img=%2Fphoto%2F2021%2F0818%2Fr897378_1296x729_16%2D9.jpg&amp;w=1140&amp;cquality=40&amp;format=jpg 2x\" \/><source srcset=\"https:\/\/a1.espncdn.com\/combiner\/i?img=%2Fphoto%2F2021%2F0818%2Fr897378_1296x729_16%2D9.jpg&amp;w=375, https:\/\/a1.espncdn.com\/combiner\/i?img=%2Fphoto%2F2021%2F0818%2Fr897378_1296x729_16%2D9.jpg&amp;w=750&amp;cquality=40&amp;format=jpg 2x\" media=\"(max-width: 375px)\" data-srcset=\"https:\/\/a1.espncdn.com\/combiner\/i?img=%2Fphoto%2F2021%2F0818%2Fr897378_1296x729_16%2D9.jpg&amp;w=375, https:\/\/a1.espncdn.com\/combiner\/i?img=%2Fphoto%2F2021%2F0818%2Fr897378_1296x729_16%2D9.jpg&amp;w=750&amp;cquality=40&amp;format=jpg 2x\" \/><img fetchpriority=\"high\" class=\" imageLoaded lazyloaded\" width=\"570\" height=\"320\" data-image-container=\".inline-photo\" \/><\/picture>\n<figcaption class=\"photoCaption\"><\/figcaption>\n<\/figure>\n<\/aside>\n<p>De acuerdo a informaci\u00f3n publicada por el\u00a0<em>Il Mattino<\/em>,<strong>\u00a0\u2018Chucky\u2019 Lozano fue la sorpresa del entrenamiento del martes pues se integr\u00f3 por completo al trabajo del primer equipo del\u00a0Napoli,<\/strong>\u00a0luego de que paso d\u00edas con trabajos especiales tras el choque que sufri\u00f3 en el partido contra Trinidad y Tobago en el debut de la Copa Oro.<\/p>\n<p>La prensa italiana inform\u00f3 que el futbolista mexicano se someti\u00f3 a una nueva revisi\u00f3n m\u00e9dica el pasado 10 de agosto, d\u00eda en el que report\u00f3 Lozano.\u00a0<\/p>\n<p>Al \u2018Chucky\u2019 se le aplic\u00f3 una resonancia magn\u00e9tica y se descart\u00f3 cualquier problema en la estructura craneal y cerebral, por lo que recibi\u00f3 permiso de integrarse a los entrenamientos.<\/p>\n<aside class=\"inline float-r inline-track\">\n<p><span style=\"font-size: 1.1rem;\">En un inicio se estim\u00f3 que Lozano regresar\u00eda a las canchas hasta septiembre, despu\u00e9s de la fecha FIFA. Sin embargo, la evoluci\u00f3n del \u2018Chucky\u2019 ha sido m\u00e1s r\u00e1pida de lo que se esperaba, por lo que tendr\u00eda oportunidad de formar parte de la convocatoria del Napoli para este fin de semana, si es que Luciano Spalletti lo requiere.<\/span><\/p>\n<\/aside>\n<div class=\"contentItem__content contentItem__content--media-card contentItem__content--fullWidth contentItem__content--inline\" data-behavior=\"video_scroll\">\n<div class=\"contentItem__contentWrapper\">\n<h1 class=\"contentItem__title contentItem__title--media\">Lozano molesto por empuj\u00f3n a su hija en el aeropuerto de la CDMX<\/h1>\n<p class=\"contentItem__subhead\">El futbolista de 26 a\u00f1os pas\u00f3 entre empujones y se molest\u00f3 pues ante tanta gente que esperaba a la Selecci\u00f3n Mexicana que gan\u00f3 medalla de bronce en Tokio, su hija recibi\u00f3 un empuj\u00f3n, ante lo que reclam\u00f3 que lo dejaran pasar y que tuvieran cuidado con su familia.<\/p>\n<\/div>\n<\/div>\n<p>En el reporte del Napoli del 17 de agosto, se informa que el mexicano particip\u00f3 todo el entrenamiento al par del resto del grupo; mientras que para este 18 de agosto, solo hubo informaci\u00f3n sobre la reintegraci\u00f3n de\u00a0Lorenzo Insigne, tras superar molestias en la rodilla, adem\u00e1s de que se se\u00f1ala que\u00a0Dries Mertens\u00a0y\u00a0Faouzi Ghoulam\u00a0fueron los \u00fanicos que realizaron trabajos especiales.<\/p>\n<p>Napoli debutar\u00e1 en la temporada de la Serie A el pr\u00f3ximo domingo ante el Venezia en la cancha del Diego Armando Maradona.<\/p>\n","protected":false},"excerpt":{"rendered":"","protected":false},"author":1,"featured_media":2926946,"comment_status":"open","ping_status":"closed","sticky":false,"template":"","format":"standard","meta":{"footnotes":""},"categories":[32],"tags":[595],"class_list":["post-2926945","post","type-post","status-publish","format-standard","has-post-thumbnail","hentry","category-soccer","tag-destacado"],"_links":{"self":[{"href":"https:\/\/agpnoticias.com\/news\/index.php?rest_route=\/wp\/v2\/posts\/2926945","targetHints":{"allow":["GET"]}}],"collection":[{"href":"https:\/\/agpnoticias.com\/news\/index.php?rest_route=\/wp\/v2\/posts"}],"about":[{"href":"https:\/\/agpnoticias.com\/news\/index.php?rest_route=\/wp\/v2\/types\/post"}],"author":[{"embeddable":true,"href":"https:\/\/agpnoticias.com\/news\/index.php?rest_route=\/wp\/v2\/users\/1"}],"replies":[{"embeddable":true,"href":"https:\/\/agpnoticias.com\/news\/index.php?rest_route=%2Fwp%2Fv2%2Fcomments&post=2926945"}],"version-history":[{"count":1,"href":"https:\/\/agpnoticias.com\/news\/index.php?rest_route=\/wp\/v2\/posts\/2926945\/revisions"}],"predecessor-version":[{"id":2926947,"href":"https:\/\/agpnoticias.com\/news\/index.php?rest_route=\/wp\/v2\/posts\/2926945\/revisions\/2926947"}],"wp:featuredmedia":[{"embeddable":true,"href":"https:\/\/agpnoticias.com\/news\/index.php?rest_route=\/wp\/v2\/media\/2926946"}],"wp:attachment":[{"href":"https:\/\/agpnoticias.com\/news\/index.php?rest_route=%2Fwp%2Fv2%2Fmedia&parent=2926945"}],"wp:term":[{"taxonomy":"category","embeddable":true,"href":"https:\/\/agpnoticias.com\/news\/index.php?rest_route=%2Fwp%2Fv2%2Fcategories&post=2926945"},{"taxonomy":"post_tag","embeddable":true,"href":"https:\/\/agpnoticias.com\/news\/index.php?rest_route=%2Fwp%2Fv2%2Ftags&post=2926945"}],"curies":[{"name":"wp","href":"https:\/\/api.w.org\/{rel}","templated":true}]}}