{"id":2927386,"date":"2021-09-03T10:23:55","date_gmt":"2021-09-03T17:23:55","guid":{"rendered":"https:\/\/agpnoticias.com\/news\/?p=2927386"},"modified":"2021-09-03T10:23:58","modified_gmt":"2021-09-03T17:23:58","slug":"la-foto-de-pele-que-vale-casi-un-millon-de-pesos","status":"publish","type":"post","link":"https:\/\/agpnoticias.com\/news\/?p=2927386","title":{"rendered":"La foto de Pel\u00e9 que vale \u00a1casi un mill\u00f3n de pesos!"},"content":{"rendered":"\n<p>Pel\u00e9\u00a0es un jugador hist\u00f3rico en el<strong>\u00a0futbol mundial<\/strong>, reconocido por muchos como el mejor futbolista de todos los tiempos y sus art\u00edculos son de gran valor para los<strong>\u00a0coleccionistas<\/strong>, desde playeras desde su etapa como profesional con\u00a0<strong>Santos<\/strong>\u00a0y la\u00a0<strong>Selecci\u00f3n de Brasil<\/strong>.<\/p>\n<p>Ahora sali\u00f3 a la venta en<a tabindex=\"0\" title=\"Pel\u00e9\" href=\"https:\/\/www.ebay.com\/itm\/265224959146?hash=item3dc0a3b4aa:g:mncAAOSwg5lghwME\" target=\"_blank\" rel=\"noopener\" data-id=\"113\" data-m=\"{&quot;i&quot;:113,&quot;p&quot;:108,&quot;n&quot;:&quot;partnerLink&quot;,&quot;y&quot;:24,&quot;o&quot;:5}\">\u00a0eBay<\/a>\u00a0una fotograf\u00eda de 1967 de<strong>\u00a0Pel\u00e9<\/strong>\u00a0que vale m\u00e1s de un mill\u00f3n de pesos, donde sale junto a\u00a0<strong>Pavinato<\/strong>, un jugador hist\u00f3rico del<strong>\u00a0Bologna<\/strong>, logrando el \u00faltimo<strong>\u00a0scudetto\u00a0<\/strong>del cuadro italiano. El precio de la foto es de\u00a0<strong>50 mil d\u00f3lares<\/strong>, aproximadamente\u00a0<strong>997 mil 784 pesos\u00a0<\/strong>mexicanos.<\/p>\n<h6><span class=\"storyimage fullwidth inlineimage\" data-aop=\"image\"><span class=\"image\" data-attrib=\"Proporcionado por MedioTiempo\" data-caption=\"\" data-id=\"110\" data-m=\"{&quot;i&quot;:110,&quot;p&quot;:108,&quot;n&quot;:&quot;openModal&quot;,&quot;t&quot;:&quot;articleImages&quot;,&quot;o&quot;:2}\"><img decoding=\"async\" class=\"loaded\" src=\"https:\/\/img-s-msn-com.akamaized.net\/tenant\/amp\/entityid\/AAO49hh.img?h=1066&amp;w=799&amp;m=6&amp;q=60&amp;o=f&amp;l=f&amp;x=610&amp;y=275\" alt=\"\" data-src=\"{&quot;default&quot;:{&quot;load&quot;:&quot;default&quot;,&quot;w&quot;:&quot;80&quot;,&quot;h&quot;:&quot;107&quot;,&quot;src&quot;:&quot;\/\/img-s-msn-com.akamaized.net\/tenant\/amp\/entityid\/AAO49hh.img?h=1066&amp;w=799&amp;m=6&amp;q=60&amp;o=f&amp;l=f&amp;x=610&amp;y=275&quot;},&quot;size3column&quot;:{&quot;load&quot;:&quot;default&quot;,&quot;w&quot;:&quot;62&quot;,&quot;h&quot;:&quot;83&quot;,&quot;src&quot;:&quot;\/\/img-s-msn-com.akamaized.net\/tenant\/amp\/entityid\/AAO49hh.img?h=832&amp;w=624&amp;m=6&amp;q=60&amp;o=f&amp;l=f&amp;x=610&amp;y=275&quot;},&quot;size2column&quot;:{&quot;load&quot;:&quot;default&quot;,&quot;w&quot;:&quot;62&quot;,&quot;h&quot;:&quot;83&quot;,&quot;src&quot;:&quot;\/\/img-s-msn-com.akamaized.net\/tenant\/amp\/entityid\/AAO49hh.img?h=832&amp;w=624&amp;m=6&amp;q=60&amp;o=f&amp;l=f&amp;x=610&amp;y=275&quot;}}\" \/><\/span><span class=\"caption truncate\"><span class=\"attribution\">\u00a9 Proporcionado por MedioTiempo<\/span><\/span><\/span><\/h6>\n<p>La posta es del 16 de junio de 1967, cuando en\u00a0<strong>Italia<\/strong>\u00a0<strong>Santos<\/strong>\u00a0venci\u00f3 2-1 al\u00a0<strong>Mantova<\/strong>, donde\u00a0<strong>Pel\u00e9\u00a0<\/strong>marc\u00f3 un gol y\u00a0<strong>Pavinato<\/strong>\u00a0estaba en los \u00faltimos juego de su carrera como jugador profesional. Ambos dejaron el estadio, juntos, y ah\u00ed fueron fotografiados.<\/p>\n<p>La imagen se la regal\u00f3\u00a0<strong>Pavinato<\/strong>\u00a0a un fan, seg\u00fan la publicaci\u00f3n, y est\u00e1 autografiada por el exdefensor italiano, quien recientemente\u00a0<strong>falleci\u00f3\u00a0<\/strong>a los 86 a\u00f1os el pasado<strong>\u00a07 de marzo de 2021<\/strong>, junto a un mensaje.<\/p>\n<div id=\"outstream_article\" data-id=\"111\" data-m=\"{&quot;i&quot;:111,&quot;p&quot;:108,&quot;n&quot;:&quot;article-inlineOutstreamAd&quot;,&quot;t&quot;:&quot;inlineOutstreamAd&quot;,&quot;o&quot;:3}\">\n<div id=\"inlineoutstreamcontainer\" class=\"inlineOutstreamContainer\">\n<p id=\"apn_display_container_m4z4peyqj\"><strong style=\"font-family: 'PT Serif', sans-serif; font-size: 1.1rem;\">Pel\u00e9 <\/strong><span style=\"font-family: 'PT Serif', sans-serif; font-size: 1.1rem;\">inici\u00f3 su carrera en el<\/span><strong style=\"font-family: 'PT Serif', sans-serif; font-size: 1.1rem;\">\u00a0Santos de Brasil\u00a0<\/strong><span style=\"font-family: 'PT Serif', sans-serif; font-size: 1.1rem;\">en 1956, donde jug\u00f3 hasta 1974 antes de irse al<\/span><strong style=\"font-family: 'PT Serif', sans-serif; font-size: 1.1rem;\">\u00a0Cosmos<\/strong><span style=\"font-family: 'PT Serif', sans-serif; font-size: 1.1rem;\">\u00a0de Nueva York. En su paso por el cuadro carioca jug\u00f3\u00a0<\/span><strong style=\"font-family: 'PT Serif', sans-serif; font-size: 1.1rem;\">mil 120 partidos<\/strong><span style=\"font-family: 'PT Serif', sans-serif; font-size: 1.1rem;\">, en los cuales anot\u00f3<\/span><strong style=\"font-family: 'PT Serif', sans-serif; font-size: 1.1rem;\">\u00a0mil 87<\/strong><span style=\"font-family: 'PT Serif', sans-serif; font-size: 1.1rem;\">\u00a0de los 1284 goles que hizo en toda su carrera.<\/span><\/p>\n<p>Con informaci\u00f3n de Medio Tiempo<\/p>\n<\/div>\n<\/div>\n","protected":false},"excerpt":{"rendered":"","protected":false},"author":1,"featured_media":2927387,"comment_status":"open","ping_status":"closed","sticky":false,"template":"","format":"standard","meta":{"footnotes":""},"categories":[32],"tags":[595],"class_list":["post-2927386","post","type-post","status-publish","format-standard","has-post-thumbnail","hentry","category-soccer","tag-destacado"],"_links":{"self":[{"href":"https:\/\/agpnoticias.com\/news\/index.php?rest_route=\/wp\/v2\/posts\/2927386","targetHints":{"allow":["GET"]}}],"collection":[{"href":"https:\/\/agpnoticias.com\/news\/index.php?rest_route=\/wp\/v2\/posts"}],"about":[{"href":"https:\/\/agpnoticias.com\/news\/index.php?rest_route=\/wp\/v2\/types\/post"}],"author":[{"embeddable":true,"href":"https:\/\/agpnoticias.com\/news\/index.php?rest_route=\/wp\/v2\/users\/1"}],"replies":[{"embeddable":true,"href":"https:\/\/agpnoticias.com\/news\/index.php?rest_route=%2Fwp%2Fv2%2Fcomments&post=2927386"}],"version-history":[{"count":1,"href":"https:\/\/agpnoticias.com\/news\/index.php?rest_route=\/wp\/v2\/posts\/2927386\/revisions"}],"predecessor-version":[{"id":2927388,"href":"https:\/\/agpnoticias.com\/news\/index.php?rest_route=\/wp\/v2\/posts\/2927386\/revisions\/2927388"}],"wp:featuredmedia":[{"embeddable":true,"href":"https:\/\/agpnoticias.com\/news\/index.php?rest_route=\/wp\/v2\/media\/2927387"}],"wp:attachment":[{"href":"https:\/\/agpnoticias.com\/news\/index.php?rest_route=%2Fwp%2Fv2%2Fmedia&parent=2927386"}],"wp:term":[{"taxonomy":"category","embeddable":true,"href":"https:\/\/agpnoticias.com\/news\/index.php?rest_route=%2Fwp%2Fv2%2Fcategories&post=2927386"},{"taxonomy":"post_tag","embeddable":true,"href":"https:\/\/agpnoticias.com\/news\/index.php?rest_route=%2Fwp%2Fv2%2Ftags&post=2927386"}],"curies":[{"name":"wp","href":"https:\/\/api.w.org\/{rel}","templated":true}]}}