{"id":2927395,"date":"2021-09-03T10:39:03","date_gmt":"2021-09-03T17:39:03","guid":{"rendered":"https:\/\/agpnoticias.com\/news\/?p=2927395"},"modified":"2021-09-03T10:39:05","modified_gmt":"2021-09-03T17:39:05","slug":"promotora-no-hablara-del-fallecimiento-de-la-boxeadora-mexicana-jeanette-zacarias","status":"publish","type":"post","link":"https:\/\/agpnoticias.com\/news\/?p=2927395","title":{"rendered":"Promotora no hablar\u00e1 del fallecimiento de la boxeadora mexicana Jeanette Zacar\u00edas"},"content":{"rendered":"\n<p>La promotora de boxeo\u00a0<strong>Groupe Yvon Michel<\/strong>\u00a0(GYM) emiti\u00f3 un comunicado tras la\u00a0muerte de la pujilista mexicana Jeanette Zacar\u00edas, donde se anunci\u00f3 que por el momento no hablar\u00e1n al respecto.<\/p>\n<h6><span class=\"storyimage fullwidth inlineimage\" data-aop=\"image\"><span class=\"image\" data-attrib=\"Proporcionado por El Universal Online\" data-caption=\"\" data-id=\"100\" data-m=\"{&quot;i&quot;:100,&quot;p&quot;:99,&quot;n&quot;:&quot;openModal&quot;,&quot;t&quot;:&quot;articleImages&quot;,&quot;o&quot;:1}\"><img decoding=\"async\" class=\"loaded\" src=\"https:\/\/img-s-msn-com.akamaized.net\/tenant\/amp\/entityid\/AAO4q3Q.img?h=493&amp;w=799&amp;m=6&amp;q=60&amp;o=f&amp;l=f&amp;x=789&amp;y=145\" alt=\"\" data-src=\"{&quot;default&quot;:{&quot;load&quot;:&quot;default&quot;,&quot;w&quot;:&quot;80&quot;,&quot;h&quot;:&quot;49&quot;,&quot;src&quot;:&quot;\/\/img-s-msn-com.akamaized.net\/tenant\/amp\/entityid\/AAO4q3Q.img?h=493&amp;w=799&amp;m=6&amp;q=60&amp;o=f&amp;l=f&amp;x=789&amp;y=145&quot;},&quot;size3column&quot;:{&quot;load&quot;:&quot;default&quot;,&quot;w&quot;:&quot;62&quot;,&quot;h&quot;:&quot;38&quot;,&quot;src&quot;:&quot;\/\/img-s-msn-com.akamaized.net\/tenant\/amp\/entityid\/AAO4q3Q.img?h=385&amp;w=624&amp;m=6&amp;q=60&amp;o=f&amp;l=f&amp;x=789&amp;y=145&quot;},&quot;size2column&quot;:{&quot;load&quot;:&quot;default&quot;,&quot;w&quot;:&quot;62&quot;,&quot;h&quot;:&quot;38&quot;,&quot;src&quot;:&quot;\/\/img-s-msn-com.akamaized.net\/tenant\/amp\/entityid\/AAO4q3Q.img?h=385&amp;w=624&amp;m=6&amp;q=60&amp;o=f&amp;l=f&amp;x=789&amp;y=145&quot;}}\" \/><\/span><span class=\"caption truncate\"><span class=\"attribution\">\u00a9 Proporcionado por El Universal Online<\/span><\/span><\/span><\/h6>\n<p>\u00abEn este doloroso momento, comprender\u00e1n que<strong>\u00a0Grupo Yvon Michel no tiene la intenci\u00f3n de hacer un comentario m\u00e1s<\/strong>\u00ab, se lee en el texto publicado en sus redes sociales.<\/p>\n<p><img decoding=\"async\" class=\"aligncenter\" src=\"https:\/\/pbs.twimg.com\/media\/E-UpWJCWYAIKSCx?format=jpg&amp;name=small\" alt=\"Imagen\" \/><\/p>\n<p>Aseguran que<strong>\u00a0todo el equipo est\u00e1 angustiado<\/strong>\u00a0por la muerte de la boxeadora, se enteraron de la noticia por medio de la familia de Jeanette y\u00a0<strong>expresaron sus condolencias\u00a0<\/strong>a todos los seres queridos de la pujilista, en especial a su pareja sentimental.<\/p>\n<p>\u00abJovanni est\u00e1 devastado y por las circunstancias que\u00a0<strong>no desea hablar<\/strong>, por lo que le pedimos que se respete su decisi\u00f3n y\u00a0<strong>permitan que la familia tenga privacidad<\/strong>\u00ab, inform\u00f3 GYM.\u00a0<\/p>\n<p><strong>Groupe Yvon Michel\u00a0<\/strong>public\u00f3 el comunicado en sus cuentas de Instragam y Twitter, pero en ambas\u00a0<strong>desactivaron la opci\u00f3n de comentarios.<\/strong><\/p>\n","protected":false},"excerpt":{"rendered":"","protected":false},"author":1,"featured_media":2927396,"comment_status":"open","ping_status":"closed","sticky":false,"template":"","format":"standard","meta":{"footnotes":""},"categories":[36],"tags":[595],"class_list":["post-2927395","post","type-post","status-publish","format-standard","has-post-thumbnail","hentry","category-boxeo","tag-destacado"],"_links":{"self":[{"href":"https:\/\/agpnoticias.com\/news\/index.php?rest_route=\/wp\/v2\/posts\/2927395","targetHints":{"allow":["GET"]}}],"collection":[{"href":"https:\/\/agpnoticias.com\/news\/index.php?rest_route=\/wp\/v2\/posts"}],"about":[{"href":"https:\/\/agpnoticias.com\/news\/index.php?rest_route=\/wp\/v2\/types\/post"}],"author":[{"embeddable":true,"href":"https:\/\/agpnoticias.com\/news\/index.php?rest_route=\/wp\/v2\/users\/1"}],"replies":[{"embeddable":true,"href":"https:\/\/agpnoticias.com\/news\/index.php?rest_route=%2Fwp%2Fv2%2Fcomments&post=2927395"}],"version-history":[{"count":1,"href":"https:\/\/agpnoticias.com\/news\/index.php?rest_route=\/wp\/v2\/posts\/2927395\/revisions"}],"predecessor-version":[{"id":2927397,"href":"https:\/\/agpnoticias.com\/news\/index.php?rest_route=\/wp\/v2\/posts\/2927395\/revisions\/2927397"}],"wp:featuredmedia":[{"embeddable":true,"href":"https:\/\/agpnoticias.com\/news\/index.php?rest_route=\/wp\/v2\/media\/2927396"}],"wp:attachment":[{"href":"https:\/\/agpnoticias.com\/news\/index.php?rest_route=%2Fwp%2Fv2%2Fmedia&parent=2927395"}],"wp:term":[{"taxonomy":"category","embeddable":true,"href":"https:\/\/agpnoticias.com\/news\/index.php?rest_route=%2Fwp%2Fv2%2Fcategories&post=2927395"},{"taxonomy":"post_tag","embeddable":true,"href":"https:\/\/agpnoticias.com\/news\/index.php?rest_route=%2Fwp%2Fv2%2Ftags&post=2927395"}],"curies":[{"name":"wp","href":"https:\/\/api.w.org\/{rel}","templated":true}]}}