{"id":2928213,"date":"2021-10-01T08:15:57","date_gmt":"2021-10-01T15:15:57","guid":{"rendered":"https:\/\/agpnoticias.com\/news\/?p=2928213"},"modified":"2021-10-01T08:16:01","modified_gmt":"2021-10-01T15:16:01","slug":"raul-jimenez-y-chucky-lozano-reaparecen-en-convocatoria-del-tri","status":"publish","type":"post","link":"https:\/\/agpnoticias.com\/news\/?p=2928213","title":{"rendered":"Ra\u00fal Jim\u00e9nez y \u2018Chucky\u2019 Lozano reaparecen en convocatoria del Tri"},"content":{"rendered":"\n<p>Gerardo Martino lanz\u00f3 la convocatoria de 28 futbolistas a la Selecci\u00f3n Mexicana para los partidos ante Canad\u00e1, Honduras y El Salvador correspondientes al Octagonal Final de la Concacaf.<\/p>\n<figure style=\"width: 799px\" class=\"wp-caption aligncenter\"><img fetchpriority=\"high\" decoding=\"async\" class=\"loaded\" src=\"https:\/\/img-s-msn-com.akamaized.net\/tenant\/amp\/entityid\/AAP0PaX.img?h=420&amp;w=799&amp;m=6&amp;q=60&amp;o=f&amp;l=f\" alt=\"Gerardo Martino lanz\u00f3 la convocatoria de 28 futbolistas a la Selecci\u00f3n Mexicana para los partidos ante Canad\u00e1, Honduras y El Salvador correspondientes al Octagonal Final de la Concacaf.\" width=\"799\" height=\"419\" data-src=\"{&quot;default&quot;:{&quot;load&quot;:&quot;default&quot;,&quot;w&quot;:&quot;80&quot;,&quot;h&quot;:&quot;42&quot;,&quot;src&quot;:&quot;\/\/img-s-msn-com.akamaized.net\/tenant\/amp\/entityid\/AAP0PaX.img?h=420&amp;w=799&amp;m=6&amp;q=60&amp;o=f&amp;l=f&quot;},&quot;size3column&quot;:{&quot;load&quot;:&quot;default&quot;,&quot;w&quot;:&quot;62&quot;,&quot;h&quot;:&quot;33&quot;,&quot;src&quot;:&quot;\/\/img-s-msn-com.akamaized.net\/tenant\/amp\/entityid\/AAP0PaX.img?h=328&amp;w=624&amp;m=6&amp;q=60&amp;o=f&amp;l=f&quot;},&quot;size2column&quot;:{&quot;load&quot;:&quot;default&quot;,&quot;w&quot;:&quot;62&quot;,&quot;h&quot;:&quot;33&quot;,&quot;src&quot;:&quot;\/\/img-s-msn-com.akamaized.net\/tenant\/amp\/entityid\/AAP0PaX.img?h=328&amp;w=624&amp;m=6&amp;q=60&amp;o=f&amp;l=f&quot;}}\" \/><figcaption class=\"wp-caption-text\">\u00a9 excelsior.com.mx\u00a0Gerardo Martino lanz\u00f3 la convocatoria de 28 futbolistas a la Selecci\u00f3n<\/figcaption><\/figure>\n<p><span class=\"storyimage fullwidth inlineimage\" data-aop=\"image\"><span class=\"caption truncate\"> Mexicana para los partidos ante Canad\u00e1, Honduras y El Salvador correspondientes al Octagonal Final de la Concacaf.<\/span><\/span><\/p>\n<p>A diferencia de la fecha FIFA anterior, el Tata contar\u00e1 con el zaguero Johan V\u00e1zquez, el mediocampista H\u00e9ctor Herrera y el atacante Hirving Lozano, pero la presencia de Ra\u00fal Jim\u00e9nez nuevamente est\u00e1 en duda.<\/p>\n<p>En el \u00faltimo llamado, V\u00e1zquez se ausent\u00f3 por una lesi\u00f3n muscular, caso similar al de Herrera quien se recuperaba de una molestia tras la Copa Oro. En tanto que Lozano pidi\u00f3 no estar presente para integrarse de lleno a los entrenamientos con el Napoli, por su parte, Ra\u00fal Jim\u00e9nez no fue cedido por el Wolverhampton y la Premier League debido a las restricciones de viaje a causa del Covid-19.<\/p>\n<div id=\"outstream_article\" data-id=\"110\" data-m=\"{&quot;i&quot;:110,&quot;p&quot;:108,&quot;n&quot;:&quot;article-inlineOutstreamAd&quot;,&quot;t&quot;:&quot;inlineOutstreamAd&quot;,&quot;o&quot;:2}\">\n<div id=\"inlineoutstreamcontainer\" class=\"inlineOutstreamContainer\">\n<div id=\"apn_display_container_8509zv0zssc\" class=\"\">\u00a0<\/div>\n<\/div>\n<\/div>\n<p>Estas limitaciones contin\u00faan vigentes para los viajeros del Reino Unido a pa\u00edses como M\u00e9xico, entre otros, pero Martino espera contar con Jim\u00e9nez para el partido ante los salvadore\u00f1os debido a que El Salvador no integra la lista roja del gobierno brit\u00e1nico.<\/p>\n<p>Destaca la ausencia de Diego Lainez, el juvenil del Real Betis qued\u00f3 descartado porque contin\u00faa su proceso de recuperaci\u00f3n por una lesi\u00f3n que arrastra desde el verano luego de su participaci\u00f3n con el Tri en los JJOO de Tokio.<\/p>\n<p>M\u00e9xico recibir\u00e1 a Canad\u00e1 el pr\u00f3ximo 7 de octubre en la cancha del Estadio Azteca, ser\u00e1 el d\u00eda 10 cuando haga lo propio ante Honduras, y cerrar\u00e1 su actividad en esta fecha de Eliminatorias Mundialista visitando a El Salvador en el Cuscatl\u00e1n.<\/p>\n<p>Lista completa de convocados:<\/p>\n<p><strong>Porteros:<\/strong><\/p>\n<ul>\n<li>Rodolfo Cota (Le\u00f3n)<\/li>\n<li>Guillermo Ochoa (Am\u00e9rica)<\/li>\n<li>Jonathan Orozco, (Tijuana)<\/li>\n<li>Alfredo Talavera (Pumas)<\/li>\n<\/ul>\n<p><strong>Defensas:<\/strong><\/p>\n<ul>\n<li>Jes\u00fas Gallardo (Monterrey)<\/li>\n<li>C\u00e9sar Montes (Monterrey)<\/li>\n<li>Osvaldo Rodr\u00edguez (Le\u00f3n)<\/li>\n<li>Luis Rodr\u00edguez (Tigres)<\/li>\n<li>Jorge S\u00e1nchez (Am\u00e9rica)<\/li>\n<li>Julio C\u00e9sar Dom\u00ednguez (Cruz Azul)<\/li>\n<li>Johan V\u00e1squez (G\u00e9nova)<\/li>\n<li>Nestor Araujo (Celta de Vigo)<\/li>\n<li>H\u00e9ctor Moreno (Monterrey)<\/li>\n<\/ul>\n<p><strong>Medios:<\/strong><\/p>\n<ul>\n<li>Edson \u00c1lvarez (Ajax)<\/li>\n<li>Sebasti\u00e1n C\u00f3rdova (Am\u00e9rica)\u00a0<\/li>\n<li>Jonathan dos Santos (Galaxy)<\/li>\n<li>Andr\u00e9s Guardado (Betis)<\/li>\n<li>H\u00e9ctor Herrera (Atl\u00e9tico de Madrid)<\/li>\n<li>Orbel\u00edn Pineda\u00a0(Cruz Azul)<\/li>\n<li>Luis Romo (Cruz Azul)<\/li>\n<li>Carlos Rodr\u00edguez (Rayados)<\/li>\n<li>Uriel Antuna (Chivas)<\/li>\n<\/ul>\n<p><strong>Delanteros:<\/strong><\/p>\n<ul>\n<li>Alexis Vega (Chivas)<\/li>\n<li>Jes\u00fas Manuel Corona (Porto)<\/li>\n<li>Rogelio Funes Mori (Monterrey)<\/li>\n<li>Ra\u00fal Jim\u00e9nez (Wolverhampton)<\/li>\n<li>Henry Mart\u00edn (Am\u00e9rica)<\/li>\n<li>Hirving Lozano (Napoli)<\/li>\n<\/ul>\n<p>jcp<\/p>\n","protected":false},"excerpt":{"rendered":"","protected":false},"author":1,"featured_media":2928214,"comment_status":"open","ping_status":"closed","sticky":false,"template":"","format":"standard","meta":{"footnotes":""},"categories":[32],"tags":[595],"class_list":["post-2928213","post","type-post","status-publish","format-standard","has-post-thumbnail","hentry","category-soccer","tag-destacado"],"_links":{"self":[{"href":"https:\/\/agpnoticias.com\/news\/index.php?rest_route=\/wp\/v2\/posts\/2928213","targetHints":{"allow":["GET"]}}],"collection":[{"href":"https:\/\/agpnoticias.com\/news\/index.php?rest_route=\/wp\/v2\/posts"}],"about":[{"href":"https:\/\/agpnoticias.com\/news\/index.php?rest_route=\/wp\/v2\/types\/post"}],"author":[{"embeddable":true,"href":"https:\/\/agpnoticias.com\/news\/index.php?rest_route=\/wp\/v2\/users\/1"}],"replies":[{"embeddable":true,"href":"https:\/\/agpnoticias.com\/news\/index.php?rest_route=%2Fwp%2Fv2%2Fcomments&post=2928213"}],"version-history":[{"count":1,"href":"https:\/\/agpnoticias.com\/news\/index.php?rest_route=\/wp\/v2\/posts\/2928213\/revisions"}],"predecessor-version":[{"id":2928215,"href":"https:\/\/agpnoticias.com\/news\/index.php?rest_route=\/wp\/v2\/posts\/2928213\/revisions\/2928215"}],"wp:featuredmedia":[{"embeddable":true,"href":"https:\/\/agpnoticias.com\/news\/index.php?rest_route=\/wp\/v2\/media\/2928214"}],"wp:attachment":[{"href":"https:\/\/agpnoticias.com\/news\/index.php?rest_route=%2Fwp%2Fv2%2Fmedia&parent=2928213"}],"wp:term":[{"taxonomy":"category","embeddable":true,"href":"https:\/\/agpnoticias.com\/news\/index.php?rest_route=%2Fwp%2Fv2%2Fcategories&post=2928213"},{"taxonomy":"post_tag","embeddable":true,"href":"https:\/\/agpnoticias.com\/news\/index.php?rest_route=%2Fwp%2Fv2%2Ftags&post=2928213"}],"curies":[{"name":"wp","href":"https:\/\/api.w.org\/{rel}","templated":true}]}}