{"id":2928219,"date":"2021-10-01T08:40:02","date_gmt":"2021-10-01T15:40:02","guid":{"rendered":"https:\/\/agpnoticias.com\/news\/?p=2928219"},"modified":"2021-10-01T08:40:05","modified_gmt":"2021-10-01T15:40:05","slug":"mexico-abre-registro-de-vacunacion-contra-covid-para-menores-de-12-a-17-anos-con-comorbilidades","status":"publish","type":"post","link":"https:\/\/agpnoticias.com\/news\/?p=2928219","title":{"rendered":"M\u00e9xico abre registro de vacunaci\u00f3n contra Covid para menores de 12 a 17 a\u00f1os con comorbilidades"},"content":{"rendered":"\n<p>El gobierno federal abri\u00f3 este viernes el registro de vacunaci\u00f3n, a trav\u00e9s de internet, para los menores con comorbilidades que recibir\u00e1n la dosis contra la Covid-19. A trav\u00e9s del portal\u00a0<a href=\"http:\/\/mivacuna.salud.gob.mx\/\">mivacuna.salud.gob.mx<\/a>, los padres de los menores podr\u00e1n registrarlos con su clave CURP.<\/p>\n<p>El pasado 24 de septiembre, el gobierno del presidente Andr\u00e9s Manuel L\u00f3pez Obrador anunci\u00f3 que comenzar\u00eda la vacunaci\u00f3n de menores con comorbilidades contra esta enfermedad.<\/p>\n<p>El subsecretario de Prevenci\u00f3n y Promoci\u00f3n de la Salud,\u00a0<strong>Hugo L\u00f3pez-Gatell<\/strong>, inform\u00f3 que los menores recibir\u00e1n la vacuna de la farmac\u00e9utica Pfizer. Adem\u00e1s, se\u00f1al\u00f3 que se estima aplicar las dosis a entre 750 mil y un mill\u00f3n 500 mil menores en el pa\u00eds.<\/p>\n<p>El funcionario inform\u00f3 que las comorbilidades que se considerar\u00e1n para la\u00a0<strong>vacunaci\u00f3n<\/strong>\u00a0son inmunosupresi\u00f3n (c\u00e1ncer, VIH, etc.), enfermedad pulmonar cr\u00f3nica grave, afecciones graves de ri\u00f1\u00f3n, h\u00edgado o sistema digestivo, enfermedad neurol\u00f3gica cr\u00f3nica, enfermedades cardiovasculares, diabetes y otras enfermedades endocrinas, anomal\u00edas gen\u00e9ticas y embarazo adolescente.<\/p>\n<p>A diferencia de la\u00a0<strong>jornada de vacunaci\u00f3n<\/strong>\u00a0para mayores de edad, la vacunaci\u00f3n para los menores se realizar\u00e1 con estaciones permanentes.<\/p>\n<p><span style=\"font-family: 'PT Serif', sans-serif; font-size: 1.1rem; font-weight: 400;\">Los lineamientos para la <\/span><strong style=\"font-family: 'PT Serif', sans-serif; font-size: 1.1rem;\">vacunaci\u00f3n de los menores<\/strong><span style=\"font-family: 'PT Serif', sans-serif; font-size: 1.1rem; font-weight: 400;\">\u00a0fueron publicados el pasado 28 de septiembre, y se estima que durante la primera semana de este mes empiecen los preparativos en los centros de salud para que los menores puedan acudir a vacunarse.<\/span><\/p>\n<blockquote>\n<p>Seg\u00fan el plan presentado, cada instituci\u00f3n de salud con la\u00a0<strong>Brigada de Correcaminos<\/strong>\u00a0identificar\u00e1 a la poblaci\u00f3n y los puntos de vacunaci\u00f3n<a href=\"https:\/\/www.gob.mx\/\">.<\/a><\/p>\n<\/blockquote>\n","protected":false},"excerpt":{"rendered":"","protected":false},"author":1,"featured_media":2928220,"comment_status":"open","ping_status":"closed","sticky":false,"template":"","format":"standard","meta":{"footnotes":""},"categories":[1,1066],"tags":[],"class_list":["post-2928219","post","type-post","status-publish","format-standard","has-post-thumbnail","hentry","category-uncategorized","category-coronavirus"],"_links":{"self":[{"href":"https:\/\/agpnoticias.com\/news\/index.php?rest_route=\/wp\/v2\/posts\/2928219","targetHints":{"allow":["GET"]}}],"collection":[{"href":"https:\/\/agpnoticias.com\/news\/index.php?rest_route=\/wp\/v2\/posts"}],"about":[{"href":"https:\/\/agpnoticias.com\/news\/index.php?rest_route=\/wp\/v2\/types\/post"}],"author":[{"embeddable":true,"href":"https:\/\/agpnoticias.com\/news\/index.php?rest_route=\/wp\/v2\/users\/1"}],"replies":[{"embeddable":true,"href":"https:\/\/agpnoticias.com\/news\/index.php?rest_route=%2Fwp%2Fv2%2Fcomments&post=2928219"}],"version-history":[{"count":1,"href":"https:\/\/agpnoticias.com\/news\/index.php?rest_route=\/wp\/v2\/posts\/2928219\/revisions"}],"predecessor-version":[{"id":2928221,"href":"https:\/\/agpnoticias.com\/news\/index.php?rest_route=\/wp\/v2\/posts\/2928219\/revisions\/2928221"}],"wp:featuredmedia":[{"embeddable":true,"href":"https:\/\/agpnoticias.com\/news\/index.php?rest_route=\/wp\/v2\/media\/2928220"}],"wp:attachment":[{"href":"https:\/\/agpnoticias.com\/news\/index.php?rest_route=%2Fwp%2Fv2%2Fmedia&parent=2928219"}],"wp:term":[{"taxonomy":"category","embeddable":true,"href":"https:\/\/agpnoticias.com\/news\/index.php?rest_route=%2Fwp%2Fv2%2Fcategories&post=2928219"},{"taxonomy":"post_tag","embeddable":true,"href":"https:\/\/agpnoticias.com\/news\/index.php?rest_route=%2Fwp%2Fv2%2Ftags&post=2928219"}],"curies":[{"name":"wp","href":"https:\/\/api.w.org\/{rel}","templated":true}]}}