{"id":2928272,"date":"2021-10-02T09:18:38","date_gmt":"2021-10-02T16:18:38","guid":{"rendered":"https:\/\/agpnoticias.com\/news\/?p=2928272"},"modified":"2021-10-02T09:18:40","modified_gmt":"2021-10-02T16:18:40","slug":"alejandro-sanz-devela-su-estrella-en-hollywood-con-yalitza-aparicio","status":"publish","type":"post","link":"https:\/\/agpnoticias.com\/news\/?p=2928272","title":{"rendered":"Alejandro Sanz devela su estrella en Hollywood con Yalitza Aparicio"},"content":{"rendered":"\n<p>La ceremonia se llev\u00f3 a cabo en el 1750 de Vine Street frente al edificio de Capitol Records. Alejandro estuvo acompa\u00f1ado de su pareja, la artista cubana Rachel Vald\u00e9s, sus cuatro hijos, Manuela, Alexander, Dylan y Alma y sus amigos, entre ellos, la actriz mexicana Yalitza Aparicio, quien estuvo presente en la inauguraci\u00f3n y le dedic\u00f3 el siguiente mensaje:\u00a0<em>\u201cNos has marcado y enamorado con tus hermosas canciones y tu gran voz de generaci\u00f3n en generaci\u00f3n\u201d. Y Sanz le respondi\u00f3 \u201cGracias mi querida amiga por tu compa\u00f1\u00eda\u00a0y tu autenticidad. Eres un alma bella y pura. Deseando volver a verte\u201d.<\/em><\/p>\n<figure style=\"width: 799px\" class=\"wp-caption aligncenter\"><img fetchpriority=\"high\" decoding=\"async\" class=\"loaded\" src=\"https:\/\/img-s-msn-com.akamaized.net\/tenant\/amp\/entityid\/AAP4neY.img?h=921&amp;w=799&amp;m=6&amp;q=60&amp;o=f&amp;l=f&amp;x=286&amp;y=210\" alt=\"Foto IG Alejandro Sanz\" width=\"799\" height=\"921\" data-src=\"{&quot;default&quot;:{&quot;load&quot;:&quot;default&quot;,&quot;w&quot;:&quot;80&quot;,&quot;h&quot;:&quot;92&quot;,&quot;src&quot;:&quot;\/\/img-s-msn-com.akamaized.net\/tenant\/amp\/entityid\/AAP4neY.img?h=921&amp;w=799&amp;m=6&amp;q=60&amp;o=f&amp;l=f&amp;x=286&amp;y=210&quot;},&quot;size3column&quot;:{&quot;load&quot;:&quot;default&quot;,&quot;w&quot;:&quot;62&quot;,&quot;h&quot;:&quot;72&quot;,&quot;src&quot;:&quot;\/\/img-s-msn-com.akamaized.net\/tenant\/amp\/entityid\/AAP4neY.img?h=719&amp;w=624&amp;m=6&amp;q=60&amp;o=f&amp;l=f&amp;x=286&amp;y=210&quot;},&quot;size2column&quot;:{&quot;load&quot;:&quot;default&quot;,&quot;w&quot;:&quot;62&quot;,&quot;h&quot;:&quot;72&quot;,&quot;src&quot;:&quot;\/\/img-s-msn-com.akamaized.net\/tenant\/amp\/entityid\/AAP4neY.img?h=719&amp;w=624&amp;m=6&amp;q=60&amp;o=f&amp;l=f&amp;x=286&amp;y=210&quot;}}\" \/><figcaption class=\"wp-caption-text\">\u00a9 Proporcionado por Caras\u00a0Foto IG Alejandro Sanz\u00a0<\/figcaption><\/figure>\n<p>El int\u00e9rprete de \u2018Cuando nadie me ve\u2019, agradeci\u00f3 a su familia, a su equipo y especialmente a sus fans por el apoyo incondicional que le han demostrado a lo largo de su carrera.<\/p>\n<figure style=\"width: 799px\" class=\"wp-caption aligncenter\"><a href=\"https:\/\/img-s-msn-com.akamaized.net\/tenant\/amp\/entityid\/AAP4uV9.img?h=953&amp;w=799&amp;m=6&amp;q=60&amp;o=f&amp;l=f&amp;x=423&amp;y=206\"><img decoding=\"async\" class=\"loaded\" src=\"https:\/\/img-s-msn-com.akamaized.net\/tenant\/amp\/entityid\/AAP4uV9.img?h=953&amp;w=799&amp;m=6&amp;q=60&amp;o=f&amp;l=f&amp;x=423&amp;y=206\" alt=\"Foto IG Alejandro Sanz\" width=\"799\" height=\"952\" data-src=\"{&quot;default&quot;:{&quot;load&quot;:&quot;default&quot;,&quot;w&quot;:&quot;80&quot;,&quot;h&quot;:&quot;95&quot;,&quot;src&quot;:&quot;\/\/img-s-msn-com.akamaized.net\/tenant\/amp\/entityid\/AAP4uV9.img?h=953&amp;w=799&amp;m=6&amp;q=60&amp;o=f&amp;l=f&amp;x=423&amp;y=206&quot;},&quot;size3column&quot;:{&quot;load&quot;:&quot;default&quot;,&quot;w&quot;:&quot;62&quot;,&quot;h&quot;:&quot;74&quot;,&quot;src&quot;:&quot;\/\/img-s-msn-com.akamaized.net\/tenant\/amp\/entityid\/AAP4uV9.img?h=744&amp;w=624&amp;m=6&amp;q=60&amp;o=f&amp;l=f&amp;x=423&amp;y=206&quot;},&quot;size2column&quot;:{&quot;load&quot;:&quot;default&quot;,&quot;w&quot;:&quot;62&quot;,&quot;h&quot;:&quot;74&quot;,&quot;src&quot;:&quot;\/\/img-s-msn-com.akamaized.net\/tenant\/amp\/entityid\/AAP4uV9.img?h=744&amp;w=624&amp;m=6&amp;q=60&amp;o=f&amp;l=f&amp;x=423&amp;y=206&quot;}}\" \/><\/a><figcaption class=\"wp-caption-text\">\u00a9 Proporcionado por Caras\u00a0Foto IG Alejandro Sanz\u00a0<\/figcaption><\/figure>\n<p><em>\u201cSo\u00f1\u00e9\u00a0con la m\u00fasica, con subirme a un escenario\u2026pero nunca so\u00f1\u00e9 con tener una estrella de la fama en Hollywood. Por eso, hace tan bello e inolvidable este momento. Recibir una estrella es el resultado de todo el cari\u00f1o acumulado por todxs vosotrxs a lo largo de mi carrera y de mi vida. Gracias por estar siempre, por no fallar, y gracias a la vida, que no deja de sorprenderme. Nos vemos en los escenarios, Os quiero\u201d,<\/em>\u00a0escribi\u00f3 en su cuenta de Instagram.<\/p>\n<p><span class=\"storyimage fullwidth inlineimage\" data-aop=\"image\"><span class=\"image\" data-attrib=\"Proporcionado por Caras\" data-caption=\"Foto IG Alejandro Sanz\" data-id=\"105\" data-m=\"{&quot;i&quot;:105,&quot;p&quot;:102,&quot;n&quot;:&quot;openModal&quot;,&quot;t&quot;:&quot;articleImages&quot;,&quot;o&quot;:3}\"><img decoding=\"async\" class=\"loaded\" src=\"https:\/\/img-s-msn-com.akamaized.net\/tenant\/amp\/entityid\/AAP4rSH.img?h=966&amp;w=799&amp;m=6&amp;q=60&amp;o=f&amp;l=f\" alt=\"Foto IG Alejandro Sanz\" data-src=\"{&quot;default&quot;:{&quot;load&quot;:&quot;default&quot;,&quot;w&quot;:&quot;80&quot;,&quot;h&quot;:&quot;97&quot;,&quot;src&quot;:&quot;\/\/img-s-msn-com.akamaized.net\/tenant\/amp\/entityid\/AAP4rSH.img?h=966&amp;w=799&amp;m=6&amp;q=60&amp;o=f&amp;l=f&quot;},&quot;size3column&quot;:{&quot;load&quot;:&quot;default&quot;,&quot;w&quot;:&quot;62&quot;,&quot;h&quot;:&quot;76&quot;,&quot;src&quot;:&quot;\/\/img-s-msn-com.akamaized.net\/tenant\/amp\/entityid\/AAP4rSH.img?h=755&amp;w=624&amp;m=6&amp;q=60&amp;o=f&amp;l=f&quot;},&quot;size2column&quot;:{&quot;load&quot;:&quot;default&quot;,&quot;w&quot;:&quot;62&quot;,&quot;h&quot;:&quot;76&quot;,&quot;src&quot;:&quot;\/\/img-s-msn-com.akamaized.net\/tenant\/amp\/entityid\/AAP4rSH.img?h=755&amp;w=624&amp;m=6&amp;q=60&amp;o=f&amp;l=f&quot;}}\" \/><\/span><\/span>\u00a0<\/p>\n<p><em>\u201cDesear\u00eda que mis padres estuvieran vivos hoy para que pudieran disfrutar esta sorpresa conmigo, porque este es el fruto de sus sacrificios\u201d,<\/em>\u00a0expres\u00f3 Sanz en la ceremonia.<\/p>\n<h4><strong>PASEO DE LA FAMA DE HOLLYWOOD<\/strong><\/h4>\n<p>Fue creado en 1958 para reconocer a las celebridades internacionales que contribuyen en la industria del entretenimiento. Sanz cuenta con una gran trayectoria en la que ha cosechado \u00e9xitos mediante su m\u00fasica que ha tocado los corazones de sus fans.<\/p>\n<p>Es el artista espa\u00f1ol con el mayor n\u00famero de premios Grammy en la historia. Fue honrado por la Academia de Grabaci\u00f3n como Persona del A\u00f1o, en reconocimiento a su carrera y labor filantr\u00f3pica. Sanz ha lanzado 18 \u00e1lbumes, todos con certificados platino en Espa\u00f1a, Latinoam\u00e9rica y Estados Unidos.<\/p>\n<p><span class=\"storyimage fullwidth inlineimage\" data-aop=\"image\"><span class=\"image\" data-attrib=\"Proporcionado por Caras\" data-caption=\"Foto IG Alejandro Sanz\" data-id=\"106\" data-m=\"{&quot;i&quot;:106,&quot;p&quot;:102,&quot;n&quot;:&quot;openModal&quot;,&quot;t&quot;:&quot;articleImages&quot;,&quot;o&quot;:4}\"><img decoding=\"async\" class=\"loaded\" src=\"https:\/\/img-s-msn-com.akamaized.net\/tenant\/amp\/entityid\/AAP4EcQ.img?h=958&amp;w=799&amp;m=6&amp;q=60&amp;o=f&amp;l=f\" alt=\"Foto IG Alejandro Sanz\" data-src=\"{&quot;default&quot;:{&quot;load&quot;:&quot;default&quot;,&quot;w&quot;:&quot;80&quot;,&quot;h&quot;:&quot;96&quot;,&quot;src&quot;:&quot;\/\/img-s-msn-com.akamaized.net\/tenant\/amp\/entityid\/AAP4EcQ.img?h=958&amp;w=799&amp;m=6&amp;q=60&amp;o=f&amp;l=f&quot;},&quot;size3column&quot;:{&quot;load&quot;:&quot;default&quot;,&quot;w&quot;:&quot;62&quot;,&quot;h&quot;:&quot;75&quot;,&quot;src&quot;:&quot;\/\/img-s-msn-com.akamaized.net\/tenant\/amp\/entityid\/AAP4EcQ.img?h=749&amp;w=624&amp;m=6&amp;q=60&amp;o=f&amp;l=f&quot;},&quot;size2column&quot;:{&quot;load&quot;:&quot;default&quot;,&quot;w&quot;:&quot;62&quot;,&quot;h&quot;:&quot;75&quot;,&quot;src&quot;:&quot;\/\/img-s-msn-com.akamaized.net\/tenant\/amp\/entityid\/AAP4EcQ.img?h=749&amp;w=624&amp;m=6&amp;q=60&amp;o=f&amp;l=f&quot;}}\" \/><\/span><\/span><\/p>\n<p>El int\u00e9rprete de \u2018Amiga m\u00eda\u2019 se encuentra en el proceso de grabar su nuevo \u00e1lbum y est\u00e1 a punto de comenzar #LAGIRA por Norteam\u00e9rica en la que visitar\u00e1 12 ciudades.<\/p>\n","protected":false},"excerpt":{"rendered":"<p>El int\u00e9rprete de \u2018Cuando nadie me ve\u2019, agradeci\u00f3 a su familia, a su equipo y especialmente a sus fans por el apoyo incondicional que le han demostrado a lo largo de su carrera.<\/p>\n","protected":false},"author":1,"featured_media":2928273,"comment_status":"open","ping_status":"closed","sticky":false,"template":"","format":"standard","meta":{"footnotes":""},"categories":[1],"tags":[],"class_list":["post-2928272","post","type-post","status-publish","format-standard","has-post-thumbnail","hentry","category-uncategorized"],"_links":{"self":[{"href":"https:\/\/agpnoticias.com\/news\/index.php?rest_route=\/wp\/v2\/posts\/2928272","targetHints":{"allow":["GET"]}}],"collection":[{"href":"https:\/\/agpnoticias.com\/news\/index.php?rest_route=\/wp\/v2\/posts"}],"about":[{"href":"https:\/\/agpnoticias.com\/news\/index.php?rest_route=\/wp\/v2\/types\/post"}],"author":[{"embeddable":true,"href":"https:\/\/agpnoticias.com\/news\/index.php?rest_route=\/wp\/v2\/users\/1"}],"replies":[{"embeddable":true,"href":"https:\/\/agpnoticias.com\/news\/index.php?rest_route=%2Fwp%2Fv2%2Fcomments&post=2928272"}],"version-history":[{"count":2,"href":"https:\/\/agpnoticias.com\/news\/index.php?rest_route=\/wp\/v2\/posts\/2928272\/revisions"}],"predecessor-version":[{"id":2928275,"href":"https:\/\/agpnoticias.com\/news\/index.php?rest_route=\/wp\/v2\/posts\/2928272\/revisions\/2928275"}],"wp:featuredmedia":[{"embeddable":true,"href":"https:\/\/agpnoticias.com\/news\/index.php?rest_route=\/wp\/v2\/media\/2928273"}],"wp:attachment":[{"href":"https:\/\/agpnoticias.com\/news\/index.php?rest_route=%2Fwp%2Fv2%2Fmedia&parent=2928272"}],"wp:term":[{"taxonomy":"category","embeddable":true,"href":"https:\/\/agpnoticias.com\/news\/index.php?rest_route=%2Fwp%2Fv2%2Fcategories&post=2928272"},{"taxonomy":"post_tag","embeddable":true,"href":"https:\/\/agpnoticias.com\/news\/index.php?rest_route=%2Fwp%2Fv2%2Ftags&post=2928272"}],"curies":[{"name":"wp","href":"https:\/\/api.w.org\/{rel}","templated":true}]}}