{"id":2928279,"date":"2021-10-02T09:26:30","date_gmt":"2021-10-02T16:26:30","guid":{"rendered":"https:\/\/agpnoticias.com\/news\/?p=2928279"},"modified":"2021-10-02T09:27:46","modified_gmt":"2021-10-02T16:27:46","slug":"andy-ruiz-afirma-que-se-prepara-para-no-cometer-errores-como-en-el-pasado","status":"publish","type":"post","link":"https:\/\/agpnoticias.com\/news\/?p=2928279","title":{"rendered":"Andy Ruiz afirma que se prepara para no cometer errores como en el pasado"},"content":{"rendered":"\n<p>Con la intenci\u00f3n de recuperar los cinturones de Campe\u00f3n Mundial que perdi\u00f3 ante Anthony Joshua, el boxeador mexicoamericano coment\u00f3 que est\u00e1 de lleno en el gimnasio para recuperar lo que alguna vez fue suyo.<\/p>\n<figure style=\"width: 799px\" class=\"wp-caption aligncenter\"><img fetchpriority=\"high\" decoding=\"async\" class=\"loaded\" src=\"https:\/\/img-s-msn-com.akamaized.net\/tenant\/amp\/entityid\/AAP3z86.img?h=450&amp;w=799&amp;m=6&amp;q=60&amp;o=f&amp;l=f\" alt=\"El p\u00fagil anhela volver a ser el monarca de los pesos pesados.\" width=\"799\" height=\"449\" data-src=\"{&quot;default&quot;:{&quot;load&quot;:&quot;default&quot;,&quot;w&quot;:&quot;80&quot;,&quot;h&quot;:&quot;45&quot;,&quot;src&quot;:&quot;\/\/img-s-msn-com.akamaized.net\/tenant\/amp\/entityid\/AAP3z86.img?h=450&amp;w=799&amp;m=6&amp;q=60&amp;o=f&amp;l=f&quot;},&quot;size3column&quot;:{&quot;load&quot;:&quot;default&quot;,&quot;w&quot;:&quot;62&quot;,&quot;h&quot;:&quot;35&quot;,&quot;src&quot;:&quot;\/\/img-s-msn-com.akamaized.net\/tenant\/amp\/entityid\/AAP3z86.img?h=351&amp;w=624&amp;m=6&amp;q=60&amp;o=f&amp;l=f&quot;},&quot;size2column&quot;:{&quot;load&quot;:&quot;default&quot;,&quot;w&quot;:&quot;62&quot;,&quot;h&quot;:&quot;35&quot;,&quot;src&quot;:&quot;\/\/img-s-msn-com.akamaized.net\/tenant\/amp\/entityid\/AAP3z86.img?h=351&amp;w=624&amp;m=6&amp;q=60&amp;o=f&amp;l=f&quot;}}\" \/><figcaption class=\"wp-caption-text\">\u00a9 Instagram\u00a0El p\u00fagil anhela volver a ser el monarca de los pesos pesados.<\/figcaption><\/figure>\n<p><strong><em>La dolorosa derrota que sufri\u00f3 Andy Ruiz en su duelo por los t\u00edtulos mundiales ante el boxeador estadounidense<\/em><\/strong>, le vali\u00f3 para que ahora est\u00e9 enfocado en obtener su mejor forma f\u00edsica, ya que\u00a0<strong>desea volver a ser el monarca de los pesos pesados. \u00a0<\/strong><\/p>\n<p>\u00abNo quiero cometer el mismo error que comet\u00ed en mi \u00faltima pelea con Anthony Joshua, en la segunda. Mi mente est\u00e1 enfocada en recuperar los cinturones\u201d, detall\u00f3 el mexicoamericano en el sitio Fighthype.\u00a0<\/p>\n<p>Por otra parte, el originario de California, Estados Unidos, coment\u00f3 que reci\u00e9n\u00a0<strong>empieza a recuperarse de una operaci\u00f3n que le realizaron en la rodilla,\u00a0<\/strong>ya que ten\u00eda un menisco desgarrado y eso le iba a afectar en un futuro.<\/p>\n<p>Tambi\u00e9n coment\u00f3 que desea regresar a los combates antes de que finalice el a\u00f1o. En ese sentido se ha estado manejando que\u00a0<strong>Charles Martin y Luis Ortiz son las opciones que tendr\u00eda el p\u00fagil para su vuelta.\u00a0<\/strong><\/p>\n<div>\n<div class=\"ck-instagram\">\n<p><span style=\"font-family: 'PT Serif', sans-serif; font-size: 1.1rem;\">\u00abHay algunos boxeadores ah\u00ed afuera para volver a estar en los rankings. Seguro, estoy en los rankings, pero me tengo que mantener ocupado y activo. Es por eso que estoy de vuelta en el gimnasio y esa es la raz\u00f3n por la que despu\u00e9s de cirug\u00eda, regres\u00e9 al gimnasio para prepararme\u201d, concluy\u00f3.<\/span><\/p>\n<\/div>\n<\/div>\n<p>Cabe resaltar que en su regreso a los combates en este 2021\u00a0<em><strong>tuvo una actuaci\u00f3 n discreta ante Chris Arreola, ya que no lo pudo noquear<\/strong><\/em>\u00a0 y termin\u00f3 en la lona en el segundo round.<\/p>\n","protected":false},"excerpt":{"rendered":"<p>\u00abNo quiero cometer el mismo error que comet\u00ed en mi \u00faltima pelea con Anthony Joshua, en la segunda. Mi mente est\u00e1 enfocada en recuperar los cinturones\u201d, detall\u00f3 el mexicoamericano en el sitio Fighthype.\u00a0<\/p>\n","protected":false},"author":1,"featured_media":2928280,"comment_status":"open","ping_status":"closed","sticky":false,"template":"","format":"standard","meta":{"footnotes":""},"categories":[36],"tags":[595],"class_list":["post-2928279","post","type-post","status-publish","format-standard","has-post-thumbnail","hentry","category-boxeo","tag-destacado"],"_links":{"self":[{"href":"https:\/\/agpnoticias.com\/news\/index.php?rest_route=\/wp\/v2\/posts\/2928279","targetHints":{"allow":["GET"]}}],"collection":[{"href":"https:\/\/agpnoticias.com\/news\/index.php?rest_route=\/wp\/v2\/posts"}],"about":[{"href":"https:\/\/agpnoticias.com\/news\/index.php?rest_route=\/wp\/v2\/types\/post"}],"author":[{"embeddable":true,"href":"https:\/\/agpnoticias.com\/news\/index.php?rest_route=\/wp\/v2\/users\/1"}],"replies":[{"embeddable":true,"href":"https:\/\/agpnoticias.com\/news\/index.php?rest_route=%2Fwp%2Fv2%2Fcomments&post=2928279"}],"version-history":[{"count":2,"href":"https:\/\/agpnoticias.com\/news\/index.php?rest_route=\/wp\/v2\/posts\/2928279\/revisions"}],"predecessor-version":[{"id":2928282,"href":"https:\/\/agpnoticias.com\/news\/index.php?rest_route=\/wp\/v2\/posts\/2928279\/revisions\/2928282"}],"wp:featuredmedia":[{"embeddable":true,"href":"https:\/\/agpnoticias.com\/news\/index.php?rest_route=\/wp\/v2\/media\/2928280"}],"wp:attachment":[{"href":"https:\/\/agpnoticias.com\/news\/index.php?rest_route=%2Fwp%2Fv2%2Fmedia&parent=2928279"}],"wp:term":[{"taxonomy":"category","embeddable":true,"href":"https:\/\/agpnoticias.com\/news\/index.php?rest_route=%2Fwp%2Fv2%2Fcategories&post=2928279"},{"taxonomy":"post_tag","embeddable":true,"href":"https:\/\/agpnoticias.com\/news\/index.php?rest_route=%2Fwp%2Fv2%2Ftags&post=2928279"}],"curies":[{"name":"wp","href":"https:\/\/api.w.org\/{rel}","templated":true}]}}