{"id":2929192,"date":"2021-10-18T13:30:25","date_gmt":"2021-10-18T20:30:25","guid":{"rendered":"https:\/\/agpnoticias.com\/news\/?p=2929192"},"modified":"2021-10-18T13:30:27","modified_gmt":"2021-10-18T20:30:27","slug":"definen-mesa-directiva-de-nueva-asociacion-de-cronistas-deportivos-en-ensenada","status":"publish","type":"post","link":"https:\/\/agpnoticias.com\/news\/?p=2929192","title":{"rendered":"Definen mesa directiva de nueva Asociaci\u00f3n de Cronistas Deportivos en Ensenada"},"content":{"rendered":"\n<p class=\"p1\"><span class=\"s1\">Ensenada, Baja California.- Por unanimidad, Manuel Segura Ch\u00e1vez result\u00f3 electo presidente de la Asociaci\u00f3n de Cronistas Deportivos de Ensenada (Acrode).<\/span><\/p>\n<p class=\"p1\"><span class=\"s1\">La asamblea de elecciones, se llev\u00f3 a cabo el pasado s\u00e1bado por la ma\u00f1ana en Restaurante Bronco\u00b4s Steak House.<\/span><\/p>\n<p class=\"p1\"><span class=\"s1\">Eduardo Z\u00fa\u00f1iga M\u00e9ndez propuso a Segura, quien cont\u00f3 con el apoyo de la totalidad de los asistentes a la reuni\u00f3n.<\/span><\/p>\n<p class=\"p1\"><span class=\"s1\">El resto de los integrantes del consejo directivo 2021-2024 son: Raquel Esparza (vicepresidente), Eduardo Z\u00fa\u00f1iga M\u00e9ndez (secretario), Zeferino Zamudio Valderrama (tesorero).<\/span><\/p>\n<p class=\"p1\"><span class=\"s1\">Adem\u00e1s de los vocales Jes\u00fas \u201cMuschacho\u201d Peralta, Gustavo Salazar Moreno, Alfonso Javier Garz\u00f3n Lafarga y Jos\u00e9 Francisco \u201cPepe\u201d Ram\u00edrez Esquivel.<\/span><\/p>\n<p class=\"p1\"><span class=\"s1\">Francisco \u201cPancho\u201d Ibarra Miranda fue nombrado coordinador de comisiones, mientras que Ra\u00fal Ayub Muraoka y Luis Carlos Parra Pa\u00e9z fungir\u00e1n como responsables del departamento de relaciones p\u00fablicas.<\/span><\/p>\n<p class=\"p1\"><span class=\"s1\">Segura Ch\u00e1vez, dio a conocer que \u201clas puertas estar\u00e1n abiertas para los compa\u00f1eros que deseen unirse al grupo\u201d.<\/span><\/p>\n<p class=\"p1\"><span class=\"s1\">Asimismo, inform\u00f3 que buscar\u00e1n acercamientos con la Asociaci\u00f3n de Periodistas de Ensenada (APE) y Sindicato de Trabajadores de la Industria de la Radio y la Televisi\u00f3n (Stirt), que presiden Luc\u00eda Garayzar Rodr\u00edguez y Javier Calder\u00f3n Zamora, respectivamente.<\/span><\/p>\n<p class=\"p1\"><span class=\"s1\">Se espera que en fecha pr\u00f3ximo, Andr\u00e9s Guevara Montiel, presidente de la Asociaci\u00f3n Estatal de Cronistas Deportivos, viaje a Ensenada para realizar la toma de protesta.<\/span><\/p>\n<p><a href=\"https:\/\/agpnoticias.com\/news\/definen-mesa-directiva-de-nueva-asociacion-de-cronistas-deportivos-en-ensenada\/deev1018_cronistas2_adn\/\" rel=\"attachment wp-att-2929194\"><img fetchpriority=\"high\" decoding=\"async\" class=\"aligncenter size-full wp-image-2929194\" src=\"https:\/\/agpnoticias.com\/news\/wp-content\/uploads\/2021\/10\/DEEV1018_CRONISTAS2_ADN-e1634589021738.jpg\" alt=\"\" width=\"700\" height=\"467\" \/><\/a><\/p>\n<p class=\"p1\"><span class=\"s1\"><b>MESA DIRECTIVA DE LA ASOCIACI\u00d3N DE CRONISTAS DEPORTIVOS DE ENSENADA 2021-2014<\/b><\/span><\/p>\n<p class=\"p1\"><span class=\"s1\">Presidente:<span class=\"Apple-converted-space\">\u00a0 <\/span>Manuel Segura Ch\u00e1vez<\/span><\/p>\n<p class=\"p1\"><span class=\"s1\">Vicepresidente: Raquel Esparza<\/span><\/p>\n<p class=\"p1\"><span class=\"s1\">Secretario: Eduardo Z\u00fa\u00f1iga M\u00e9ndez<\/span><\/p>\n<p class=\"p1\"><span class=\"s1\">Suplente: Jaime L\u00f3pez Amador<\/span><\/p>\n<p class=\"p1\"><span class=\"s1\">Tesorero: Zeferino Zamudio Valderrama<\/span><\/p>\n<p class=\"p1\"><span class=\"s1\">Suplente: \u00c1ngel Ricardo Dom\u00ednguez Niebla<\/span><\/p>\n<p class=\"p1\"><span class=\"s1\"><b>VOCALES<\/b><\/span><\/p>\n<p class=\"p1\"><span class=\"s1\">Vocal 1: Jes\u00fas Peralta Ch\u00e1vez<\/span><\/p>\n<p class=\"p1\"><span class=\"s1\">Vocal 2: Gustavo Salazar Moreno<\/span><\/p>\n<p class=\"p1\"><span class=\"s1\">Vocal 3: Alfonso Javier Garz\u00f3n Lafarga<\/span><\/p>\n<p class=\"p1\"><span class=\"s1\">Vocal 4: Jos\u00e9 Francisco Ram\u00edrez Esquivel<\/span><\/p>\n<p class=\"p1\"><span class=\"s1\"><b>COORDINADOR DE COMISIONES <\/b><span class=\"Apple-converted-space\">\u00a0<\/span><\/span><\/p>\n<p class=\"p1\"><span class=\"s1\">Francisco Ibarra Miranda<\/span><\/p>\n<p class=\"p1\"><span class=\"s1\"><b>RELACIONES P\u00daBLICAS<\/b><\/span><\/p>\n<p class=\"p1\"><span class=\"s1\">Ra\u00fal Ayub Muraoka <span class=\"Apple-converted-space\">\u00a0<\/span><\/span><\/p>\n<p class=\"p1\"><span class=\"s1\">Luis Carlos Parra P\u00e1ez<\/span><\/p>\n<p><em>Informaci\u00f3n: \u00c1ngel Dom\u00ednguez.<\/em><\/p>\n","protected":false},"excerpt":{"rendered":"","protected":false},"author":1,"featured_media":2929193,"comment_status":"open","ping_status":"closed","sticky":false,"template":"","format":"standard","meta":{"footnotes":""},"categories":[7],"tags":[595],"class_list":["post-2929192","post","type-post","status-publish","format-standard","has-post-thumbnail","hentry","category-deportes","tag-destacado"],"_links":{"self":[{"href":"https:\/\/agpnoticias.com\/news\/index.php?rest_route=\/wp\/v2\/posts\/2929192","targetHints":{"allow":["GET"]}}],"collection":[{"href":"https:\/\/agpnoticias.com\/news\/index.php?rest_route=\/wp\/v2\/posts"}],"about":[{"href":"https:\/\/agpnoticias.com\/news\/index.php?rest_route=\/wp\/v2\/types\/post"}],"author":[{"embeddable":true,"href":"https:\/\/agpnoticias.com\/news\/index.php?rest_route=\/wp\/v2\/users\/1"}],"replies":[{"embeddable":true,"href":"https:\/\/agpnoticias.com\/news\/index.php?rest_route=%2Fwp%2Fv2%2Fcomments&post=2929192"}],"version-history":[{"count":2,"href":"https:\/\/agpnoticias.com\/news\/index.php?rest_route=\/wp\/v2\/posts\/2929192\/revisions"}],"predecessor-version":[{"id":2929196,"href":"https:\/\/agpnoticias.com\/news\/index.php?rest_route=\/wp\/v2\/posts\/2929192\/revisions\/2929196"}],"wp:featuredmedia":[{"embeddable":true,"href":"https:\/\/agpnoticias.com\/news\/index.php?rest_route=\/wp\/v2\/media\/2929193"}],"wp:attachment":[{"href":"https:\/\/agpnoticias.com\/news\/index.php?rest_route=%2Fwp%2Fv2%2Fmedia&parent=2929192"}],"wp:term":[{"taxonomy":"category","embeddable":true,"href":"https:\/\/agpnoticias.com\/news\/index.php?rest_route=%2Fwp%2Fv2%2Fcategories&post=2929192"},{"taxonomy":"post_tag","embeddable":true,"href":"https:\/\/agpnoticias.com\/news\/index.php?rest_route=%2Fwp%2Fv2%2Ftags&post=2929192"}],"curies":[{"name":"wp","href":"https:\/\/api.w.org\/{rel}","templated":true}]}}