{"id":2929197,"date":"2021-10-18T20:21:48","date_gmt":"2021-10-19T03:21:48","guid":{"rendered":"https:\/\/agpnoticias.com\/news\/?p=2929197"},"modified":"2021-10-18T20:21:51","modified_gmt":"2021-10-19T03:21:51","slug":"randy-white-y-don-smerek-conviven-con-aficion-de-cowboys-en-ensenada","status":"publish","type":"post","link":"https:\/\/agpnoticias.com\/news\/?p=2929197","title":{"rendered":"Randy White y Don Smerek conviven con afici\u00f3n de Cowboys en Ensenada"},"content":{"rendered":"\n<p>Ensenada, Baja California.- A\u00fan imponen, a sus m\u00e1s de 60.<\/p>\n<p>Su talla y su talento los convirti\u00f3 en referentes defensivos de los Dallas Cowboys.<\/p>\n<p>Randy White, de 1975 a 1988, coron\u00f3 su estancia muy temprano: campe\u00f3n, ganador del Super Bowl XII sobre Broncos de Denver. MVP, adem\u00e1s, de ese encuentro cuyo marcador termin\u00f3 27-10. Entonces comparti\u00f3 la distinci\u00f3n con su compa\u00f1ero de equipo, Harvey Martin, tambi\u00e9n defensivo. \u00abEs la \u00fanica vez que ha pasado\u00bb, coment\u00f3 durante una convivencia con prensa y aficionados en el gimnasio Ensenada Fitness.\u00a0<\/p>\n<p><a href=\"https:\/\/agpnoticias.com\/news\/randy-white-y-don-smerek-conviven-con-aficion-de-cowboys-en-ensenada\/dsc_1288\/\" rel=\"attachment wp-att-2929202\"><img fetchpriority=\"high\" decoding=\"async\" class=\"aligncenter size-full wp-image-2929202\" src=\"https:\/\/agpnoticias.com\/news\/wp-content\/uploads\/2021\/10\/DSC_1288-e1634613537571.jpg\" alt=\"\" width=\"700\" height=\"467\" \/><\/a><\/p>\n<p>A Don Smerek le toc\u00f3 una etapa posterior, de 1980 a 1987, pero sobresali\u00f3 como jugador de la Estrella Solitaria cumpliendo cuando las lesiones se lo permitieron.<\/p>\n<p>Los dos tuvieron como mentor a Tom Landry, aquel elegante entrenador en jefe que condujo a los Cowboys por 29 temporadas con dos campeonatos.<\/p>\n<p>Y est\u00e1n en Ensenada para cumplir con sus sesiones Hino Medical Center, centro especializado en tratamientos con c\u00e9lulas madre, donde aten\u00faan las consecuencias de su trayecto en los emparrillados.<\/p>\n<p>\u00abHay m\u00e1s cuidados, protecci\u00f3n a los jugadores, pero el juego sigue siendo el mismo\u00bb, consider\u00f3 Smerek en torno a las medidas tomadas por NFL para evitar secuelas de los protagonistas en la medida de lo posible.\u00a0<\/p>\n<figure id=\"attachment_2929200\" aria-describedby=\"caption-attachment-2929200\" style=\"width: 700px\" class=\"wp-caption aligncenter\"><a href=\"https:\/\/agpnoticias.com\/news\/randy-white-y-don-smerek-conviven-con-aficion-de-cowboys-en-ensenada\/dsc_1217\/\" rel=\"attachment wp-att-2929200\"><img decoding=\"async\" class=\"size-full wp-image-2929200\" src=\"https:\/\/agpnoticias.com\/news\/wp-content\/uploads\/2021\/10\/DSC_1217-e1634613586704.jpg\" alt=\"\" width=\"700\" height=\"467\" \/><\/a><figcaption id=\"caption-attachment-2929200\" class=\"wp-caption-text\">Don Smerek<\/figcaption><\/figure>\n<p>Los dos resaltaron las atenciones que reciben en la cl\u00ednica ensenadense, a donde acuden peri\u00f3dicamente, pues no solo es el aspecto m\u00e9dico el que les garantiza mejor\u00eda, sino tambi\u00e9n el factor humano que los lleva a compartir experiencias con el resto de los pacientes.<\/p>\n<p>En M\u00e9xico, los Vaqueros ganaron una afici\u00f3n desde que la televisi\u00f3n abierta transmiti\u00f3 el Super Bowl ganado en 1978 y los que perdieron con Pittsburgh en 1976 y 1979.<\/p>\n<p class=\"p1\"><span class=\"Apple-converted-space\">\u00abN<\/span>unca imagin\u00e9 qu\u00e9 tan fuerte era la afici\u00f3n en Texas con tanto hispano apoy\u00e1ndonos. Y cuando vengo a M\u00e9xico he hecho amigos y disfruto el pa\u00eds y a su gente que me muestra su entusiasmo por ser Cowboy-fans, es una gran afici\u00f3n\u201d, dijo White sobre el arraigo ganado por el equipo desde los a\u00f1os setenta.<\/p>\n<p>De su designaci\u00f3n como Jugador M\u00e1s Valioso del Super Bowl de 1978, consider\u00f3 que todo el equipo cumpli\u00f3 una actuaci\u00f3n colectiva redonda y pudo ser reconocido desde el mariscal de campo Roger Staubach hasta Ed \u00abToo Tall\u00bb Jones y cualquiera de sus compa\u00f1eros.<\/p>\n<p>Lo que ambos comparten, adem\u00e1s de las ocho temporadas que compartieron como integrantes de Cowboys, es el respeto por Tom Landry. \u00abUn gran maestro, una persona especial\u00bb, describi\u00f3 White.<\/p>\n<p>\u00abMucha gente puede entrenar pero \u00e9l lo hac\u00eda con todas las lineas, sab\u00eda todos los secretos. Nos daba el conocimiento y as\u00ed tom\u00e1bamos la confianza para solucionar los problemas en el terreno de juego, nos daba lecciones de vida, un hombre cristiano y por 14 a\u00f1os nunca lo vi perder el control, se molestaba y con la mirada lo transmit\u00eda\u00bb.<\/p>\n<figure id=\"attachment_2929199\" aria-describedby=\"caption-attachment-2929199\" style=\"width: 700px\" class=\"wp-caption aligncenter\"><a href=\"https:\/\/agpnoticias.com\/news\/randy-white-y-don-smerek-conviven-con-aficion-de-cowboys-en-ensenada\/dsc_1216-2\/\" rel=\"attachment wp-att-2929199\"><img decoding=\"async\" class=\"size-full wp-image-2929199\" src=\"https:\/\/agpnoticias.com\/news\/wp-content\/uploads\/2021\/10\/DSC_1216-e1634613499540.jpg\" alt=\"\" width=\"700\" height=\"467\" \/><\/a><figcaption id=\"caption-attachment-2929199\" class=\"wp-caption-text\">Randy White<\/figcaption><\/figure>\n<p>En ese sentido, Smerek record\u00f3 a Landry como \u00abun gran l\u00edder\u00bb que en su caso prolong\u00f3 una carrera que, por las lesiones, pudo acabar de forma prematura.<\/p>\n<p class=\"p1\">\u00abMe hizo continuar reforzando mi fe Y siempre estar\u00e9 en deuda con \u00e9l, por el apoyo que me brind\u00f3 para seguir varios a\u00f1os m\u00e1s\u00bb, refiri\u00f3.<span class=\"Apple-converted-space\">\u00a0<\/span><\/p>\n<p>De los actuales Vaqueros dirigidos por Mike McCarthy, Randy White estim\u00f3 que Dak Prescott, el mariscal de campo, \u00abha mejorado en cuanto a fundamentos y el equipo cuenta con j\u00f3venes que crecen y que ir\u00e1n adquiriendo confianza con los triunfos conseguidos\u00bb.<\/p>\n<p>\u00abLes tengo confianza y los apoyo\u00bb, agreg\u00f3.<\/p>\n<p>En Ensenada, las dos leyendas de Dallas firmaron aut\u00f3grafos y se fotografiaron con seguidores de la ciudad, as\u00ed como con un grupo que se traslad\u00f3 desde Tijuana.<\/p>\n<p>\u00a0<\/p>\n","protected":false},"excerpt":{"rendered":"","protected":false},"author":1,"featured_media":2929198,"comment_status":"open","ping_status":"closed","sticky":false,"template":"","format":"standard","meta":{"footnotes":""},"categories":[33],"tags":[595],"class_list":["post-2929197","post","type-post","status-publish","format-standard","has-post-thumbnail","hentry","category-futbol-americano","tag-destacado"],"_links":{"self":[{"href":"https:\/\/agpnoticias.com\/news\/index.php?rest_route=\/wp\/v2\/posts\/2929197","targetHints":{"allow":["GET"]}}],"collection":[{"href":"https:\/\/agpnoticias.com\/news\/index.php?rest_route=\/wp\/v2\/posts"}],"about":[{"href":"https:\/\/agpnoticias.com\/news\/index.php?rest_route=\/wp\/v2\/types\/post"}],"author":[{"embeddable":true,"href":"https:\/\/agpnoticias.com\/news\/index.php?rest_route=\/wp\/v2\/users\/1"}],"replies":[{"embeddable":true,"href":"https:\/\/agpnoticias.com\/news\/index.php?rest_route=%2Fwp%2Fv2%2Fcomments&post=2929197"}],"version-history":[{"count":2,"href":"https:\/\/agpnoticias.com\/news\/index.php?rest_route=\/wp\/v2\/posts\/2929197\/revisions"}],"predecessor-version":[{"id":2929204,"href":"https:\/\/agpnoticias.com\/news\/index.php?rest_route=\/wp\/v2\/posts\/2929197\/revisions\/2929204"}],"wp:featuredmedia":[{"embeddable":true,"href":"https:\/\/agpnoticias.com\/news\/index.php?rest_route=\/wp\/v2\/media\/2929198"}],"wp:attachment":[{"href":"https:\/\/agpnoticias.com\/news\/index.php?rest_route=%2Fwp%2Fv2%2Fmedia&parent=2929197"}],"wp:term":[{"taxonomy":"category","embeddable":true,"href":"https:\/\/agpnoticias.com\/news\/index.php?rest_route=%2Fwp%2Fv2%2Fcategories&post=2929197"},{"taxonomy":"post_tag","embeddable":true,"href":"https:\/\/agpnoticias.com\/news\/index.php?rest_route=%2Fwp%2Fv2%2Ftags&post=2929197"}],"curies":[{"name":"wp","href":"https:\/\/api.w.org\/{rel}","templated":true}]}}