{"id":2929213,"date":"2021-10-19T08:33:18","date_gmt":"2021-10-19T15:33:18","guid":{"rendered":"https:\/\/agpnoticias.com\/news\/?p=2929213"},"modified":"2021-10-19T08:33:20","modified_gmt":"2021-10-19T15:33:20","slug":"airpods-todos-los-detalles-de-la-tercera-generacion-de-los-auriculares-de-apple","status":"publish","type":"post","link":"https:\/\/agpnoticias.com\/news\/?p=2929213","title":{"rendered":"AirPods: todos los detalles de la tercera generaci\u00f3n de los auriculares de Apple"},"content":{"rendered":"\n<p class=\"paragraph\">Este 18 de octubre, Apple realiz\u00f3 un nuevo evento en el que lanz\u00f3 una nueva gama de productos y servicios con los que busca fidelizar a sus usuarios y empezar a acaparar la atenci\u00f3n de un nuevo p\u00fablico necesitado de tecnolog\u00eda en medio de la reactivaci\u00f3n econ\u00f3mica que vive el mundo.<\/p>\n<p class=\"paragraph\">En el Apple Event de este lunes,\u00a0<b>la empresa fundada por Steve Jobs hizo que los focos de los medios de comunicaci\u00f3n y redes sociales se centraran en lo que ser\u00e1 la nueva generaci\u00f3n del MacBook Pro<\/b>, que ahora contar\u00e1 con dos modelos: de 14 y 16 pulgadas, adem\u00e1s de la inclusi\u00f3n de dos nuevos chips:<b>\u00a0el M1 Pro y el M1 Max.<\/b>\u00a0<\/p>\n<p class=\"paragraph\">Con estos procesadores, Apple promete que sus computadores tendr\u00e1n un mejor rendimiento que el que mostraban aquellos con M1, aunque con menos energ\u00eda en comparaci\u00f3n con los fabricados por marcas rivales como Intel o Advanced Micro Devices.<\/p>\n<div class=\"teads-inread sm-screen teads-display-format\">\n<div id=\"teads0\" class=\"teads-player\">\u00a0<\/div>\n<\/div>\n<div class=\"visual__image \">\u00a0<\/div>\n<h2 class=\"header\">La sorpresa del d\u00eda: AirPods 3<\/h2>\n<div class=\"inline ad-wrapper\">\n<div class=\"dfpAd display_inline_block ad_margin_wrapper\">\n<div id=\"america\/tecno\/nota\/inline\" class=\"america\/tecno\/nota\/inline arcad\" data-google-query-id=\"CIir7pbl1vMCFWYT-QAdS_YJcA\">\n<p id=\"google_ads_iframe_\/1058609\/america\/tecno\/nota\/inline_0__container__\"><span style=\"font-family: 'PT Serif', sans-serif; font-size: 1.1rem;\">Ahora bien, uno de los anuncios que m\u00e1s sorprendi\u00f3 a los seguidores de Apple es el lanzamiento de la tercera generaci\u00f3n de los AirPods. En esta ocasi\u00f3n, la empresa de la \u2018manzana mordida\u2019 adapt\u00f3 caracter\u00edsticas del pasado como la <\/span><b style=\"font-family: 'PT Serif', sans-serif; font-size: 1.1rem;\">resistencia al sudor y a las gotas de agua<\/b><span style=\"font-family: 'PT Serif', sans-serif; font-size: 1.1rem;\">, lo que es \u00fatil para las personas que realizan actividad deportiva mientras escuchan m\u00fasica en los auriculares, adem\u00e1s de algunos otros detalles que antes solo ten\u00edan presencia en los AirPods Pro.<\/span><\/p>\n<\/div>\n<\/div>\n<\/div>\n<p class=\"paragraph\">Entre las nuevas implementaciones se encuentra el\u00a0<b>audio espacial con apoyo de Dolby Atmos<\/b>. Cabe recordar que esta funci\u00f3n hace que los AirPods adapten el sonido en el o\u00eddo dependiendo los movimientos de cabeza que detectan sus sensores de seguimiento. As\u00ed,\u00a0<b>el sonido siempre ser\u00e1 el mismo ya sea que una persona est\u00e9 viendo para el frente o que tenga la cabeza inclinada.<\/b><\/p>\n<p class=\"paragraph\">En cuanto al dise\u00f1o y software, Apple decidi\u00f3 incluir el chip H1 que mejora condiciones tanto de audio como de voz. En el caso de la escucha, los auriculares vienen ahora con mejoras en la forma de su cabezal por lo que se ajustan mejor al pabell\u00f3n auditivo fortaleciendo el sonido que llega al o\u00eddo.<\/p>\n<p class=\"paragraph\">Por su parte, para mejorar las condiciones al hablar,\u00a0<b>la empresa decidi\u00f3 proteger el micr\u00f3fono de los AirPods con ayuda de una malla ac\u00fastica que disminuye de forma casi que total el ruido del exterior.<\/b>\u00a0De esta forma, con esta inclusi\u00f3n Apple busca mejorar aspectos de habla como las llamadas telef\u00f3nicas y las videollamadas de FaceTime.<\/p>\n<div class=\"visual__image \">\u00a0<\/div>\n<p class=\"paragraph\">Otro de los aspectos a destacar es la bater\u00eda con la que llegan estos nuevos auriculares. De acuerdo con la presentaci\u00f3n de Apple,\u00a0<b>los AirPods no necesitar\u00e1n de m\u00e1s de cinco minutos de carga para que una persona pueda gozar de al menos una hora de m\u00fasica ininterrumpida<\/b>. As\u00ed, una carga completa ser\u00e1 suficiente para disfrutar de 6 horas de reproducci\u00f3n musical, mientras que la caja alcanzar\u00e1 para cinco cargas (30 horas de m\u00fasica).<\/p>\n<p class=\"paragraph\">Adem\u00e1s, al igual que los nuevos MacBook Pro, estos accesorios podr\u00e1n cargarse con ayuda de MagSafe, el m\u00e9todo de carga inal\u00e1mbrica de Apple; aunque por supuesto, para aquellos que quieran recargar la bater\u00eda con ayuda de un cable, la caja a\u00fan cuenta con un puerto Lightning.<\/p>\n<p class=\"paragraph\">Por \u00faltimo, la compa\u00f1\u00eda inform\u00f3 que\u00a0<b>los AirPods de tercera generaci\u00f3n estar\u00e1n a la venta por un precio de 179 d\u00f3lares<\/b>\u00a0y se enviar\u00e1n desde el pr\u00f3ximo 26 de octubre.<\/p>\n","protected":false},"excerpt":{"rendered":"<p>En el Apple Event de este lunes,\u00a0la empresa fundada por Steve Jobs hizo que los focos de los medios de comunicaci\u00f3n y redes sociales se centraran en lo que ser\u00e1 la nueva generaci\u00f3n del MacBook Pro, que ahora contar\u00e1 con dos modelos: de 14 y 16 pulgadas, adem\u00e1s de la inclusi\u00f3n de dos nuevos chips:\u00a0el M1 Pro y el M1 Max.\u00a0<\/p>\n","protected":false},"author":1,"featured_media":2929214,"comment_status":"open","ping_status":"closed","sticky":false,"template":"","format":"standard","meta":{"footnotes":""},"categories":[1],"tags":[595],"class_list":["post-2929213","post","type-post","status-publish","format-standard","has-post-thumbnail","hentry","category-uncategorized","tag-destacado"],"_links":{"self":[{"href":"https:\/\/agpnoticias.com\/news\/index.php?rest_route=\/wp\/v2\/posts\/2929213","targetHints":{"allow":["GET"]}}],"collection":[{"href":"https:\/\/agpnoticias.com\/news\/index.php?rest_route=\/wp\/v2\/posts"}],"about":[{"href":"https:\/\/agpnoticias.com\/news\/index.php?rest_route=\/wp\/v2\/types\/post"}],"author":[{"embeddable":true,"href":"https:\/\/agpnoticias.com\/news\/index.php?rest_route=\/wp\/v2\/users\/1"}],"replies":[{"embeddable":true,"href":"https:\/\/agpnoticias.com\/news\/index.php?rest_route=%2Fwp%2Fv2%2Fcomments&post=2929213"}],"version-history":[{"count":1,"href":"https:\/\/agpnoticias.com\/news\/index.php?rest_route=\/wp\/v2\/posts\/2929213\/revisions"}],"predecessor-version":[{"id":2929215,"href":"https:\/\/agpnoticias.com\/news\/index.php?rest_route=\/wp\/v2\/posts\/2929213\/revisions\/2929215"}],"wp:featuredmedia":[{"embeddable":true,"href":"https:\/\/agpnoticias.com\/news\/index.php?rest_route=\/wp\/v2\/media\/2929214"}],"wp:attachment":[{"href":"https:\/\/agpnoticias.com\/news\/index.php?rest_route=%2Fwp%2Fv2%2Fmedia&parent=2929213"}],"wp:term":[{"taxonomy":"category","embeddable":true,"href":"https:\/\/agpnoticias.com\/news\/index.php?rest_route=%2Fwp%2Fv2%2Fcategories&post=2929213"},{"taxonomy":"post_tag","embeddable":true,"href":"https:\/\/agpnoticias.com\/news\/index.php?rest_route=%2Fwp%2Fv2%2Ftags&post=2929213"}],"curies":[{"name":"wp","href":"https:\/\/api.w.org\/{rel}","templated":true}]}}