{"id":2929216,"date":"2021-10-19T08:41:44","date_gmt":"2021-10-19T15:41:44","guid":{"rendered":"https:\/\/agpnoticias.com\/news\/?p=2929216"},"modified":"2021-10-19T08:41:46","modified_gmt":"2021-10-19T15:41:46","slug":"benzema-afrontara-juicio-por-el-cual-podria-recibir-cinco-anos-de-carcel","status":"publish","type":"post","link":"https:\/\/agpnoticias.com\/news\/?p=2929216","title":{"rendered":"Benzema afrontar\u00e1 juicio por el cual podr\u00eda recibir cinco a\u00f1os de c\u00e1rcel"},"content":{"rendered":"\n<p>El delantero del\u00a0<b>Real Madrid, Karim Benzema,\u00a0<\/b>afronta a partir de este mi\u00e9rcoles en el\u00a0<b>Tribunal de Versalles<\/b>\u00a0el juicio por la presunta complicidad en el chantaje a su excompa\u00f1ero en la selecci\u00f3n,\u00a0<b>Mathieu Valbuena,<\/b>\u00a0en 2015, en el que\u00a0<b>puede ser condenado a cinco a\u00f1os de c\u00e1rcel y 75 mil euros de multa.<\/b><\/p>\n<figure style=\"width: 799px\" class=\"wp-caption aligncenter\"><img fetchpriority=\"high\" decoding=\"async\" class=\"loaded\" src=\"https:\/\/img-s-msn-com.akamaized.net\/tenant\/amp\/entityid\/AAPHqpJ.img?h=498&amp;w=799&amp;m=6&amp;q=60&amp;o=f&amp;l=f&amp;x=438&amp;y=110\" alt=\"Benzema tiene que afrontar la acusaci\u00f3n. (Foto: AP)\" width=\"799\" height=\"497\" data-src=\"{&quot;default&quot;:{&quot;load&quot;:&quot;default&quot;,&quot;w&quot;:&quot;80&quot;,&quot;h&quot;:&quot;50&quot;,&quot;src&quot;:&quot;\/\/img-s-msn-com.akamaized.net\/tenant\/amp\/entityid\/AAPHqpJ.img?h=498&amp;w=799&amp;m=6&amp;q=60&amp;o=f&amp;l=f&amp;x=438&amp;y=110&quot;},&quot;size3column&quot;:{&quot;load&quot;:&quot;default&quot;,&quot;w&quot;:&quot;62&quot;,&quot;h&quot;:&quot;39&quot;,&quot;src&quot;:&quot;\/\/img-s-msn-com.akamaized.net\/tenant\/amp\/entityid\/AAPHqpJ.img?h=389&amp;w=624&amp;m=6&amp;q=60&amp;o=f&amp;l=f&amp;x=438&amp;y=110&quot;},&quot;size2column&quot;:{&quot;load&quot;:&quot;default&quot;,&quot;w&quot;:&quot;62&quot;,&quot;h&quot;:&quot;39&quot;,&quot;src&quot;:&quot;\/\/img-s-msn-com.akamaized.net\/tenant\/amp\/entityid\/AAPHqpJ.img?h=389&amp;w=624&amp;m=6&amp;q=60&amp;o=f&amp;l=f&amp;x=438&amp;y=110&quot;}}\" \/><figcaption class=\"wp-caption-text\">\u00a9 Editorial Medio Tiempo\u00a0Benzema tiene que afrontar la acusaci\u00f3n. (Foto: AP)<\/figcaption><\/figure>\n<p>El proceso que ha ensombrecido su imagen y que le mantuvo cinco a\u00f1os ausente de la selecci\u00f3n, en particular durante la\u00a0<b>Eurocopa de 2016<\/b>\u00a0y el\u00a0<b>Mundial de Rusia\u00a0<\/b>en el que\u00a0<b>Francia\u00a0<\/b>se proclam\u00f3 campeona, se producir\u00e1 en el mejor momento deportivo del atacante,\u00a0<b>citado como candidato a ganar el Bal\u00f3n de Oro a finales de noviembre.<\/b><\/p>\n<p>Los abogados del jugador no confirman su presencia en la vista, en medio de una cargada agenda deportiva, entre un duelo vital de<b>\u00a0Liga de Campeones contra el Shakhtar Donetsk\u00a0<\/b>y un importante cl\u00e1sico contra el\u00a0<b>Barcelona.<\/b><\/p>\n<div id=\"outstream_article\" data-id=\"110\" data-m=\"{&quot;i&quot;:110,&quot;p&quot;:108,&quot;n&quot;:&quot;article-inlineOutstreamAd&quot;,&quot;t&quot;:&quot;inlineOutstreamAd&quot;,&quot;o&quot;:2}\">\n<div id=\"inlineoutstreamcontainer\" class=\"inlineOutstreamContainer\">\n<p id=\"apn_display_container_tda1a3hyyw\"><span style=\"font-family: 'PT Serif', sans-serif; font-size: 1.1rem;\">Benzema podr\u00eda regresar a <\/span><b style=\"font-family: 'PT Serif', sans-serif; font-size: 1.1rem;\">Versalles, la ciudad donde pas\u00f3 una noche en el calabozo en noviembre de 2015<\/b><span style=\"font-family: 'PT Serif', sans-serif; font-size: 1.1rem;\">, antes de ser procesado por complicidad de chantaje y asociaci\u00f3n de malhechores, cargo este \u00faltimo que no fue mantenido por la acusaci\u00f3n.<\/span><\/p>\n<\/div>\n<\/div>\n<p>Desde entonces han fracasado todos los intentos de sus abogados de sacarle de un caso en el que, seg\u00fan su propio testimonio, solo obr\u00f3 de buena voluntad para ayudar a Valbuena, que estaba siendo sometido a un chantaje.<\/p>\n<p>La justicia le reprocha haber actuado en favor de los chantajistas cuando el 6 de octubre de 2015, durante una concentraci\u00f3n de la selecci\u00f3n en Clairefontaine, ofreci\u00f3 a su compa\u00f1ero la ayuda de un intermediario para desembarazarle del problema.<\/p>\n<p>Se trataba de\u00a0<b>Karim Zenati, amigo de infancia de Benzema<\/b>, que previamente hab\u00eda advertido al delantero del Madrid de la existencia de un video de car\u00e1cter sexual en el que aparec\u00edan<b>\u00a0Valbuena y su esposa<\/b>.<\/p>\n<p>Ese archivo hab\u00eda sido obtenido en julio de 2014 por Axel Angot, conocido de varios jugadores por sus habilidades en el uso de la inform\u00e1tica, a quien Valbuena, entonces futbolista del Marsella, hab\u00eda pedido que rescatara los datos de un tel\u00e9fono m\u00f3vil da\u00f1ado.<\/p>\n<h2>VIDEO SEXUAL<\/h2>\n<p>El fichero acab\u00f3 en el ordenador de Angot, que lo mantuvo guardado hasta que meses m\u00e1s tarde necesit\u00f3 pagar una deuda. Junto a Mustapha Zouaoui, reputado por proporcionar productos de lujo a los futbolistas y varias veces condenado por chantaje,\u00a0<b>ide\u00f3 un plan para obtener una compensaci\u00f3n de Valbuena.<\/b><\/p>\n<p>La idea era informar al marsell\u00e9s de la existencia del v\u00eddeo a trav\u00e9s del exjugador<b>\u00a0Djibril Ciss\u00e9<\/b>\u00a0y, al tiempo, proponer la ayuda de Angot para borrarlo, algo que deb\u00eda estimular la generosidad del jugador.<\/p>\n<p>Pero Valbuena no reaccion\u00f3, por lo que acudieron a otro hombre de confianza de futbolistas,\u00a0<b>Younes Houass<\/b>, que en junio lo llam\u00f3 en varias ocasiones. En lugar de aceptar el chantaje,\u00a0<b>el jugador del Marsella acudi\u00f3 a la polic\u00eda que, a partir de ese momento, comenz\u00f3 a intervenir conversaciones telef\u00f3nicas.<\/b><\/p>\n<h2>AMIGO DE INFANCIA<\/h2>\n<p>As\u00ed supieron que los presuntos chantajistas entraron en contacto con Zenati, quien, a su vez, pidi\u00f3 la intervenci\u00f3n de Benzema.<\/p>\n","protected":false},"excerpt":{"rendered":"<p>Los abogados del jugador no confirman su presencia en la vista, en medio de una cargada agenda deportiva, entre un duelo vital de\u00a0Liga de Campeones contra el Shakhtar Donetsk\u00a0y un importante cl\u00e1sico contra el\u00a0Barcelona.<\/p>\n","protected":false},"author":1,"featured_media":2929217,"comment_status":"open","ping_status":"closed","sticky":false,"template":"","format":"standard","meta":{"footnotes":""},"categories":[32],"tags":[595],"class_list":["post-2929216","post","type-post","status-publish","format-standard","has-post-thumbnail","hentry","category-soccer","tag-destacado"],"_links":{"self":[{"href":"https:\/\/agpnoticias.com\/news\/index.php?rest_route=\/wp\/v2\/posts\/2929216","targetHints":{"allow":["GET"]}}],"collection":[{"href":"https:\/\/agpnoticias.com\/news\/index.php?rest_route=\/wp\/v2\/posts"}],"about":[{"href":"https:\/\/agpnoticias.com\/news\/index.php?rest_route=\/wp\/v2\/types\/post"}],"author":[{"embeddable":true,"href":"https:\/\/agpnoticias.com\/news\/index.php?rest_route=\/wp\/v2\/users\/1"}],"replies":[{"embeddable":true,"href":"https:\/\/agpnoticias.com\/news\/index.php?rest_route=%2Fwp%2Fv2%2Fcomments&post=2929216"}],"version-history":[{"count":1,"href":"https:\/\/agpnoticias.com\/news\/index.php?rest_route=\/wp\/v2\/posts\/2929216\/revisions"}],"predecessor-version":[{"id":2929218,"href":"https:\/\/agpnoticias.com\/news\/index.php?rest_route=\/wp\/v2\/posts\/2929216\/revisions\/2929218"}],"wp:featuredmedia":[{"embeddable":true,"href":"https:\/\/agpnoticias.com\/news\/index.php?rest_route=\/wp\/v2\/media\/2929217"}],"wp:attachment":[{"href":"https:\/\/agpnoticias.com\/news\/index.php?rest_route=%2Fwp%2Fv2%2Fmedia&parent=2929216"}],"wp:term":[{"taxonomy":"category","embeddable":true,"href":"https:\/\/agpnoticias.com\/news\/index.php?rest_route=%2Fwp%2Fv2%2Fcategories&post=2929216"},{"taxonomy":"post_tag","embeddable":true,"href":"https:\/\/agpnoticias.com\/news\/index.php?rest_route=%2Fwp%2Fv2%2Ftags&post=2929216"}],"curies":[{"name":"wp","href":"https:\/\/api.w.org\/{rel}","templated":true}]}}