{"id":2930751,"date":"2021-11-29T13:04:32","date_gmt":"2021-11-29T21:04:32","guid":{"rendered":"https:\/\/agpnoticias.com\/news\/?p=2930751"},"modified":"2021-11-29T13:04:35","modified_gmt":"2021-11-29T21:04:35","slug":"todos-santos-realizo-carrera-atletica","status":"publish","type":"post","link":"https:\/\/agpnoticias.com\/news\/?p=2930751","title":{"rendered":"Todos Santos realiz\u00f3 carrera atl\u00e9tica"},"content":{"rendered":"\n<p class=\"p1\"><span class=\"s1\">Ensenada, Baja California (Bolet\u00edn).- Alrededor de 300 participantes se dieron cita este domingo 28 de Noviembre en la explanada de CEARTE para recorrer 5 kil\u00f3metros sobre las calles de Ensenada continuando con la reapertura de actividades deportivas presenciales que vienen a despertar un sector que gran parte de la comunidad deportista ensenadense anhelaba.<span class=\"Apple-converted-space\">\u00a0<\/span><\/span><\/p>\n<p class=\"p1\"><span class=\"s1\">Los tijuanenses Jes\u00fas Candelario y Patricia Mart\u00ednez fueron los campeones absolutos llev\u00e1ndose una bolsa en efectivo de 1500 pesos. Los ganadores por categor\u00edas recibieron 500 pesos en efectivo.<span class=\"Apple-converted-space\">\u00a0<\/span><\/span><\/p>\n<p class=\"p1\"><span class=\"s1\">Los mejores ensenadenses en la rama femenil fueron Katherine Villegas seguida de la atleta master Selene Elenes<span class=\"Apple-converted-space\">\u00a0 <\/span>y en la varonil Armando Nava, quien adelant\u00f3 por 10 segundos al juvenil David Alejandro Garc\u00eda.<\/span><\/p>\n<p><a href=\"https:\/\/agpnoticias.com\/news\/todos-santos-realizo-carrera-atletica\/262386526_950464585552088_4210534653419106661_n\/\" rel=\"attachment wp-att-2930754\"><img fetchpriority=\"high\" decoding=\"async\" class=\"aligncenter size-full wp-image-2930754\" src=\"https:\/\/agpnoticias.com\/news\/wp-content\/uploads\/2021\/11\/262386526_950464585552088_4210534653419106661_n.jpg\" alt=\"\" width=\"662\" height=\"662\" srcset=\"https:\/\/agpnoticias.com\/news\/wp-content\/uploads\/2021\/11\/262386526_950464585552088_4210534653419106661_n.jpg 662w, https:\/\/agpnoticias.com\/news\/wp-content\/uploads\/2021\/11\/262386526_950464585552088_4210534653419106661_n-400x400.jpg 400w, https:\/\/agpnoticias.com\/news\/wp-content\/uploads\/2021\/11\/262386526_950464585552088_4210534653419106661_n-300x300.jpg 300w, https:\/\/agpnoticias.com\/news\/wp-content\/uploads\/2021\/11\/262386526_950464585552088_4210534653419106661_n-80x80.jpg 80w\" sizes=\"(max-width: 662px) 100vw, 662px\" \/><\/a><\/p>\n<p class=\"p1\"><span class=\"s1\">Al finalizar el evento de 5 kil\u00f3metros los infantiles y juveniles recorrieron un circuito de 1 kil\u00f3metro en donde Christopher Guti\u00e9rrez y Mia Fernanda Alc\u00e1ntar resultaron ganadores.<\/span><\/p>\n<p class=\"p1\"><span class=\"s1\">Por otra parte la organizaci\u00f3n realiz\u00f3 rifas otorgando regalos tanto a ganadores como dem\u00e1s participantes quienes disfrutaron tambi\u00e9n de hotcakes que padres de familia del Club Todos Santos cocin\u00f3 y regal\u00f3 a los corredores.<span class=\"Apple-converted-space\">\u00a0<\/span><\/span><\/p>\n<p class=\"p1\"><span class=\"s1\">Patrocinadores: Genaro Utrera, Santo Mitote, Monta\u00f1a de Telas, Rodarte Runners, Samuel Albestrain, David Amos, INMUDERE, Garage Gym , Coach H\u00e9ctor Ay\u00f3n.<\/span><\/p>\n<p><a href=\"https:\/\/agpnoticias.com\/news\/todos-santos-realizo-carrera-atletica\/262369866_3396950350531958_5185878187824604142_n\/\" rel=\"attachment wp-att-2930753\"><img decoding=\"async\" class=\"aligncenter size-full wp-image-2930753\" src=\"https:\/\/agpnoticias.com\/news\/wp-content\/uploads\/2021\/11\/262369866_3396950350531958_5185878187824604142_n-e1638219868601.jpg\" alt=\"\" width=\"600\" height=\"800\" \/><\/a><\/p>\n<p class=\"p1\"><span class=\"s1\">Ganadores generales del Primer Invitacional Todos Santos Ensenada 5KM<span class=\"Apple-converted-space\">\u00a0<\/span><\/span><\/p>\n<p class=\"p1\"><span class=\"s1\"><span class=\"Apple-converted-space\">\u00a0<\/span>Rama Varonil<span class=\"Apple-converted-space\">\u00a0<\/span><\/span><\/p>\n<p class=\"p1\"><span class=\"s1\">1er lugar Jesus Candelario Veloz RT<span class=\"Apple-converted-space\">\u00a0<\/span><\/span><\/p>\n<p class=\"p1\"><span class=\"s1\">2do lugar Omar Jim\u00e9nez Veloz RT<\/span><\/p>\n<p class=\"p1\"><span class=\"s1\">3er lugar Armando Nava Halcones<\/span><\/p>\n<p class=\"p1\"><span class=\"s1\">4to lugar David Alejandro Garc\u00eda Todos Santos Ensenada<\/span><\/p>\n<p class=\"p1\"><span class=\"s1\">5to lugar Jairo Vallejo Todos Santos Ensenada<\/span><\/p>\n<p class=\"p1\"><span class=\"s1\">6to lugar Alejandro Raudales<span class=\"Apple-converted-space\">\u00a0<\/span><\/span><\/p>\n<p class=\"p1\"><span class=\"s1\"><span class=\"Apple-converted-space\">\u00a0<\/span>Rama Femenil<span class=\"Apple-converted-space\">\u00a0<\/span><\/span><\/p>\n<p class=\"p1\"><span class=\"s1\">1er lugar Patricia Mart\u00ednez Veloz RT<span class=\"Apple-converted-space\">\u00a0<\/span><\/span><\/p>\n<p class=\"p1\"><span class=\"s1\">2do lugar Katherine Villegas Veloz RT<\/span><\/p>\n<p class=\"p1\"><span class=\"s1\">3er lugar Selene Elenes Todos Santos Ensenada<\/span><\/p>\n<p class=\"p1\"><span class=\"s1\">4to Jaqueline Atondo Todos Santos Ensenada<\/span><\/p>\n<p class=\"p1\"><span class=\"s1\"><span class=\"Apple-converted-space\">\u00a0<\/span>Categor\u00edas<\/span><\/p>\n<p class=\"p1\"><span class=\"s1\"><span class=\"Apple-converted-space\">\u00a0<\/span>Master 40-59<span class=\"Apple-converted-space\">\u00a0<\/span><\/span><\/p>\n<p class=\"p1\"><span class=\"s1\">1er lugar Selene Elenes<span class=\"Apple-converted-space\">\u00a0<\/span><\/span><\/p>\n<p class=\"p1\"><span class=\"s1\">2do lugar Karla Loera<\/span><\/p>\n<p class=\"p1\"><span class=\"s1\">3er lugar Martha Elva<span class=\"Apple-converted-space\">\u00a0<\/span><\/span><\/p>\n<p class=\"p1\"><span class=\"s1\"><span class=\"Apple-converted-space\">\u00a0<\/span>Veteranos 60 y +<\/span><\/p>\n<p class=\"p1\"><span class=\"s1\">1er lugar Gloria Rodr\u00edguez<span class=\"Apple-converted-space\">\u00a0<\/span><\/span><\/p>\n<p class=\"p1\"><span class=\"s1\">2do lugar Victoria Rosas<span class=\"Apple-converted-space\">\u00a0<\/span><\/span><\/p>\n<p class=\"p1\"><span class=\"s1\">3er lugar Teresa Fern\u00e1ndez<span class=\"Apple-converted-space\">\u00a0<\/span><\/span><\/p>\n<p class=\"p1\"><span class=\"s1\"><span class=\"Apple-converted-space\">\u00a0<\/span>Master 40-59<span class=\"Apple-converted-space\">\u00a0<\/span><\/span><\/p>\n<p class=\"p1\"><span class=\"s1\">1er lugar Jorge Hern\u00e1ndez<span class=\"Apple-converted-space\">\u00a0<\/span><\/span><\/p>\n<p class=\"p1\"><span class=\"s1\">2do lugar Efra\u00edn Garc\u00eda<span class=\"Apple-converted-space\">\u00a0<\/span><\/span><\/p>\n<p class=\"p1\"><span class=\"s1\">3er lugar Felipe Salgado<span class=\"Apple-converted-space\">\u00a0<\/span><\/span><\/p>\n<p class=\"p1\"><span class=\"s1\"><span class=\"Apple-converted-space\">\u00a0<\/span>Veteranos 60 y +<\/span><\/p>\n<p class=\"p1\"><span class=\"s1\">1er lugar Jos\u00e9 Puga<span class=\"Apple-converted-space\">\u00a0<\/span><\/span><\/p>\n<p class=\"p1\"><span class=\"s1\">2do lugar Filem\u00f3n Rojas<\/span><\/p>\n<p class=\"p1\"><span class=\"s1\">3er lugar Carlos Ter\u00e1n Arteaga<\/span><\/p>\n<p class=\"p1\"><span class=\"s1\"><span class=\"Apple-converted-space\">\u00a0<\/span>Juvenil 5km<span class=\"Apple-converted-space\">\u00a0<\/span><\/span><\/p>\n<p class=\"p1\"><span class=\"s1\">1er David Alejandro Garc\u00eda<span class=\"Apple-converted-space\">\u00a0<\/span><\/span><\/p>\n<p class=\"p1\"><span class=\"s1\">2do Mario Ochoa<span class=\"Apple-converted-space\">\u00a0<\/span><\/span><\/p>\n<p class=\"p1\"><span class=\"s1\"><span class=\"Apple-converted-space\">\u00a0<\/span>Juvenil 5km Femenil<span class=\"Apple-converted-space\">\u00a0<\/span><\/span><\/p>\n<p class=\"p1\"><span class=\"s1\">1er lugar Mia Fernanda Alcantar<span class=\"Apple-converted-space\">\u00a0<\/span><\/span><\/p>\n<p class=\"p1\"><span class=\"s1\"><span class=\"Apple-converted-space\">\u00a0<\/span>Juvenil 1km<span class=\"Apple-converted-space\">\u00a0<\/span><\/span><\/p>\n<p class=\"p1\"><span class=\"s1\">1er Christopher Gutierrez<span class=\"Apple-converted-space\">\u00a0<\/span><\/span><\/p>\n<p class=\"p1\"><span class=\"s1\">2do David Alberto Ibarra<span class=\"Apple-converted-space\">\u00a0<\/span><\/span><\/p>\n<p class=\"p1\"><span class=\"s1\">3er Jaime Castillo<span class=\"Apple-converted-space\">\u00a0<\/span><\/span><\/p>\n<p class=\"p1\"><span class=\"s1\"><span class=\"Apple-converted-space\">\u00a0<\/span>Juvenil 1km<span class=\"Apple-converted-space\">\u00a0<\/span><\/span><\/p>\n<p class=\"p1\"><span class=\"s1\">1er Mia Fernanda Alcantar<span class=\"Apple-converted-space\">\u00a0<\/span><\/span><\/p>\n<p class=\"p1\"><span class=\"s1\">2do Sina\u00ed Ibarra<span class=\"Apple-converted-space\">\u00a0<\/span><\/span><\/p>\n<p class=\"p1\"><span class=\"s1\"><span class=\"Apple-converted-space\">\u00a0<\/span>12 a 14 a\u00f1os Varonil<span class=\"Apple-converted-space\">\u00a0<\/span><\/span><\/p>\n<p class=\"p1\"><span class=\"s1\">1er lugar Ascencio J Romero<span class=\"Apple-converted-space\">\u00a0<\/span><\/span><\/p>\n<p class=\"p1\"><span class=\"s1\">2do lugar Daniel Leon<span class=\"Apple-converted-space\">\u00a0<\/span><\/span><\/p>\n<p class=\"p1\"><span class=\"s1\">3er lugar Carlos Arturo Estrada<span class=\"Apple-converted-space\">\u00a0<\/span><\/span><\/p>\n<p class=\"p1\"><span class=\"s1\"><span class=\"Apple-converted-space\">\u00a0<\/span>12 a 14 a\u00f1os Femenil<span class=\"Apple-converted-space\">\u00a0<\/span><\/span><\/p>\n<p class=\"p1\"><span class=\"s1\">1er lugar Rebeca Lucero<span class=\"Apple-converted-space\">\u00a0<\/span><\/span><\/p>\n<p class=\"p1\"><span class=\"s1\">2do lugar Rigel Abigail<span class=\"Apple-converted-space\">\u00a0<\/span><\/span><\/p>\n<p class=\"p1\"><span class=\"s1\">3er lugar Lucia D\u00edaz Llano<\/span><\/p>\n<p class=\"p1\"><span class=\"s1\"><span class=\"Apple-converted-space\">\u00a0<\/span>8 a 11 Femenil<span class=\"Apple-converted-space\">\u00a0<\/span><\/span><\/p>\n<p class=\"p1\"><span class=\"s1\">1er lugar Melanie Cobo<span class=\"Apple-converted-space\">\u00a0<\/span><\/span><\/p>\n<p class=\"p1\"><span class=\"s1\">2do lugar Sharon Denisse<span class=\"Apple-converted-space\">\u00a0<\/span><\/span><\/p>\n<p class=\"p1\"><span class=\"s1\">3er lugar Andrea Martinez<span class=\"Apple-converted-space\">\u00a0<\/span><\/span><\/p>\n<p class=\"p1\"><span class=\"s1\"><span class=\"Apple-converted-space\">\u00a0<\/span>8 a 11 a\u00f1os Varonil<span class=\"Apple-converted-space\">\u00a0<\/span><\/span><\/p>\n<p class=\"p1\"><span class=\"s1\">1er lugar Juan De Dios Paez<\/span><\/p>\n<p class=\"p1\"><span class=\"s1\">2do lugar Emilio Valderrama<span class=\"Apple-converted-space\">\u00a0<\/span><\/span><\/p>\n<p class=\"p1\"><span class=\"s1\">3er lugar Oliver Meza<span class=\"Apple-converted-space\">\u00a0<\/span><\/span><\/p>\n","protected":false},"excerpt":{"rendered":"","protected":false},"author":1,"featured_media":2930752,"comment_status":"open","ping_status":"closed","sticky":false,"template":"","format":"standard","meta":{"footnotes":""},"categories":[31],"tags":[595],"class_list":["post-2930751","post","type-post","status-publish","format-standard","has-post-thumbnail","hentry","category-atletismo","tag-destacado"],"_links":{"self":[{"href":"https:\/\/agpnoticias.com\/news\/index.php?rest_route=\/wp\/v2\/posts\/2930751","targetHints":{"allow":["GET"]}}],"collection":[{"href":"https:\/\/agpnoticias.com\/news\/index.php?rest_route=\/wp\/v2\/posts"}],"about":[{"href":"https:\/\/agpnoticias.com\/news\/index.php?rest_route=\/wp\/v2\/types\/post"}],"author":[{"embeddable":true,"href":"https:\/\/agpnoticias.com\/news\/index.php?rest_route=\/wp\/v2\/users\/1"}],"replies":[{"embeddable":true,"href":"https:\/\/agpnoticias.com\/news\/index.php?rest_route=%2Fwp%2Fv2%2Fcomments&post=2930751"}],"version-history":[{"count":2,"href":"https:\/\/agpnoticias.com\/news\/index.php?rest_route=\/wp\/v2\/posts\/2930751\/revisions"}],"predecessor-version":[{"id":2930757,"href":"https:\/\/agpnoticias.com\/news\/index.php?rest_route=\/wp\/v2\/posts\/2930751\/revisions\/2930757"}],"wp:featuredmedia":[{"embeddable":true,"href":"https:\/\/agpnoticias.com\/news\/index.php?rest_route=\/wp\/v2\/media\/2930752"}],"wp:attachment":[{"href":"https:\/\/agpnoticias.com\/news\/index.php?rest_route=%2Fwp%2Fv2%2Fmedia&parent=2930751"}],"wp:term":[{"taxonomy":"category","embeddable":true,"href":"https:\/\/agpnoticias.com\/news\/index.php?rest_route=%2Fwp%2Fv2%2Fcategories&post=2930751"},{"taxonomy":"post_tag","embeddable":true,"href":"https:\/\/agpnoticias.com\/news\/index.php?rest_route=%2Fwp%2Fv2%2Ftags&post=2930751"}],"curies":[{"name":"wp","href":"https:\/\/api.w.org\/{rel}","templated":true}]}}