{"id":2930772,"date":"2021-11-30T08:20:19","date_gmt":"2021-11-30T16:20:19","guid":{"rendered":"https:\/\/agpnoticias.com\/news\/?p=2930772"},"modified":"2021-11-30T08:21:56","modified_gmt":"2021-11-30T16:21:56","slug":"navidad-y-ano-nuevo-traeran-consigo-regalos-y-rebrote-de-covid-unam","status":"publish","type":"post","link":"https:\/\/agpnoticias.com\/news\/?p=2930772","title":{"rendered":"Navidad y A\u00f1o Nuevo traer\u00e1n consigo regalos y rebrote de Covid: UNAM"},"content":{"rendered":"\n<p>Est\u00e1n por llegar las fechas navide\u00f1as y es posible que las conglomeraciones en espacios cerrados se vuelvan una situaci\u00f3n cotidiana, por el inicio de las posadas, y las cenas familiares, ante esto, la acad\u00e9mica Susana L\u00f3pez Charret\u00f3n de la Universidad Nacional Aut\u00f3noma de M\u00e9xico\u00a0(UNAM) alert\u00f3 sobre un probable incremento en los\u00a0contagios\u00a0de\u00a0coronavirus, por lo que recomend\u00f3 no bajar la guardia ante las medidas de protecci\u00f3n.<\/p>\n<p>\u201cLas olas de la\u00a0<strong>pandemia<\/strong>\u00a0se pueden manejar con un buen comportamiento. En el caso de M\u00e9xico, donde la mayor\u00eda de las entidades tienen el sem\u00e1foro epidemiol\u00f3gico en verde, la gente cree que ya se acab\u00f3 la enfermedad y se descuida. Ahora que vienen las fiestas y reuniones navide\u00f1as en espacios cerrados, podr\u00edamos tener un\u00a0<strong>rebrote<\/strong>\u201d, inform\u00f3.<\/p>\n<p>De acuerdo con la especialista del Instituto de Biotecnolog\u00eda (IBt) de la UNAM, en M\u00e9xico tenemos acceso a siete de las vacunas creadas por diversos fabricantes y sistemas que demuestran un 60% y 95% de<strong>\u00a0efectividad<\/strong>\u00a0contra el Covid-19, atacando incluso a variantes de preocupaci\u00f3n (VOC, por sus siglas de ingl\u00e9s)<strong>\u00a0Delta<\/strong>, considerada la m\u00e1s peligrosa hasta el momento, mientras que vacunas de otros agentes virulentos como el de la influenza tiene una eficacia menor, de entre el 50% y 60%.<\/p>\n<p>La vir\u00f3loga Susana L\u00f3pez particip\u00f3 en el coloquio \u201cConviviendo con el Virus SARS-CoV-2. Ciencia, COVID y Arte\u201d, organizado por el Corredor Cultural Autonom\u00eda y Fundaci\u00f3n UNAM\u201d, en el que comparti\u00f3 diversos datos sobre el avance de la pandemia, con el objetivo de\u00a0concientizar a la poblaci\u00f3n sobre el cuidado necesario para evitar el contagio, como la aplicaci\u00f3n de los biol\u00f3gicos, y as\u00ed poder dar seguimiento a nuestras actividades diarias.<\/p>\n<p>Seg\u00fan datos de L\u00f3pez Charret\u00f3n, pese a que en nuestro pa\u00eds la cantidad de enfermos de Covid-19 entre la segunda y tercer ola se mantuvo estable, la mortalidad en pacientes disminuy\u00f3 debido a la aplicaci\u00f3n de vacunas.<\/p>\n<p>\u201cLa diferencia fue el inicio de la vacunaci\u00f3n porque a pesar de que en la tercera ola ya ten\u00edamos la circulaci\u00f3n de todas las variantes del SARS-CoV-2, principalmente la Delta, la mortalidad ha disminuido\u201d, recalc\u00f3.<\/p>\n<p>Seg\u00fan se explica en un comunicado, la mortalidad de la cuarta ola de coronavirus podr\u00e1 ser visible en Europa, en pa\u00edses donde m\u00e1s del 60% de la poblaci\u00f3n no haya sido vacunada. Actualmente los n\u00fameros de muertes de dicho continente son altos por diversas circunstancias como: disminuir la exigencia de las reglas de confinamiento y el rechazo de la poblaci\u00f3n ante las vacunas,\u00a0como es el caso de Alemana, Austria y Holanda. En tanto los pa\u00edses que tienen una administraci\u00f3n lenta del biol\u00f3gico como en el caso de \u00c1frica, donde se dice dio origen la nueva variante \u00f3micron, representa un peligro para el avance de la pandemia.<\/p>\n<p>\u201cEn el mundo, antes que pensar en refuerzos, tendr\u00edamos que estimular la vacunaci\u00f3n en el esquema normal\u201d, dijo.<\/p>\n<p>En M\u00e9xico el 50% de la poblaci\u00f3n mayor de 18 a\u00f1os ya cuenta con las dos dosis y el 59% con s\u00f3lo una. Las cifras mundiales, por su parte, indican que m\u00e1s de 4 mil millones tienen \u00fanicamente una de las inyecciones antiCovid, mientras que 3 mil millones ya cuentan con el esquema completo.<\/p>\n<p>La tambi\u00e9n ganadora del premio de Microbiolog\u00eda Carlos J coment\u00f3 que mientras las personas alrededor del mundo no se vacunen, se generar\u00e1n variantes -hasta ahora funcionales para los biol\u00f3gicos \u2013 y replicaciones del virus en escala: \u201cse necesita una inmunidad de grupo; hay quienes por cuestiones de edad o de salud no se pueden vacunar, pero si las personas a su alrededor est\u00e1n protegidas, evitan que haya una circulaci\u00f3n del virus\u201d, insisit\u00f3.\u00a0<\/p>\n<p>Otro problema importante, indic\u00f3 la vir\u00f3loga, es la desinformaci\u00f3n y las noticias falsas, por lo que se\u00f1al\u00f3 que acercarse a plataformas oficiales, como la Organizaci\u00f3n Mundial de la Salud (OMS) o la Sociedad Mexicana de Virolog\u00eda, ayudar\u00edan a contrarrestar este tema.<\/p>\n<p>Ahora que ya estamos cerca de las reuniones es importante cuidarnos y cuidar a los otros para atravesar las olas de contagio futuras sin da\u00f1os lamentables.<\/p>\n<p>La acad\u00e9mica Susana L\u00f3pez puntualiz\u00f3: \u201cno debe ser complicado permanecer en lugares abiertos, mantener distancia y usar cubrebocas; aunque no es c\u00f3modo, tampoco es para sufrirlo si nos acostumbramos. No hay que pensar cu\u00e1ndo se va a acabar la pandemia, sino habituarnos a continuar con las medidas sanitarias. La principal v\u00eda de contagio es a trav\u00e9s del aire, mediante las microgotas de saliva y a\u00fan m\u00e1s peque\u00f1as, que pueden quedar suspendidas por largo tiempo en sitios sin ventilar.\u201d<\/p>\n","protected":false},"excerpt":{"rendered":"","protected":false},"author":1,"featured_media":2930773,"comment_status":"open","ping_status":"closed","sticky":false,"template":"","format":"standard","meta":{"footnotes":""},"categories":[1],"tags":[],"class_list":["post-2930772","post","type-post","status-publish","format-standard","has-post-thumbnail","hentry","category-uncategorized"],"_links":{"self":[{"href":"https:\/\/agpnoticias.com\/news\/index.php?rest_route=\/wp\/v2\/posts\/2930772","targetHints":{"allow":["GET"]}}],"collection":[{"href":"https:\/\/agpnoticias.com\/news\/index.php?rest_route=\/wp\/v2\/posts"}],"about":[{"href":"https:\/\/agpnoticias.com\/news\/index.php?rest_route=\/wp\/v2\/types\/post"}],"author":[{"embeddable":true,"href":"https:\/\/agpnoticias.com\/news\/index.php?rest_route=\/wp\/v2\/users\/1"}],"replies":[{"embeddable":true,"href":"https:\/\/agpnoticias.com\/news\/index.php?rest_route=%2Fwp%2Fv2%2Fcomments&post=2930772"}],"version-history":[{"count":3,"href":"https:\/\/agpnoticias.com\/news\/index.php?rest_route=\/wp\/v2\/posts\/2930772\/revisions"}],"predecessor-version":[{"id":2930776,"href":"https:\/\/agpnoticias.com\/news\/index.php?rest_route=\/wp\/v2\/posts\/2930772\/revisions\/2930776"}],"wp:featuredmedia":[{"embeddable":true,"href":"https:\/\/agpnoticias.com\/news\/index.php?rest_route=\/wp\/v2\/media\/2930773"}],"wp:attachment":[{"href":"https:\/\/agpnoticias.com\/news\/index.php?rest_route=%2Fwp%2Fv2%2Fmedia&parent=2930772"}],"wp:term":[{"taxonomy":"category","embeddable":true,"href":"https:\/\/agpnoticias.com\/news\/index.php?rest_route=%2Fwp%2Fv2%2Fcategories&post=2930772"},{"taxonomy":"post_tag","embeddable":true,"href":"https:\/\/agpnoticias.com\/news\/index.php?rest_route=%2Fwp%2Fv2%2Ftags&post=2930772"}],"curies":[{"name":"wp","href":"https:\/\/api.w.org\/{rel}","templated":true}]}}