{"id":2930784,"date":"2021-11-30T20:58:02","date_gmt":"2021-12-01T04:58:02","guid":{"rendered":"https:\/\/agpnoticias.com\/news\/?p=2930784"},"modified":"2021-11-30T20:58:04","modified_gmt":"2021-12-01T04:58:04","slug":"ignacio-ambriz-sera-el-nuevo-director-tecnico-del-toluca-firmara-este-miercoles","status":"publish","type":"post","link":"https:\/\/agpnoticias.com\/news\/?p=2930784","title":{"rendered":"Ignacio Ambriz ser\u00e1 el nuevo director t\u00e9cnico del Toluca; firmar\u00e1 este mi\u00e9rcoles"},"content":{"rendered":"\n<div id=\"precontent\" data-region=\"precontent\" data-id=\"42\" data-m=\"{&quot;i&quot;:42,&quot;n&quot;:&quot;precontent&quot;,&quot;y&quot;:6}\">\u00a0<\/div>\n<div id=\"maincontent\">\n<div id=\"content\" class=\"content\"><main id=\"main\" role=\"main\" data-region=\"main\" data-id=\"103\" data-m=\"{&quot;i&quot;:103,&quot;n&quot;:&quot;main&quot;,&quot;y&quot;:6}\">\n<div class=\"paddle next loaded\" data-aop=\"paddles_next\" data-id=\"105\" data-m=\"{&quot;i&quot;:105,&quot;p&quot;:103,&quot;n&quot;:&quot;next&quot;,&quot;y&quot;:14,&quot;o&quot;:2}\">\n<div class=\"headline media photo\">\n<div>\n<p class=\"truncate\"><span style=\"font-family: 'PT Serif', sans-serif; font-size: 1.1rem;\">Con el objetivo de darle nuevos br\u00edos a los <\/span><b style=\"font-family: 'PT Serif', sans-serif; font-size: 1.1rem;\">Diablos Rojos del Toluca<\/b><span style=\"font-family: 'PT Serif', sans-serif; font-size: 1.1rem;\">, la directiva escarlata lleg\u00f3 a un acuerdo con el entrenador\u00a0<\/span><b style=\"font-family: 'PT Serif', sans-serif; font-size: 1.1rem;\">Ignacio Ambriz<\/b><span style=\"font-family: 'PT Serif', sans-serif; font-size: 1.1rem;\">\u00a0para que se convierta en el director t\u00e9cnico a partir del Clausura 2022.\u00a0<\/span><\/p>\n<p class=\"truncate\"><b style=\"font-family: 'PT Serif', sans-serif; font-size: 1.1rem;\">El portal deportivo Mediotiempo pudo confirmar que el acuerdo est\u00e1 cerrado<\/b><span style=\"font-family: 'PT Serif', sans-serif; font-size: 1.1rem;\">\u00a0y solo falta la firma del estratega para que pueda ser anunciado en las redes sociales del equipo.<\/span><\/p>\n<\/div>\n<\/div>\n<\/div>\n<article class=\"articlecontent allowvig loaded\" data-id=\"106\" data-m=\"{&quot;i&quot;:106,&quot;p&quot;:103,&quot;n&quot;:&quot;article&quot;,&quot;y&quot;:6,&quot;o&quot;:3}\" data-nativead-placements=\"article_aside:3;singlecard1:1;singlecard2:1;singlecard3:1;singlecard4:1;singlecard5:1;singlecard6:1;singlecard7:1;singlecard8:1;singlecard9:1;singlecard10:1;singlecard11:1;\">\n<section class=\"flexarticle\" data-id=\"107\" data-m=\"{&quot;i&quot;:107,&quot;p&quot;:106,&quot;n&quot;:&quot;flexarticle&quot;,&quot;y&quot;:6,&quot;o&quot;:1}\">\n<section class=\"articlebody   \" data-id=\"108\" data-m=\"{&quot;i&quot;:108,&quot;p&quot;:107,&quot;n&quot;:&quot;articlebody&quot;,&quot;y&quot;:6,&quot;o&quot;:1}\"><span class=\"storyimage fullwidth inlineimage\" data-aop=\"image\"><span class=\"image\" data-attrib=\"Editorial Medio Tiempo\" data-caption=\"Nacho Ambriz ser\u00e1 DT del Toluca en su regreso a M\u00e9xico. (Foto: Mexsport)\" data-id=\"109\" data-m=\"{&quot;i&quot;:109,&quot;p&quot;:108,&quot;n&quot;:&quot;openModal&quot;,&quot;t&quot;:&quot;articleImages&quot;,&quot;o&quot;:1}\"><img decoding=\"async\" class=\"loaded aligncenter\" src=\"https:\/\/img-s-msn-com.akamaized.net\/tenant\/amp\/entityid\/AARjWvJ.img?h=498&amp;w=799&amp;m=6&amp;q=60&amp;o=f&amp;l=f\" alt=\"Nacho Ambriz ser\u00e1 DT del Toluca en su regreso a M\u00e9xico. (Foto: Mexsport)\" data-src=\"{&quot;default&quot;:{&quot;load&quot;:&quot;default&quot;,&quot;w&quot;:&quot;80&quot;,&quot;h&quot;:&quot;50&quot;,&quot;src&quot;:&quot;\/\/img-s-msn-com.akamaized.net\/tenant\/amp\/entityid\/AARjWvJ.img?h=498&amp;w=799&amp;m=6&amp;q=60&amp;o=f&amp;l=f&quot;},&quot;size3column&quot;:{&quot;load&quot;:&quot;default&quot;,&quot;w&quot;:&quot;62&quot;,&quot;h&quot;:&quot;39&quot;,&quot;src&quot;:&quot;\/\/img-s-msn-com.akamaized.net\/tenant\/amp\/entityid\/AARjWvJ.img?h=389&amp;w=624&amp;m=6&amp;q=60&amp;o=f&amp;l=f&quot;},&quot;size2column&quot;:{&quot;load&quot;:&quot;default&quot;,&quot;w&quot;:&quot;62&quot;,&quot;h&quot;:&quot;39&quot;,&quot;src&quot;:&quot;\/\/img-s-msn-com.akamaized.net\/tenant\/amp\/entityid\/AARjWvJ.img?h=389&amp;w=624&amp;m=6&amp;q=60&amp;o=f&amp;l=f&quot;}}\" \/><\/span><span class=\"caption truncate\"><span class=\"attribution\">\u00a9 Editorial Medio Tiempo<\/span>\u00a0Nacho Ambriz ser\u00e1 DT del Toluca en su regreso a M\u00e9xico. (Foto: Mexsport)<\/span><\/span>\n<p>El nombre de Ambriz\u00a0surgi\u00f3 como una posibilidad\u00a0luego de que\u00a0<b>Hern\u00e1n Cristante<\/b>\u00a0y el Deportivo Toluca tomaron la decisi\u00f3n de terminar con su relaci\u00f3n contractual despu\u00e9s de\u00a0<b>no poder llevar al equipo al anhelado t\u00edtulo de Liga MX<\/b>, el cual no ganan desde 2010 pese a llegar a un par de Finales. Y esa posibilidad se ha vuelto una realidad.<\/p>\n<p>De esta forma\u00a0<b>Ambriz regresa al futbol mexicano luego de su paso por el futbol de Espa\u00f1a<\/b>\u00a0donde\u00a0intent\u00f3 triunfar con el Huesca\u00a0de la Segunda Divisi\u00f3n, pero los resultados no le acompa\u00f1aron y tuvo que regresar a M\u00e9xico.<\/p>\n<div id=\"outstream_article\" data-id=\"110\" data-m=\"{&quot;i&quot;:110,&quot;p&quot;:108,&quot;n&quot;:&quot;article-inlineOutstreamAd&quot;,&quot;t&quot;:&quot;inlineOutstreamAd&quot;,&quot;o&quot;:2}\">\n<div id=\"inlineoutstreamcontainer\" class=\"inlineOutstreamContainer\">\n<p id=\"apn_display_container_kxspny2sfp\"><span style=\"font-family: 'PT Serif', sans-serif; font-size: 1.1rem;\">El DT <\/span><b style=\"font-family: 'PT Serif', sans-serif; font-size: 1.1rem;\">llega a uno de los clubes con m\u00e1s t\u00edtulos<\/b><span style=\"font-family: 'PT Serif', sans-serif; font-size: 1.1rem;\">\u00a0y uno de los que pueden armar un equipo para competir por el campeonato.<\/span><\/p>\n<\/div>\n<\/div>\n<p><b>El \u00faltimo equipo que dirigi\u00f3 en la Liga MX Ambriz fue Le\u00f3n<\/b>, donde sali\u00f3 Campe\u00f3n en el torneo Guard1anes 2020 y donde logr\u00f3 llegar a la Final del Clausura 2019 ante Tigres, pero no pudo ganarla. En el \u00faltimo torneo con la Fiera las cosas no salieron como esperaba el DT y\u00a0<b>sali\u00f3 a buscar su sue\u00f1o del Viejo Continente<\/b>.<\/p>\n<p>Este ser\u00e1 el octavo club que dirija tras su paso por Puebla, San Luis, Chivas, Quer\u00e9taro, Am\u00e9rica, Necaxa y los Panzas Verdes.<\/p>\n<p>Con informaci\u00f3n de Medio Tiempo<\/p>\n<\/section>\n<\/section>\n<\/article>\n<\/main><\/div>\n<\/div>\n","protected":false},"excerpt":{"rendered":"","protected":false},"author":1,"featured_media":2930785,"comment_status":"open","ping_status":"closed","sticky":false,"template":"","format":"standard","meta":{"footnotes":""},"categories":[32],"tags":[595],"class_list":["post-2930784","post","type-post","status-publish","format-standard","has-post-thumbnail","hentry","category-soccer","tag-destacado"],"_links":{"self":[{"href":"https:\/\/agpnoticias.com\/news\/index.php?rest_route=\/wp\/v2\/posts\/2930784","targetHints":{"allow":["GET"]}}],"collection":[{"href":"https:\/\/agpnoticias.com\/news\/index.php?rest_route=\/wp\/v2\/posts"}],"about":[{"href":"https:\/\/agpnoticias.com\/news\/index.php?rest_route=\/wp\/v2\/types\/post"}],"author":[{"embeddable":true,"href":"https:\/\/agpnoticias.com\/news\/index.php?rest_route=\/wp\/v2\/users\/1"}],"replies":[{"embeddable":true,"href":"https:\/\/agpnoticias.com\/news\/index.php?rest_route=%2Fwp%2Fv2%2Fcomments&post=2930784"}],"version-history":[{"count":1,"href":"https:\/\/agpnoticias.com\/news\/index.php?rest_route=\/wp\/v2\/posts\/2930784\/revisions"}],"predecessor-version":[{"id":2930786,"href":"https:\/\/agpnoticias.com\/news\/index.php?rest_route=\/wp\/v2\/posts\/2930784\/revisions\/2930786"}],"wp:featuredmedia":[{"embeddable":true,"href":"https:\/\/agpnoticias.com\/news\/index.php?rest_route=\/wp\/v2\/media\/2930785"}],"wp:attachment":[{"href":"https:\/\/agpnoticias.com\/news\/index.php?rest_route=%2Fwp%2Fv2%2Fmedia&parent=2930784"}],"wp:term":[{"taxonomy":"category","embeddable":true,"href":"https:\/\/agpnoticias.com\/news\/index.php?rest_route=%2Fwp%2Fv2%2Fcategories&post=2930784"},{"taxonomy":"post_tag","embeddable":true,"href":"https:\/\/agpnoticias.com\/news\/index.php?rest_route=%2Fwp%2Fv2%2Ftags&post=2930784"}],"curies":[{"name":"wp","href":"https:\/\/api.w.org\/{rel}","templated":true}]}}