{"id":2930876,"date":"2021-12-05T09:22:07","date_gmt":"2021-12-05T17:22:07","guid":{"rendered":"https:\/\/agpnoticias.com\/news\/?p=2930876"},"modified":"2021-12-05T09:22:10","modified_gmt":"2021-12-05T17:22:10","slug":"conductor-ebrio-embiste-a-una-docena-de-ciclistas-en-la-cdmx-que-se-aplique-todo-el-rigor-de-la-ley-sheinbaum","status":"publish","type":"post","link":"https:\/\/agpnoticias.com\/news\/?p=2930876","title":{"rendered":"Conductor ebrio embiste a una docena de ciclistas en la CDMX; \u2018Que se aplique todo el rigor de la ley\u2019: Sheinbaum"},"content":{"rendered":"\n<p>El gobierno de la Ciudad de M\u00e9xico inform\u00f3 este domingo que un conductor en aparente estado de ebriedad<strong>\u00a0atropell\u00f3 al menos a doce ciclistas que se dirig\u00edan a la Bas\u00edlica de Guadalupe.<\/strong><\/p>\n<figure style=\"width: 799px\" class=\"wp-caption aligncenter\"><img fetchpriority=\"high\" decoding=\"async\" class=\"loaded\" src=\"https:\/\/img-s-msn-com.akamaized.net\/tenant\/amp\/entityid\/AARuwZg.img?h=500&amp;w=799&amp;m=6&amp;q=60&amp;o=f&amp;l=f\" alt=\"ciclistas-atropello-cdmx-basilica-guadalupe\" width=\"799\" height=\"499\" data-src=\"{&quot;default&quot;:{&quot;load&quot;:&quot;default&quot;,&quot;w&quot;:&quot;80&quot;,&quot;h&quot;:&quot;50&quot;,&quot;src&quot;:&quot;\/\/img-s-msn-com.akamaized.net\/tenant\/amp\/entityid\/AARuwZg.img?h=500&amp;w=799&amp;m=6&amp;q=60&amp;o=f&amp;l=f&quot;},&quot;size3column&quot;:{&quot;load&quot;:&quot;default&quot;,&quot;w&quot;:&quot;62&quot;,&quot;h&quot;:&quot;39&quot;,&quot;src&quot;:&quot;\/\/img-s-msn-com.akamaized.net\/tenant\/amp\/entityid\/AARuwZg.img?h=390&amp;w=624&amp;m=6&amp;q=60&amp;o=f&amp;l=f&quot;},&quot;size2column&quot;:{&quot;load&quot;:&quot;default&quot;,&quot;w&quot;:&quot;62&quot;,&quot;h&quot;:&quot;39&quot;,&quot;src&quot;:&quot;\/\/img-s-msn-com.akamaized.net\/tenant\/amp\/entityid\/AARuwZg.img?h=390&amp;w=624&amp;m=6&amp;q=60&amp;o=f&amp;l=f&quot;}}\" \/><figcaption class=\"wp-caption-text\">\u00a9 Proporcionado por Aristegui Noticias\u00a0ciclistas-atropello-cdmx-basilica-guadalupe<\/figcaption><\/figure>\n<p>En un mensaje de\u00a0<em>Twitter,<\/em>\u00a0la Secretar\u00eda de Gesti\u00f3n Integral de Riesgos y Protecci\u00f3n Civil a<strong>segur\u00f3 que la persona responsable fue remitida a la agencia del Ministerio P\u00fablico.<\/strong><\/p>\n<p><strong>Al lugar llegaron los cuerpos de emergencia para atender a los lesionados,<\/strong> inform\u00f3 la dependencia.<\/p>\n<p><strong>\u201cHoy un automovilista en estado de ebriedad atropell\u00f3 a peregrinos de Xochimilco con rumbo a la Bas\u00edlica.<\/strong>\u00a0Los responsables ya est\u00e1n detenidos, hay 12 lesionados. Asist\u00ed al lugar, pido a la fiscal\u00eda que se aplique todo el rigor de la ley. Estamos atendiendo a victimas y familiares\u201d, dio a conocer la jefa de gobierno capitalina,\u00a0<strong>Claudia Sheinbaum Pardo.<\/strong><\/p>\n<p><strong>\u201cEs muy triste, est\u00e1 muy mal. Terrible que personas en estado de ebriedad est\u00e9n circulando.<\/strong>\u00a0Por fortuna los compa\u00f1eros los detuvieron y todo el peso de la ley\u201d, dijo la mandataria en el lugar del accidente, de acuerdo con videos difundidos en redes sociales.<\/p>\n<p><blockquote class=\"twitter-tweet\" data-width=\"550\" data-dnt=\"true\"><p lang=\"es\" dir=\"ltr\">Hoy un automovilista en estado de ebriedad atropell\u00f3 a peregrinos de Xochimilco con rumbo a la Bas\u00edlica. Los responsables ya est\u00e1n detenidos, hay 12 lesionados. Asist\u00ed al lugar, pido a la fiscal\u00eda que se aplique todo el rigor de la ley. Estamos atendiendo a victimas y familiares. <a href=\"https:\/\/t.co\/hGawZw1ZZG\">pic.twitter.com\/hGawZw1ZZG<\/a><\/p>&mdash; Dra. Claudia Sheinbaum (@Claudiashein) <a href=\"https:\/\/twitter.com\/Claudiashein\/status\/1467512095226974212?ref_src=twsrc%5Etfw\">December 5, 2021<\/a><\/blockquote><script async src=\"https:\/\/platform.twitter.com\/widgets.js\" charset=\"utf-8\"><\/script><\/p>\n<p>De acuerdo con versiones preliminares, los ciclistas proced\u00edan del Estado de M\u00e9xico y participaban en una caravana\u00a0<strong>cuando fueron alcanzados por el conductor de un veh\u00edculo en el cruce de las avenidas La Virgen y la Calzada de Tlalpan.<\/strong><\/p>\n<p><strong>El conductor impact\u00f3 a los ciclistas por la parte trasera,<\/strong>\u00a0por lo que no pudieron realizar maniobras de evasi\u00f3n.<\/p>\n<p>Seg\u00fan esta informaci\u00f3n,\u00a0<strong>seis ciclistas resultaron con lesiones que requirieron atenci\u00f3n m\u00e9dica en\u00a0 hospitales.<\/strong><\/p>\n<p><blockquote class=\"twitter-tweet\" data-width=\"550\" data-dnt=\"true\"><p lang=\"es\" dir=\"ltr\">Automovilista atropella a por lo menos a 12 peregrinos en bici sobre Calzada de Tlalpan y Calz. De la Virgen, el responsable fue detenido y los lesionados atendidos por equipos de emergencia. <br><br>?redes <a href=\"https:\/\/t.co\/o5ehhfCgEE\">pic.twitter.com\/o5ehhfCgEE<\/a><\/p>&mdash; Ivan Aldama (@IvanAldamaF) <a href=\"https:\/\/twitter.com\/IvanAldamaF\/status\/1467508027209265153?ref_src=twsrc%5Etfw\">December 5, 2021<\/a><\/blockquote><script async src=\"https:\/\/platform.twitter.com\/widgets.js\" charset=\"utf-8\"><\/script><\/p>\n<p>Por su parte el secretario de Movilidad,\u00a0<strong>Andr\u00e9s Lajous, asegur\u00f3 que trabaja de forma coordinada con la Fiscal\u00eda de la Ciudad de M\u00e9xico en el seguimiento del caso.<\/strong>\u00a0\u201cNos ponemos en contacto con familiares y estaremos informando\u201d, dijo en su cuenta de\u00a0<em>Twitter.<\/em><\/p>\n","protected":false},"excerpt":{"rendered":"","protected":false},"author":1,"featured_media":2930877,"comment_status":"open","ping_status":"closed","sticky":false,"template":"","format":"standard","meta":{"footnotes":""},"categories":[1],"tags":[595],"class_list":["post-2930876","post","type-post","status-publish","format-standard","has-post-thumbnail","hentry","category-uncategorized","tag-destacado"],"_links":{"self":[{"href":"https:\/\/agpnoticias.com\/news\/index.php?rest_route=\/wp\/v2\/posts\/2930876","targetHints":{"allow":["GET"]}}],"collection":[{"href":"https:\/\/agpnoticias.com\/news\/index.php?rest_route=\/wp\/v2\/posts"}],"about":[{"href":"https:\/\/agpnoticias.com\/news\/index.php?rest_route=\/wp\/v2\/types\/post"}],"author":[{"embeddable":true,"href":"https:\/\/agpnoticias.com\/news\/index.php?rest_route=\/wp\/v2\/users\/1"}],"replies":[{"embeddable":true,"href":"https:\/\/agpnoticias.com\/news\/index.php?rest_route=%2Fwp%2Fv2%2Fcomments&post=2930876"}],"version-history":[{"count":1,"href":"https:\/\/agpnoticias.com\/news\/index.php?rest_route=\/wp\/v2\/posts\/2930876\/revisions"}],"predecessor-version":[{"id":2930878,"href":"https:\/\/agpnoticias.com\/news\/index.php?rest_route=\/wp\/v2\/posts\/2930876\/revisions\/2930878"}],"wp:featuredmedia":[{"embeddable":true,"href":"https:\/\/agpnoticias.com\/news\/index.php?rest_route=\/wp\/v2\/media\/2930877"}],"wp:attachment":[{"href":"https:\/\/agpnoticias.com\/news\/index.php?rest_route=%2Fwp%2Fv2%2Fmedia&parent=2930876"}],"wp:term":[{"taxonomy":"category","embeddable":true,"href":"https:\/\/agpnoticias.com\/news\/index.php?rest_route=%2Fwp%2Fv2%2Fcategories&post=2930876"},{"taxonomy":"post_tag","embeddable":true,"href":"https:\/\/agpnoticias.com\/news\/index.php?rest_route=%2Fwp%2Fv2%2Ftags&post=2930876"}],"curies":[{"name":"wp","href":"https:\/\/api.w.org\/{rel}","templated":true}]}}