{"id":2931031,"date":"2021-12-09T15:52:37","date_gmt":"2021-12-09T23:52:37","guid":{"rendered":"https:\/\/agpnoticias.com\/news\/?p=2931031"},"modified":"2021-12-09T16:26:04","modified_gmt":"2021-12-10T00:26:04","slug":"jimena-torres-la-medallista-panamericana-de-ensenada-que-va-por-las-grandes","status":"publish","type":"post","link":"https:\/\/agpnoticias.com\/news\/?p=2931031","title":{"rendered":"Jimena Torres, la medallista panamericana de Ensenada que va por las grandes"},"content":{"rendered":"\n<figure class=\"wp-block-embed is-type-video is-provider-youtube wp-block-embed-youtube wp-embed-aspect-16-9 wp-has-aspect-ratio\"><div class=\"wp-block-embed__wrapper\">\n<iframe title=\"ESGRIMA | Jimena Torres gan\u00f3 medalla de bronce en los Juegos Panamericanos en Cali\" width=\"640\" height=\"360\" src=\"https:\/\/www.youtube.com\/embed\/xI1WnuC_84M?feature=oembed\" frameborder=\"0\" allow=\"accelerometer; autoplay; clipboard-write; encrypted-media; gyroscope; picture-in-picture; web-share\" referrerpolicy=\"strict-origin-when-cross-origin\" allowfullscreen><\/iframe>\n<\/div><\/figure>\n\n\n\n<p class=\"p1\">Ensenada, Baja California.- Jimena Torres debut\u00f3 como seleccionada nacional en competencias continentales de car\u00e1cter oficial con un bronce para M\u00e9xico.<span class=\"Apple-converted-space\">\u00a0<\/span><\/p>\n<p class=\"p1\">Su camino lleg\u00f3 hasta el encuentro con la ol\u00edmpica chilena, Katina Proestakis. Fue en Cali, Colombia, los Juegos Panamericanos Junior. El resultado podr\u00eda dejar satisfecho a cualquiera. No fue el caso.<span class=\"Apple-converted-space\">\u00a0<\/span><\/p>\n<p class=\"p1\">\u201cMe dio sentimiento el tercer lugar porque creo que pude haber conseguido m\u00e1s. Me falta trabajo de mentalidad y mayor competencia, porque con quien perd\u00ed fue a los Juegos Ol\u00edmpicos\u201d, refiri\u00f3 sobre el duelo con una de las mejores floretistas de Am\u00e9rica.<span class=\"Apple-converted-space\">\u00a0<\/span><\/p>\n<p class=\"p1\">\u201cYa era la tercera (eliminatoria contra ella) y tendr\u00e9 esa espinita hasta que pueda ganarle\u201d.<span class=\"Apple-converted-space\">\u00a0<\/span><\/p>\n<p class=\"p1\">Por lo pronto, los Juegos Ol\u00edmpicos Paris 2024 son el objetivo. Pero sabe que para llegar \u201chay que empezar a ganarle a todas las grandes\u201d, se\u00f1al\u00f3 la deportista ensenadense de 17 a\u00f1os, cuyas rivales en Cali, en su mayor\u00eda, rondaban los 20.<\/p>\n<p class=\"p1\">Primero a las de M\u00e9xico, en el segundo selectivo nacional para el que ya se prepara, del 18 al 21 de diciembre en Monterrey, y luego a las seleccionadas internacionales en el proceso correspondiente. \u201cVengo fuerte y en este a\u00f1o espero ya ganar a todas\u201d.<span class=\"Apple-converted-space\">\u00a0<\/span><\/p>\n<p class=\"p1\"><strong>TRASCENDENCIA<\/strong><\/p>\n<p class=\"p1\">La trayectoria de Jimena Torres inici\u00f3 en el Centro de Alto Rendimiento de Ensenada y fue potenciada por el entrenador de origen cubano Valodia Borges, a cuya partida hubo de replantear su futuro en el deporte.<span class=\"Apple-converted-space\">\u00a0<\/span><\/p>\n<p class=\"p1\">\u201dNo pensaba seguir despu\u00e9s de que se fue Valodia, me quer\u00eda retirar porque me faltaban las ganas de entrenar. Todo estaba apagado en Ensenada. Pero Valodia me dijo que ten\u00eda esgrima y me recomend\u00f3 que me fuera a Mexicali con Maiquel Rodr\u00edguez, quien me recibi\u00f3 con los brazos abiertos viviendo con su familia\u201d, relat\u00f3.<span class=\"Apple-converted-space\">\u00a0<\/span><\/p>\n<figure id=\"attachment_2931035\" aria-describedby=\"caption-attachment-2931035\" style=\"width: 600px\" class=\"wp-caption aligncenter\"><a href=\"https:\/\/agpnoticias.com\/news\/wp-content\/uploads\/2021\/12\/263414268_1566584860342502_4993757019037614728_n-e1639093925805.jpeg\"><img fetchpriority=\"high\" decoding=\"async\" class=\"size-full wp-image-2931035\" src=\"https:\/\/agpnoticias.com\/news\/wp-content\/uploads\/2021\/12\/263414268_1566584860342502_4993757019037614728_n-e1639093925805.jpeg\" alt=\"\" width=\"600\" height=\"400\" \/><\/a><figcaption id=\"caption-attachment-2931035\" class=\"wp-caption-text\">Jimena Torres con su medalla panamericana<\/figcaption><\/figure>\n<p class=\"p1\"><strong>SACRIFICIO Y META OL\u00cdMPICA<\/strong><\/p>\n<p class=\"p1\">En la actualidad reside en las Villas de INDE de Mexicali, lejos de su familia, que reside en Ensenada.<\/p>\n<p class=\"p1\">\u201cDesde peque\u00f1a me he querido lanzar a comerme el mundo, no hay reto que no quiera cumplir. Mi familia me apoya con eso\u201d.<span class=\"Apple-converted-space\">\u00a0<\/span><\/p>\n<p class=\"p1\">En ese sentido, admiti\u00f3 que su m\u00e1s reciente cumplea\u00f1os lo vivi\u00f3 lejos de padres, hermano y abuelos, \u201dcon un pastel en Los \u00c1ngeles (donde compet\u00eda)\u201d.<\/p>\n<p class=\"p1\">\u201cNo es lo mismo, llor\u00e9 porque los extra\u00f1aba, pero mi entrenador me dijo: Bienvenida como atleta de alto rendimiento, y s\u00e9 que es lo que debo hacer para ganar la medalla ol\u00edmpica que es lo que quiero\u201d, apunt\u00f3.<span class=\"Apple-converted-space\">\u00a0<\/span><\/p>\n<p class=\"p1\"><strong>DIFICULTADES<span class=\"Apple-converted-space\">\u00a0<\/span><\/strong><\/p>\n<p class=\"p1\">Los resultados, en pa\u00edses como M\u00e9xico, a veces no son suficientes para proyectar a un talento don aspiraciones ol\u00edmpicas.<\/p>\n<p class=\"p1\">\u201cTendr\u00eda que ir a muchos mundiales muy caros que ni mi familia ni patrocinadores nos pueden pagar porque en M\u00e9xico no es un deporte conocido. As\u00ed que hay que esperar un pre ol\u00edmpico por los \u00faltimos lugares (que est\u00e9n disponibles)\u201d, indic\u00f3.<\/p>\n<p class=\"p1\"><strong>ESGRIMA, SIEMPRE<\/strong><\/p>\n<p class=\"p1\">Aunque es un proceso que apenas se desarrolla, Jimena Torres se ve ligada siempre al deporte que practica.<\/p>\n<p class=\"p1\">\u201cCuando ya no pueda, cuando mi cuerpo diga hasta aqu\u00ed, seguir\u00e9 como entrenadora, porque mi deporte me libera de los problemas, me hace feliz\u201d. <span class=\"Apple-converted-space\">\u00a0<\/span><\/p>\n<p class=\"p1\">En la actualidad estudia quinto semestre de bachillerato, con promedio superior al 9.3, y ya perfilar su vocaci\u00f3n profesional, tambi\u00e9n ligada a lo suyo: psicolog\u00eda deportiva.<\/p>\n<p>\u00a0<\/p>\n<p>\u00a0<\/p>\n<p>\u00a0<\/p>\n\n\n","protected":false},"excerpt":{"rendered":"","protected":false},"author":1,"featured_media":2931034,"comment_status":"open","ping_status":"closed","sticky":false,"template":"","format":"standard","meta":{"footnotes":""},"categories":[693],"tags":[595],"class_list":["post-2931031","post","type-post","status-publish","format-standard","has-post-thumbnail","hentry","category-esgrima","tag-destacado"],"_links":{"self":[{"href":"https:\/\/agpnoticias.com\/news\/index.php?rest_route=\/wp\/v2\/posts\/2931031","targetHints":{"allow":["GET"]}}],"collection":[{"href":"https:\/\/agpnoticias.com\/news\/index.php?rest_route=\/wp\/v2\/posts"}],"about":[{"href":"https:\/\/agpnoticias.com\/news\/index.php?rest_route=\/wp\/v2\/types\/post"}],"author":[{"embeddable":true,"href":"https:\/\/agpnoticias.com\/news\/index.php?rest_route=\/wp\/v2\/users\/1"}],"replies":[{"embeddable":true,"href":"https:\/\/agpnoticias.com\/news\/index.php?rest_route=%2Fwp%2Fv2%2Fcomments&post=2931031"}],"version-history":[{"count":8,"href":"https:\/\/agpnoticias.com\/news\/index.php?rest_route=\/wp\/v2\/posts\/2931031\/revisions"}],"predecessor-version":[{"id":2931044,"href":"https:\/\/agpnoticias.com\/news\/index.php?rest_route=\/wp\/v2\/posts\/2931031\/revisions\/2931044"}],"wp:featuredmedia":[{"embeddable":true,"href":"https:\/\/agpnoticias.com\/news\/index.php?rest_route=\/wp\/v2\/media\/2931034"}],"wp:attachment":[{"href":"https:\/\/agpnoticias.com\/news\/index.php?rest_route=%2Fwp%2Fv2%2Fmedia&parent=2931031"}],"wp:term":[{"taxonomy":"category","embeddable":true,"href":"https:\/\/agpnoticias.com\/news\/index.php?rest_route=%2Fwp%2Fv2%2Fcategories&post=2931031"},{"taxonomy":"post_tag","embeddable":true,"href":"https:\/\/agpnoticias.com\/news\/index.php?rest_route=%2Fwp%2Fv2%2Ftags&post=2931031"}],"curies":[{"name":"wp","href":"https:\/\/api.w.org\/{rel}","templated":true}]}}