{"id":2931093,"date":"2021-12-12T07:38:15","date_gmt":"2021-12-12T15:38:15","guid":{"rendered":"https:\/\/agpnoticias.com\/news\/?p=2931093"},"modified":"2021-12-12T07:38:17","modified_gmt":"2021-12-12T15:38:17","slug":"murio-vicente-fernandez-a-los-81-anos","status":"publish","type":"post","link":"https:\/\/agpnoticias.com\/news\/?p=2931093","title":{"rendered":"Muri\u00f3 Vicente Fern\u00e1ndez a los 81 a\u00f1os"},"content":{"rendered":"\n<p><strong>Vicente Fern\u00e1ndez\u00a0<\/strong>muri\u00f3 a los 81 a\u00f1os.<\/p>\n<p>El int\u00e9rprete de\u00a0<em>Mujeres divinas\u00a0<\/em>ten\u00eda m\u00e1s de cuatro meses hospitalizado y apenas el 30 de noviembre su familia inform\u00f3 el regreso del cantante a terapia intensiva ante complicaciones con la neumon\u00eda que presentaba.<\/p>\n<p>A pesar que el famoso llevaba d\u00edas estabilizado, este viernes 10 de diciembre Vicente Fern\u00e1ndez Jr., inform\u00f3 que su padre se encontraba grave y pidi\u00f3 orar por \u00e9l a sus seguidores.<\/p>\n<p><iframe title=\"En Compa\u00f1\u00eda de... Vicente Fern\u00e1ndez\" width=\"640\" height=\"360\" src=\"https:\/\/www.youtube.com\/embed\/klx0D7DuJHA?feature=oembed\" frameborder=\"0\" allow=\"accelerometer; autoplay; clipboard-write; encrypted-media; gyroscope; picture-in-picture; web-share\" referrerpolicy=\"strict-origin-when-cross-origin\" allowfullscreen><\/iframe><\/p>\n<p>\u00a0<\/p>\n<div id=\"video_player_ede4fb88-21b9-4c9c-8a5a-4071bacd9b9e\" class=\"wcvideoplayer vxplayer animate youtube_player playerloaded\" tabindex=\"0\" aria-label=\"Video 'En Compa\u00f1\u00eda de... Vicente Fern\u00e1ndez' \" data-adpagegroups=\"{&quot;web&quot;:&quot;msvpr5&quot;,&quot;mobileweb&quot;:&quot;mxment&quot;,&quot;tvweb&quot;:&quot;&quot;}\" data-config=\"{&quot;AutoPlay&quot;: false,&quot;FlashSource&quot;: &quot;\/\/static-entertainment-eus-s-msn-com.akamaized.net\/es-mx\/entretenimiento\/_h\/b00c897a\/webcore\/flash\/player.swf&quot;,&quot;HomePageLink&quot;: &quot;\/\/www.msn.com\/es-mx&quot;,&quot;HybridPlayerSource&quot;: &quot;\/\/static-entertainment-eus-s-msn-com.akamaized.net\/es-mx\/entretenimiento\/_h\/561caba8\/webcore\/flash\/hybridplayer_2.swf&quot;,&quot;IsImmersivePlayer&quot;: true,&quot;Is3PP&quot;: true,&quot;InPlayerPageContext&quot;: false,&quot;IsInlinePlayer&quot;: true,&quot;InViewPlay&quot;: false,&quot;InViewWidthFraction&quot;: 0.5,&quot;InViewHeightFraction&quot;: 0.5,&quot;LeadWith&quot;: &quot;html5&quot;,&quot;Mute&quot;: true,&quot;SwfCacheRefreshTime&quot;: 86400,&quot;ShowTitle&quot;: true,&quot;UseHybridPlayer&quot;: false,&quot;AdConfig&quot;:{&quot;AdManagerRequestTimeout&quot;: 25,&quot;FWFlashProfile&quot;: &quot;188286:MSN_AS3_Live&quot;,&quot;FWHtml5Profile&quot;: &quot;188286:MSN_HTML5_Live&quot;,&quot;FWNetworkId&quot;: 188286,&quot;FWServer&quot;: &quot;https:\/\/2df7e.v.fwmrm.net&quot;,&quot;HybridPlayerAdInitTimeout&quot;: 30,&quot;HybridPlayerAdStartTimeout&quot;: 30,&quot;UseTargetingService&quot;: &quot;none&quot;},&quot;EndSlateConfig&quot;:{&quot;EndslateContinuousPlayEnabled&quot;: true},&quot;ReportingConfig&quot;:{&quot;Category&quot;: &quot;entertainment-celebrity&quot;,&quot;ComscoreUrl&quot;: &quot;https:\/\/sb.scorecardresearch.com\/b?&quot;,&quot;DomainId&quot;: 2514,&quot;Fr&quot;: &quot;es-mx_entertainment&quot;,&quot;ImpressionGuid&quot;: &quot;915819eee47443fdb9c94940d3f8dcb8&quot;,&quot;Market&quot;: &quot;es-mx&quot;,&quot;OtfUrl&quot;: &quot;\/\/otf.msn.com\/c.gif?&quot;,&quot;SubCategory&quot;: &quot;no-sc&quot;,&quot;Subcvs&quot;: &quot;entertainment&quot;}}\" data-metadata=\"{&quot;adNetworkId&quot;:&quot;188286&quot;,&quot;csId&quot;:&quot;AA9gPMM&quot;,&quot;csIdBase32&quot;:&quot;B4PHA5BRM&quot;,&quot;description&quot;:&quot;Vicente Fern\u00e1ndez es uno de los estandartes de m\u00fasica ranchera en M\u00e9xico. Desde los a\u00f1os 60, Vicente ha crecido en la m\u00fasica y en el cine. Tristemente, Vicente ha decidido retirarse a pesar de su actual grandeza\\r\\n\\r\\nVicente nos cuenta desde sus inicios, sus virtudes musicales y sus relaciones interpersonales.&quot;,&quot;durationSecs&quot;:3202,&quot;feedId&quot;:&quot;AA9h0H2&quot;,&quot;pageGroup&quot;:&quot;&quot;,&quot;providerId&quot;:&quot;klx0D7DuJHA&quot;,&quot;shareUrl&quot;:&quot;https:\/\/www.excelsior.com.mx\/funcion\/vicente-fernandez-muere-a-los-81-anos\/1487330&quot;,&quot;sourceFriendly&quot;:&quot;Excelsior (M\u00e9xico)&quot;,&quot;sourceLogo&quot;:&quot;https:\/\/img-s-msn-com.akamaized.net\/tenant\/amp\/entityid\/BBwE7X2.img&quot;,&quot;title&quot;:&quot;En Compa\u00f1\u00eda de... Vicente Fern\u00e1ndez&quot;,&quot;uuid&quot;:&quot;AARJKMK&quot;,&quot;uuidBase32&quot;:&quot;B4P2TQU7O&quot;,&quot;playerName&quot;:&quot;YouTube&quot;,&quot;videoFiles&quot;:[],&quot;tags&quot;:[{&quot;ns&quot;:&quot;jobEnvironment&quot;,&quot;value&quot;:&quot;System.Collections.Generic.List&#96;1[System.String]&quot;},{&quot;ns&quot;:&quot;jobInstanceName&quot;,&quot;value&quot;:&quot;System.Collections.Generic.List&#96;1[System.String]&quot;},{&quot;ns&quot;:&quot;feedUrl&quot;,&quot;value&quot;:&quot;https:\/\/api.imagendigital.com\/v2\/excelsior\/node.rss\/6311ed12928b3745211c42e7fa1e3a0a?limit=20&amp;type=article&amp;taxonomy.tid=3&quot;},{&quot;ns&quot;:&quot;displayAds&quot;,&quot;value&quot;:&quot;System.Collections.Generic.List&#96;1[System.String]&quot;},{&quot;ns&quot;:&quot;feedSourcesArchivePath&quot;,&quot;value&quot;:&quot;System.Collections.Generic.List&#96;1[System.String]&quot;},{&quot;ns&quot;:&quot;deduplicationId&quot;,&quot;value&quot;:&quot;System.Collections.Generic.List&#96;1[System.String]&quot;},{&quot;ns&quot;:&quot;ingestion-tracking&quot;,&quot;value&quot;:&quot;System.Collections.Generic.List&#96;1[System.String]&quot;},{&quot;ns&quot;:&quot;externalPlayerName&quot;,&quot;value&quot;:&quot;YouTube&quot;}],&quot;thumbnail&quot;:{&quot;url&quot;:&quot;https:\/\/img-s-msn-com.akamaized.net\/tenant\/amp\/entityid\/AARJKMJ.img&quot;},&quot;headlineImage&quot;:{&quot;url&quot;:&quot;https:\/\/img-s-msn-com.akamaized.net\/tenant\/amp\/entityid\/AARJKMJ.img&quot;}}\" data-id=\"104\" data-m=\"{&quot;i&quot;:104,&quot;p&quot;:102,&quot;n&quot;:&quot;inline-player&quot;,&quot;y&quot;:8,&quot;o&quot;:2}\" data-playertype=\"Html5\">\n<h4 class=\"external\">Cronolog\u00eda del caso de Vicente Fern\u00e1ndez por su ca\u00edda<\/h4>\n<\/div>\n<p>09 de agosto &#8211; Vicente Fern\u00e1ndez ingresa al hospital tras una ca\u00edda en su rancho,\u00a0<em>Los Tres Potrillos<\/em>.<\/p>\n<p>11 de agosto &#8211; Salud del cantante es grave, pero estable,\u00a0sus funciones cerebrales se encontraban\u00a0\u00edntegras. Fern\u00e1nez\u00a0se\u00a0manten\u00eda con sedaci\u00f3n m\u00ednima y con apoyo ventilatorio.<\/p>\n<p>13 de agosto &#8211;\u00a0<em>Don Chente<\/em>\u00a0est\u00e1 despierto,\u00a0con apoyo ventilatorio y sin infecci\u00f3n pulmonar.<\/p>\n<p>06 de septiembre &#8211; La familia Fern\u00e1ndez indic\u00f3 que icontinuaba con una traqueostom\u00eda, a\u00fan dependiendo de apoyo respiratorio intermintente ya que persiste con debiidad en m\u00fasculos de respiraci\u00f3n.<\/p>\n<p>14 de septiembre &#8211; Evoluci\u00f3n en salud del cantante es lenta; es alimentado por sonda de gastrosm\u00eda.<\/p>\n<p>20 de septiembre &#8211;\u00a0Los m\u00e9dicos afirmaron que el cantante ya ten\u00eda una interacci\u00f3n constante con su familia y su equipo m\u00e9dico.<\/p>\n<p>05 de octubre -La familia hizo saber que a\u00fan se encontraba en terapia intensiva bajo estrecha vigilancia m\u00e9dica por una inflamaci\u00f3n en las v\u00edas respiratorias por el proceso ventilatorio prolongago. \u00abSu proceso de recuperaci\u00f3n derivado del da\u00f1o a sus nervios perif\u00e9ricos es muy pero muy lento\u201d, se\u00f1alaron.<\/p>\n<p>11 de octubre &#8211;\u00a0La familia hizo un recuento de lo que hab\u00eda pasado desde su ingreso al hospital. Por ahora\u00a0es muy dependiente de ventilaci\u00f3n por traqueostom\u00eda\u00a0y su esfuerzo respiratorio a\u00fan es d\u00e9bil\u00bb.<\/p>\n<p>18 de octubre &#8211; Desmienten muerte cerebral de Vicente Fern\u00e1ndez<\/p>\n<p>27 de octubre &#8211;\u00a0Vicente Fern\u00e1ndez\u00a0sali\u00f3 de terapia intensiva\u00a0y fue trasladado a piso, donde continuar\u00e1 con su tratamiento y rehabilitaci\u00f3n.<\/p>\n<p>Estamos en una fase de convalecencia donde continuamos en tratamiento y seguimiento estrecho. La recuperaci\u00f3n es lenta pero progresiva\u00bb.<\/p>\n<p>30 de noviembre &#8211;\u00a0<em>Don Chente<\/em>\u00a0regresa a terapia intensiva ante problema pulmonar<\/p>\n<p>\u00bfQui\u00e9n es Vicente Fern\u00e1ndez?<\/p>\n<p>Vicente Fern\u00e1ndez naci\u00f3 el 17 de febrero de 1940 en Huentit\u00e1n El Alto, Jalisco. De ah\u00ed que se le apodara El Charro de Huentit\u00e1n. Don Chente fue hijo de Ram\u00f3n Fern\u00e1ndez y de Paula G\u00f3mez de Fern\u00e1ndez.<\/p>\n<p>Desde muy peque\u00f1o empez\u00f3 a mostrar inter\u00e9s por la m\u00fasica y con tan s\u00f3lo ocho a\u00f1os comenz\u00f3 a estudiar guitarra y desde entonces tuvo claro que quer\u00eda ser cantante.<\/p>\n<p>En 1954 entr\u00f3 a un concurso de canto en Guadalajara el cual le dio seguridad para comenzar a cantar en restaurantes, bodas y eventos.<\/p>\n<p>Nueve a\u00f1os despu\u00e9s, con apenas 23 a\u00f1os, sufri\u00f3 la muerte de su madre, Paula G\u00f3mez, quien muri\u00f3 a causa del c\u00e1ncer. Ese mismo a\u00f1o, el 27 de diciembre, se cas\u00f3 con Mar\u00eda del Refugio Abarca, mejor conocida como Cuquita.<\/p>\n<p>La pareja tuvo cuatro hijos: Vicente, Gerardo, Alejandro y Alejandra.<\/p>\n<p>Aunque\u00a0<em>Don Chente<\/em>\u00a0es famoso como solista, tambi\u00e9n form\u00f3 parte de grupos de mariachi como el Amanecer de Pepe Mendoza, y el Mariachi de Jos\u00e9 Lu\u00eds Aguilar.<\/p>\n<p>Tras probar suerte en su natal Jalisco,\u00a0<em>El Charro de Huentit\u00e1n\u00a0<\/em>decidi\u00f3 emprender el viaje a la Ciudad de M\u00e9xico, para tocar puertas.<\/p>\n<p><strong>La muerte de Javier Sol\u00eds marca su carrera<\/strong><\/p>\n<p>Parad\u00f3jicamente, la muerte de Javier Sol\u00eds el 19 de abril de 1966 jug\u00f3 a favor de Vicente Fern\u00e1ndez, pues ante la partida del emblema de la m\u00fasica ranchera, el puesto qued\u00f3 vacante. Tras la tragedia, disqueras que no le hab\u00edan dado una oportunidad comenzaron a llamarlo. En 1966 grab\u00f3 sus primeros \u00e9xitos:\u00a0<em>Tu Camino<\/em>\u00a0y\u00a0<em>El M\u00edo<\/em>,\u00a0<em>Perd\u00f3name<\/em>\u00a0y<em>\u00a0Cantina del Barrio.<\/em><\/p>\n","protected":false},"excerpt":{"rendered":"","protected":false},"author":1,"featured_media":2931094,"comment_status":"open","ping_status":"closed","sticky":false,"template":"","format":"video","meta":{"footnotes":""},"categories":[1],"tags":[595],"class_list":["post-2931093","post","type-post","status-publish","format-video","has-post-thumbnail","hentry","category-uncategorized","tag-destacado","post_format-post-format-video"],"_links":{"self":[{"href":"https:\/\/agpnoticias.com\/news\/index.php?rest_route=\/wp\/v2\/posts\/2931093","targetHints":{"allow":["GET"]}}],"collection":[{"href":"https:\/\/agpnoticias.com\/news\/index.php?rest_route=\/wp\/v2\/posts"}],"about":[{"href":"https:\/\/agpnoticias.com\/news\/index.php?rest_route=\/wp\/v2\/types\/post"}],"author":[{"embeddable":true,"href":"https:\/\/agpnoticias.com\/news\/index.php?rest_route=\/wp\/v2\/users\/1"}],"replies":[{"embeddable":true,"href":"https:\/\/agpnoticias.com\/news\/index.php?rest_route=%2Fwp%2Fv2%2Fcomments&post=2931093"}],"version-history":[{"count":1,"href":"https:\/\/agpnoticias.com\/news\/index.php?rest_route=\/wp\/v2\/posts\/2931093\/revisions"}],"predecessor-version":[{"id":2931095,"href":"https:\/\/agpnoticias.com\/news\/index.php?rest_route=\/wp\/v2\/posts\/2931093\/revisions\/2931095"}],"wp:featuredmedia":[{"embeddable":true,"href":"https:\/\/agpnoticias.com\/news\/index.php?rest_route=\/wp\/v2\/media\/2931094"}],"wp:attachment":[{"href":"https:\/\/agpnoticias.com\/news\/index.php?rest_route=%2Fwp%2Fv2%2Fmedia&parent=2931093"}],"wp:term":[{"taxonomy":"category","embeddable":true,"href":"https:\/\/agpnoticias.com\/news\/index.php?rest_route=%2Fwp%2Fv2%2Fcategories&post=2931093"},{"taxonomy":"post_tag","embeddable":true,"href":"https:\/\/agpnoticias.com\/news\/index.php?rest_route=%2Fwp%2Fv2%2Ftags&post=2931093"}],"curies":[{"name":"wp","href":"https:\/\/api.w.org\/{rel}","templated":true}]}}