{"id":2931096,"date":"2021-12-12T07:52:45","date_gmt":"2021-12-12T15:52:45","guid":{"rendered":"https:\/\/agpnoticias.com\/news\/?p=2931096"},"modified":"2021-12-12T07:52:46","modified_gmt":"2021-12-12T15:52:46","slug":"famosos-reaccionan-a-la-muerte-de-vicente-fernandez","status":"publish","type":"post","link":"https:\/\/agpnoticias.com\/news\/?p=2931096","title":{"rendered":"Famosos reaccionan a la muerte de Vicente Fern\u00e1ndez"},"content":{"rendered":"\n<p>Este domingo 12 de diciembre se dio a conocer la muerte de\u00a0<strong>Vicente Fern\u00e1ndez, mejor conocido como &#8216;El Charro de Huentit\u00e1n&#8217;<\/strong>, dejando un hueco en el mundo del espect\u00e1culo al ser uno de los int\u00e9rpretes m\u00e1s importantes en la historia de Mexico.<\/p>\n<figure style=\"width: 799px\" class=\"wp-caption aligncenter\"><img fetchpriority=\"high\" decoding=\"async\" class=\"loaded\" src=\"https:\/\/img-s-msn-com.akamaized.net\/tenant\/amp\/entityid\/AARJJeS.img?h=533&amp;w=799&amp;m=6&amp;q=60&amp;o=f&amp;l=f&amp;x=719&amp;y=342\" alt=\"El mundo del espect\u00e1culo reacciona a la muerte de Vicente Fern\u00e1ndez (Instagram)\" width=\"799\" height=\"533\" data-src=\"{&quot;default&quot;:{&quot;load&quot;:&quot;default&quot;,&quot;w&quot;:&quot;80&quot;,&quot;h&quot;:&quot;53&quot;,&quot;src&quot;:&quot;\/\/img-s-msn-com.akamaized.net\/tenant\/amp\/entityid\/AARJJeS.img?h=533&amp;w=799&amp;m=6&amp;q=60&amp;o=f&amp;l=f&amp;x=719&amp;y=342&quot;},&quot;size3column&quot;:{&quot;load&quot;:&quot;default&quot;,&quot;w&quot;:&quot;62&quot;,&quot;h&quot;:&quot;42&quot;,&quot;src&quot;:&quot;\/\/img-s-msn-com.akamaized.net\/tenant\/amp\/entityid\/AARJJeS.img?h=416&amp;w=624&amp;m=6&amp;q=60&amp;o=f&amp;l=f&amp;x=719&amp;y=342&quot;},&quot;size2column&quot;:{&quot;load&quot;:&quot;default&quot;,&quot;w&quot;:&quot;62&quot;,&quot;h&quot;:&quot;42&quot;,&quot;src&quot;:&quot;\/\/img-s-msn-com.akamaized.net\/tenant\/amp\/entityid\/AARJJeS.img?h=416&amp;w=624&amp;m=6&amp;q=60&amp;o=f&amp;l=f&amp;x=719&amp;y=342&quot;}}\" \/><figcaption class=\"wp-caption-text\">\u00a9 Proporcionado por Milenio\u00a0El mundo del espect\u00e1culo reacciona a la muerte de Vicente Fern\u00e1ndez (Instagram)<\/figcaption><\/figure>\n<p>Fue por ello que\u00a0<strong>famosos y personajes del mundo del espect\u00e1culo comenzaron a reaccionar a la muerte de Fern\u00e1ndez<\/strong>, lamentando su deceso y mandando sus condolencias a la familia.<\/p>\n<p>\u00ab<strong>Triste noticia, este d\u00eda nos deja #VicenteFernandez\u00bb, escribi\u00f3 la conductora Pati Chapoy\u00a0<\/strong>del programa\u00a0<em>Ventaneando<\/em>.<\/p>\n<p><blockquote class=\"twitter-tweet\" data-width=\"550\" data-dnt=\"true\"><p lang=\"es\" dir=\"ltr\">Triste noticia, este d\u00eda nos deja <a href=\"https:\/\/twitter.com\/hashtag\/VicenteFernandez?src=hash&amp;ref_src=twsrc%5Etfw\">#VicenteFernandez<\/a> <a href=\"https:\/\/t.co\/uNHfpenufj\">pic.twitter.com\/uNHfpenufj<\/a><\/p>&mdash; Pati Chapoy (@ChapoyPati) <a href=\"https:\/\/twitter.com\/ChapoyPati\/status\/1470019915797180416?ref_src=twsrc%5Etfw\">December 12, 2021<\/a><\/blockquote><script async src=\"https:\/\/platform.twitter.com\/widgets.js\" charset=\"utf-8\"><\/script><\/p>\n<p>\u00abHa partido a la eternidad don Vicente Fern\u00e1ndez, su legado infinito seguir\u00e1 sonando en los corazones de millones.\u00a0Hombre amable y considerado con sus colegas.\u00a0Paz don Vicente, paz a su entra\u00f1able familia\u00bb, escribi\u00f3 Ricardo Montaner.<\/p>\n<p><blockquote class=\"twitter-tweet\" data-width=\"550\" data-dnt=\"true\"><p lang=\"es\" dir=\"ltr\">Ha partido a la eternidad don Vicente Fern\u00e1ndez ,su legado infinito seguir\u00e1 sonando en los corazones de millones.<br>Hombre amable y considerado con sus colegas.<br>Paz don Vicente ,paz a su entra\u00f1able familia <a href=\"https:\/\/twitter.com\/alexoficial?ref_src=twsrc%5Etfw\">@alexoficial<\/a> <a href=\"https:\/\/twitter.com\/hashtag\/Mexico?src=hash&amp;ref_src=twsrc%5Etfw\">#Mexico<\/a> <a href=\"https:\/\/twitter.com\/hashtag\/VicenteFernandez?src=hash&amp;ref_src=twsrc%5Etfw\">#VicenteFernandez<\/a><\/p>&mdash; Ricardo Montaner (@montanertwiter) <a href=\"https:\/\/twitter.com\/montanertwiter\/status\/1470026308763766798?ref_src=twsrc%5Etfw\">December 12, 2021<\/a><\/blockquote><script async src=\"https:\/\/platform.twitter.com\/widgets.js\" charset=\"utf-8\"><\/script><\/p>\n<div>\n<p class=\"twitter-tweet twitter-tweet-rendered\"><span style=\"font-family: 'PT Serif', sans-serif; font-size: 1.1rem;\">\u00abSe despide el m\u00e1s ic\u00f3nico representante de la m\u00fasica vern\u00e1cula en M\u00e9xico\u00bb, escribi\u00f3 M\u00f3nica Garza.<\/span><\/p>\n<\/div>\n<p><blockquote class=\"twitter-tweet\" data-width=\"550\" data-dnt=\"true\"><p lang=\"es\" dir=\"ltr\">Muere Vicente Fern\u00e1ndez a los 81 a\u00f1os.<br>Se despide el m\u00e1s ic\u00f3nico representante de la m\u00fasica vern\u00e1cula en Mexico. <a href=\"https:\/\/t.co\/lpcfkE2OiL\">pic.twitter.com\/lpcfkE2OiL<\/a><\/p>&mdash; Monica Garza (@monicagarzag) <a href=\"https:\/\/twitter.com\/monicagarzag\/status\/1470028359858110469?ref_src=twsrc%5Etfw\">December 12, 2021<\/a><\/blockquote><script async src=\"https:\/\/platform.twitter.com\/widgets.js\" charset=\"utf-8\"><\/script><\/p>\n<div>\n<p class=\"twitter-tweet twitter-tweet-rendered\"><span style=\"font-size: 16px; color: initial;\">\u00abHoy nos deja un grande, descanse en paz Vicente Fern\u00e1ndez, un abrazo con mucho cari\u00f1o para su familia\u00bb, escribi\u00f3 Emilio Azc\u00e1rraga.<\/span><\/p>\n<p><blockquote class=\"twitter-tweet\" data-width=\"550\" data-dnt=\"true\"><p lang=\"es\" dir=\"ltr\">Hoy nos deja un grande, descanse en paz Vicente Fern\u00e1ndez, un abrazo con mucho cari\u00f1o para su familia<\/p>&mdash; emilio azcarraga (@eazcarraga) <a href=\"https:\/\/twitter.com\/eazcarraga\/status\/1470028449993613323?ref_src=twsrc%5Etfw\">December 12, 2021<\/a><\/blockquote><script async src=\"https:\/\/platform.twitter.com\/widgets.js\" charset=\"utf-8\"><\/script><\/p>\n<\/div>\n<p>\u00ab\u00a1M\u00e9xico amanece de luto este domingo! Descansa en paz leyenda\u00bb, escribi\u00f3 la conductora Marisol Gonz\u00e1lez.<\/p>\n<p><blockquote class=\"twitter-tweet\" data-width=\"550\" data-dnt=\"true\"><p lang=\"es\" dir=\"ltr\">?? \u00a1\u00daLTIMO MOMENTO! ??<br><br>El gran Vicente Fern\u00e1ndez ha fallecido a los 81 a\u00f1os de edad, \u00edcono de la m\u00fasica ranchera. ????<br><br>\u00a1M\u00e9xico amanece de luto este domingo! Descansa en paz leyenda. <a href=\"https:\/\/twitter.com\/hashtag\/VicenteFernandez?src=hash&amp;ref_src=twsrc%5Etfw\">#VicenteFernandez<\/a> <a href=\"https:\/\/t.co\/v1KinaTYIs\">pic.twitter.com\/v1KinaTYIs<\/a><\/p>&mdash; Marisol Gonzalez (@marisolglzz) <a href=\"https:\/\/twitter.com\/marisolglzz\/status\/1470028647570591744?ref_src=twsrc%5Etfw\">December 12, 2021<\/a><\/blockquote><script async src=\"https:\/\/platform.twitter.com\/widgets.js\" charset=\"utf-8\"><\/script><\/p>\n<div>\n<p class=\"twitter-tweet twitter-tweet-rendered\"><span style=\"font-family: 'PT Serif', sans-serif; font-size: 1.1rem;\">\u00ab<\/span><strong style=\"font-family: 'PT Serif', sans-serif; font-size: 1.1rem;\">Se apaga una voz \u00fanica, un hombre que llev\u00f3 nuestra m\u00fasica a todos los rincones del planeta.\u00a0<\/strong><strong style=\"font-family: 'PT Serif', sans-serif; font-size: 1.1rem;\">Un abrazo con todo afecto a su familia. DEP\u00a0<em>El Charro de Huentit\u00e1n<\/em><\/strong><span style=\"font-family: 'PT Serif', sans-serif; font-size: 1.1rem;\">\u00ab, escribi\u00f3 Jos\u00e9 Ram\u00f3n Fern\u00e1ndez, comentarista deportivo.<\/span><\/p>\n<p><blockquote class=\"twitter-tweet\" data-width=\"550\" data-dnt=\"true\"><p lang=\"es\" dir=\"ltr\">Muere el GRAN Vicente Fern\u00e1ndez, el cantante de m\u00fasica ranchera m\u00e1s popular de las \u00faltimas d\u00e9cadas. Se apaga una voz \u00fanica, un hombre que llev\u00f3 nuestra m\u00fasica a todos los rincones del planeta. <br>Un abrazo con todo afecto a su familia. DEP El Charro  de Huentit\u00e1n <a href=\"https:\/\/twitter.com\/hashtag\/VicenteFernandez?src=hash&amp;ref_src=twsrc%5Etfw\">#VicenteFernandez<\/a> <a href=\"https:\/\/t.co\/rvmx2Wmipo\">pic.twitter.com\/rvmx2Wmipo<\/a><\/p>&mdash; Jos\u00e9 Ram\u00f3n Fern\u00e1ndez (@joserra_espn) <a href=\"https:\/\/twitter.com\/joserra_espn\/status\/1470027434246426626?ref_src=twsrc%5Etfw\">December 12, 2021<\/a><\/blockquote><script async src=\"https:\/\/platform.twitter.com\/widgets.js\" charset=\"utf-8\"><\/script><\/p>\n<\/div>\n<div>\u00a0<\/div>\n<div>\n<div>\u00a0<\/div>\n<\/div>\n<div>\n<div class=\"twitter-tweet twitter-tweet-rendered\">\u00a0<\/div>\n<\/div>\n","protected":false},"excerpt":{"rendered":"","protected":false},"author":1,"featured_media":2931097,"comment_status":"open","ping_status":"closed","sticky":false,"template":"","format":"standard","meta":{"footnotes":""},"categories":[1],"tags":[],"class_list":["post-2931096","post","type-post","status-publish","format-standard","has-post-thumbnail","hentry","category-uncategorized"],"_links":{"self":[{"href":"https:\/\/agpnoticias.com\/news\/index.php?rest_route=\/wp\/v2\/posts\/2931096","targetHints":{"allow":["GET"]}}],"collection":[{"href":"https:\/\/agpnoticias.com\/news\/index.php?rest_route=\/wp\/v2\/posts"}],"about":[{"href":"https:\/\/agpnoticias.com\/news\/index.php?rest_route=\/wp\/v2\/types\/post"}],"author":[{"embeddable":true,"href":"https:\/\/agpnoticias.com\/news\/index.php?rest_route=\/wp\/v2\/users\/1"}],"replies":[{"embeddable":true,"href":"https:\/\/agpnoticias.com\/news\/index.php?rest_route=%2Fwp%2Fv2%2Fcomments&post=2931096"}],"version-history":[{"count":1,"href":"https:\/\/agpnoticias.com\/news\/index.php?rest_route=\/wp\/v2\/posts\/2931096\/revisions"}],"predecessor-version":[{"id":2931098,"href":"https:\/\/agpnoticias.com\/news\/index.php?rest_route=\/wp\/v2\/posts\/2931096\/revisions\/2931098"}],"wp:featuredmedia":[{"embeddable":true,"href":"https:\/\/agpnoticias.com\/news\/index.php?rest_route=\/wp\/v2\/media\/2931097"}],"wp:attachment":[{"href":"https:\/\/agpnoticias.com\/news\/index.php?rest_route=%2Fwp%2Fv2%2Fmedia&parent=2931096"}],"wp:term":[{"taxonomy":"category","embeddable":true,"href":"https:\/\/agpnoticias.com\/news\/index.php?rest_route=%2Fwp%2Fv2%2Fcategories&post=2931096"},{"taxonomy":"post_tag","embeddable":true,"href":"https:\/\/agpnoticias.com\/news\/index.php?rest_route=%2Fwp%2Fv2%2Ftags&post=2931096"}],"curies":[{"name":"wp","href":"https:\/\/api.w.org\/{rel}","templated":true}]}}