{"id":2934964,"date":"2022-03-19T15:26:46","date_gmt":"2022-03-19T22:26:46","guid":{"rendered":"https:\/\/agpnoticias.com\/news\/?p=2934964"},"modified":"2022-03-19T15:27:26","modified_gmt":"2022-03-19T22:27:26","slug":"barcelona-por-su-primera-victoria-del-ciclo-ante-real-madrid","status":"publish","type":"post","link":"https:\/\/agpnoticias.com\/news\/?p=2934964","title":{"rendered":"Barcelona por su primera victoria del ciclo ante Real Madrid"},"content":{"rendered":"\n<p>Barcelona, Espa\u00f1a.- El Bar\u00e7a de Xavi Hern\u00e1ndez\u00a0visita el\u00a0Santiago Bernab\u00e9u\u00a0para jugar el tercer Cl\u00e1sico de la temporada despu\u00e9s del disputado la primera vuelta en el Camp Nou y el de la Supercopa de Espa\u00f1a en Arabia.<\/p>\n<p>Por este partido correspondiente a la jornada 29 de Liga, programado a las 13:00 horas del Pac\u00edfico, Xavi ha decidido convocar a los siguientes 23 futbolistas con la novedad de Dani Alves por Sergi\u00f1o Dest, que cay\u00f3 lesionado contra el Galatasaray en la Europa League:<\/p>\n<p>Ter Stegen, Piqu\u00e9, R. Araujo, Sergio, Riqui Puig, O. Demb\u00e9l\u00e9, Dani Alves, Memphis, Adama, Braithwaite, Neto, Nico, Lenglet, Pedri, L. De Jong, Jordi Alba, Ferran, F. De Jong, O. Mingueza, Eric, Aubameyang, Gavi y Arnau Tenas.<\/p>\n<p>Son baja por lesi\u00f3n Dest, Ansu Fati, Sergi Roberto y Umtiti.<\/p>\n","protected":false},"excerpt":{"rendered":"","protected":false},"author":1,"featured_media":2934965,"comment_status":"open","ping_status":"closed","sticky":false,"template":"","format":"standard","meta":{"footnotes":""},"categories":[32],"tags":[595],"class_list":["post-2934964","post","type-post","status-publish","format-standard","has-post-thumbnail","hentry","category-soccer","tag-destacado"],"_links":{"self":[{"href":"https:\/\/agpnoticias.com\/news\/index.php?rest_route=\/wp\/v2\/posts\/2934964","targetHints":{"allow":["GET"]}}],"collection":[{"href":"https:\/\/agpnoticias.com\/news\/index.php?rest_route=\/wp\/v2\/posts"}],"about":[{"href":"https:\/\/agpnoticias.com\/news\/index.php?rest_route=\/wp\/v2\/types\/post"}],"author":[{"embeddable":true,"href":"https:\/\/agpnoticias.com\/news\/index.php?rest_route=\/wp\/v2\/users\/1"}],"replies":[{"embeddable":true,"href":"https:\/\/agpnoticias.com\/news\/index.php?rest_route=%2Fwp%2Fv2%2Fcomments&post=2934964"}],"version-history":[{"count":2,"href":"https:\/\/agpnoticias.com\/news\/index.php?rest_route=\/wp\/v2\/posts\/2934964\/revisions"}],"predecessor-version":[{"id":2934967,"href":"https:\/\/agpnoticias.com\/news\/index.php?rest_route=\/wp\/v2\/posts\/2934964\/revisions\/2934967"}],"wp:featuredmedia":[{"embeddable":true,"href":"https:\/\/agpnoticias.com\/news\/index.php?rest_route=\/wp\/v2\/media\/2934965"}],"wp:attachment":[{"href":"https:\/\/agpnoticias.com\/news\/index.php?rest_route=%2Fwp%2Fv2%2Fmedia&parent=2934964"}],"wp:term":[{"taxonomy":"category","embeddable":true,"href":"https:\/\/agpnoticias.com\/news\/index.php?rest_route=%2Fwp%2Fv2%2Fcategories&post=2934964"},{"taxonomy":"post_tag","embeddable":true,"href":"https:\/\/agpnoticias.com\/news\/index.php?rest_route=%2Fwp%2Fv2%2Ftags&post=2934964"}],"curies":[{"name":"wp","href":"https:\/\/api.w.org\/{rel}","templated":true}]}}