{"id":2934968,"date":"2022-03-19T15:41:14","date_gmt":"2022-03-19T22:41:14","guid":{"rendered":"https:\/\/agpnoticias.com\/news\/?p=2934968"},"modified":"2022-03-19T15:41:42","modified_gmt":"2022-03-19T22:41:42","slug":"benzema-la-gran-ausencia-del-madrid-manana-en-el-clasico-contra-el-barca","status":"publish","type":"post","link":"https:\/\/agpnoticias.com\/news\/?p=2934968","title":{"rendered":"Benzema, la gran ausencia del Madrid ma\u00f1ana en el cl\u00e1sico contra el Bar\u00e7a"},"content":{"rendered":"\n<div class=\"grid_not_cabecera \">\n<div class=\"master-layout no-margin\" data-slideable=\"\">\n<div class=\"full_section nne-noticia\">\n<div class=\"nne-noticia_container\">\n<div class=\"nne-noticia_container_text\">\n<div class=\"nne-noticia_module_text\">\n<div class=\"ck_editor_training\">\n<p>Madrid, Espa\u00f1a.- Con la ausencia de Karim Benzema, Real Madrid<span style=\"font-size: 1.1rem;\"> realiz\u00f3 el \u00faltimo entrenamiento antes del Cl\u00e1sico correspondiente a la jornada 29 de La <\/span>Liga<span style=\"font-size: 1.1rem;\">,\u00a0que se disputar\u00e1 en el\u00a0<\/span>Santiago Bernab\u00e9u<span style=\"font-size: 1.1rem;\"> ma\u00f1ana domingo a las 13:00 horas del Pac\u00edfico.<\/span><\/p>\n<p><span style=\"font-size: 1.1rem;\">El franc\u00e9s, al igual que\u00a0Mendy, se ejercit\u00f3 en el interior de las instalaciones por problemas musculares que lo marginan del cl\u00e1sico.<\/span><\/p>\n<p>Benzema es figura del Madrid con 22 goles registrados y sobre \u00e9l gira el funcionamiento ofensiva del l\u00edder de La Liga.<\/p>\n<p>Los merengues son l\u00edderes c\u00f3modos con 66 puntos, 10 m\u00e1s que el sub l\u00edder Sevilla; Barcelona es cuarto de momento con 51 unidades y un juego pendiente.<\/p>\n<\/div>\n<\/div>\n<\/div>\n<\/div>\n<\/div>\n<\/div>\n<\/div>\n","protected":false},"excerpt":{"rendered":"","protected":false},"author":1,"featured_media":2934970,"comment_status":"open","ping_status":"closed","sticky":false,"template":"","format":"standard","meta":{"footnotes":""},"categories":[32,405],"tags":[595],"class_list":["post-2934968","post","type-post","status-publish","format-standard","has-post-thumbnail","hentry","category-soccer","category-sin-categoria-es","tag-destacado"],"_links":{"self":[{"href":"https:\/\/agpnoticias.com\/news\/index.php?rest_route=\/wp\/v2\/posts\/2934968","targetHints":{"allow":["GET"]}}],"collection":[{"href":"https:\/\/agpnoticias.com\/news\/index.php?rest_route=\/wp\/v2\/posts"}],"about":[{"href":"https:\/\/agpnoticias.com\/news\/index.php?rest_route=\/wp\/v2\/types\/post"}],"author":[{"embeddable":true,"href":"https:\/\/agpnoticias.com\/news\/index.php?rest_route=\/wp\/v2\/users\/1"}],"replies":[{"embeddable":true,"href":"https:\/\/agpnoticias.com\/news\/index.php?rest_route=%2Fwp%2Fv2%2Fcomments&post=2934968"}],"version-history":[{"count":3,"href":"https:\/\/agpnoticias.com\/news\/index.php?rest_route=\/wp\/v2\/posts\/2934968\/revisions"}],"predecessor-version":[{"id":2934972,"href":"https:\/\/agpnoticias.com\/news\/index.php?rest_route=\/wp\/v2\/posts\/2934968\/revisions\/2934972"}],"wp:featuredmedia":[{"embeddable":true,"href":"https:\/\/agpnoticias.com\/news\/index.php?rest_route=\/wp\/v2\/media\/2934970"}],"wp:attachment":[{"href":"https:\/\/agpnoticias.com\/news\/index.php?rest_route=%2Fwp%2Fv2%2Fmedia&parent=2934968"}],"wp:term":[{"taxonomy":"category","embeddable":true,"href":"https:\/\/agpnoticias.com\/news\/index.php?rest_route=%2Fwp%2Fv2%2Fcategories&post=2934968"},{"taxonomy":"post_tag","embeddable":true,"href":"https:\/\/agpnoticias.com\/news\/index.php?rest_route=%2Fwp%2Fv2%2Ftags&post=2934968"}],"curies":[{"name":"wp","href":"https:\/\/api.w.org\/{rel}","templated":true}]}}