{"id":2935660,"date":"2022-04-01T07:09:54","date_gmt":"2022-04-01T14:09:54","guid":{"rendered":"https:\/\/agpnoticias.com\/news\/?p=2935660"},"modified":"2022-04-01T07:09:56","modified_gmt":"2022-04-01T14:09:56","slug":"impulsa-marina-del-pilar-justicia-familiar-en-favor-de-las-mujeres","status":"publish","type":"post","link":"https:\/\/agpnoticias.com\/news\/?p=2935660","title":{"rendered":"Impulsa Marina del Pilar justicia familiar en favor de las mujeres"},"content":{"rendered":"\n<p><span style=\"font-size: 1.1rem;\">Mexicali, Baja California.- Para brindar una justicia pronta, expedita, efectiva y con perspectiva de g\u00e9nero a las mujeres que son v\u00edctimas de violencia familiar, la Gobernadora de Baja California, Marina del Pilar Avila Olmeda, en conjunto con el Poder Judicial del Estado, present\u00f3 la iniciativa de creaci\u00f3n Juzgados Especializados en Violencia Familiar contra las Mujeres.<\/span><\/p>\n<p>En una ceremonia realizada en Mexicali, la mandataria explic\u00f3 que, a trav\u00e9s de dicha reforma a la Ley Org\u00e1nica del Poder Judicial de Baja California, entregada personalmente al diputado presidente de la mesa directiva del Congreso del Estado, Juan Manuel Molina, se busca que jueces especializados atiendan los casos, y se evite la revictimizaci\u00f3n de las mujeres, as\u00ed como de sus hijas e hijos.<\/p>\n<p><a href=\"https:\/\/agpnoticias.com\/news\/wp-content\/uploads\/2022\/04\/1153B3ED-E87C-489D-829D-CDC99FD39E49.jpeg\"><img fetchpriority=\"high\" decoding=\"async\" class=\"aligncenter size-full wp-image-2935662\" src=\"https:\/\/agpnoticias.com\/news\/wp-content\/uploads\/2022\/04\/1153B3ED-E87C-489D-829D-CDC99FD39E49.jpeg\" alt=\"\" width=\"1024\" height=\"682\" \/>Gene<\/a><\/p>\n<p>\u00a0<\/p>\n<p>Marina del Pilar Avila Olmeda enfatiz\u00f3 que es la primera vez que se presenta al Congreso del Estado una propuesta en conjunto entre el Poder Ejecutivo y el Poder Judicial, por lo que este jueves 31 de marzo se trata de un d\u00eda hist\u00f3rico para la justicia en la entidad, uno de los servicios m\u00e1s importantes que se da a la ciudadan\u00eda.<\/p>\n<p>En un mensaje dirigido a la comunidad judicial, la mandataria sostuvo que mientras est\u00e9 en el cargo encontrar\u00e1n en ella a la mejor aliada de la impartici\u00f3n de justicia, debido a que comprende la relevancia de \u00e9sta para el equilibrio social, para la paz y para el bienestar de todas las personas.<\/p>\n<p>\u201cMe es alentador constatar que hoy los tres Poderes del Estado cerramos filas para combatir desde todos los frentes la violencia machista, es importante avanzar hacia la impartici\u00f3n de justicia con perspectiva de g\u00e9nero\u201d, expres\u00f3.<\/p>\n<p>La Gobernadora manifest\u00f3 que la creaci\u00f3n de los juzgados especializados en violencia familiar contra las mujeres marcar\u00e1 un parteaguas en la historia judicial bajacaliforniana, y sobretodo constituye un momento coyuntural en la larga lucha en la defensa de los derechos de las mujeres, las ni\u00f1as y los ni\u00f1os en el Estado de Baja California.<\/p>\n<p>\u201cEsto permitir\u00e1 no solamente actuar de manera contundente en casos de violencia intrafamiliar, sino tambi\u00e9n ser garantes en temas tan sensibles como es una custodia o una pensi\u00f3n alimenticia\u201d, agreg\u00f3 Marina de Pilar.<\/p>\n<p>Hizo hincapi\u00e9 adem\u00e1s en que la justicia en favor de las mujeres no tiene horarios, sino que es inmediata y es las 24 horas del d\u00eda los siete d\u00edas de la semana, por lo que el trabajo de la autoridad ser\u00e1 generar confianza en ellas a denunciar a quienes las violentan.<\/p>\n<p>Ante esos casos, refiri\u00f3, el Poder Judicial de Baja California tiene una elevada responsabilidad \u00e9tica, moral y jur\u00eddica de velar por la protecci\u00f3n de quienes denuncian, raz\u00f3n por la cual resulta imprescindible la aplicaci\u00f3n de una justicia con perspectiva de g\u00e9nero.<\/p>\n<p>Al respecto, el magistrado presidente del Tribunal Superior de Justicia del Estado, Alejandro Isaac Fragozo L\u00f3pez, consider\u00f3 que, incluso en la comunidad jur\u00eddica, hay ausencia de capacitaci\u00f3n en materia de perspectiva de g\u00e9nero, lo que resulta urgente debido a que resulta preocupante y brutal la constante violencia.<\/p>\n<p>Para el titular del Poder Judicial, las mujeres se encuentran en un plano de desigualdad que hace necesario otorgarles una justicia especializada, y aplaudi\u00f3 la iniciativa presentada ante el Congreso, ya que se trata de una muestra que la sociedad est\u00e1 cambiando.<\/p>\n<p>En el evento estuvieron presentes adem\u00e1s las magistradas Columba Amador Guill\u00e9n y Karla Amaya Coronado, quienes hicieron relevancia a la importancia que tiene la protecci\u00f3n a la mujer en la pr\u00e1ctica diaria de la justicia, as\u00ed como los avances que se han tenido en la sensibilizaci\u00f3n de las y los jueces que forman parte del Poder Judicial de Baja California.<\/p>\n<p>Puntualmente, Amaya Coronado se\u00f1al\u00f3 que el hecho de contar con juzgados familiares obliga a que las mujeres tengan que transitar de forma lastimosa entre el juez de control y el juez de lo familiar, teniendo que duplicar sus comparecencias y dejando pasar tiempo que puede ser vital, sobretodo en el entendido de que la violencia es progresiva.<\/p>\n<p>*Participa Marina del Pilar en inauguraci\u00f3n de Centro contra el c\u00e1ncer*<\/p>\n<p>En otro punto de su agenda de este jueves, la Gobernadora Marina del Pilar particip\u00f3 como invitada en la inauguraci\u00f3n del Centro de Diagn\u00f3stico y Tratamiento de C\u00e1ncer en el Hospital Almater de la ciudad de Mexicali, donde dijo estar convencida de que la atenci\u00f3n que ah\u00ed se dar\u00e1 salvar\u00e1 muchas vidas.<\/p>\n<p>La unidad inaugurada contar\u00e1 con equipo de detecci\u00f3n, y con una serie de instrumentos de primer nivel que estar\u00e1n enfocados a atender de manera eficiente a los pacientes y a sus familias, ya que se tratar\u00e1 de un trabajo integral. \u201cLa cura del c\u00e1ncer comienza con prevenirlo, conocerlo, investigarlo a c\u00e1ncer y tratarlo a fondo y a tiempo\u201d, ponder\u00f3.<\/p>\n<p>Acompa\u00f1ada del secretario de Salud de Baja California, Jos\u00e9 Adri\u00e1n Medina Amarillas, Hizo un reconocimiento adem\u00e1s al fundador del Hospital Almater, Pablo Chee, por su labor incansable en beneficio de la salud de las y los bajacalifornianos, ya que ha sido fundamental para otorgar calidad de vida a la mayor cantidad de personas.<\/p>\n<p>Consider\u00f3 que, aunque se trata de una instituci\u00f3n de salud privada, siempre han trabajado para que hacer lo posible para hacer llegar los servicios a la mayor cantidad de la poblaci\u00f3n, as\u00ed como de contribuir con la salud p\u00fablica de las familias mexicalenses y bajacalifornianas. La Gobernadora enfatiz\u00f3 que la coordinaci\u00f3n entre el sector privado y p\u00fablico ha dado resultados de bienestar para todas y todos.<\/p>\n","protected":false},"excerpt":{"rendered":"","protected":false},"author":1,"featured_media":2935661,"comment_status":"open","ping_status":"closed","sticky":false,"template":"","format":"standard","meta":{"footnotes":""},"categories":[1],"tags":[],"class_list":["post-2935660","post","type-post","status-publish","format-standard","has-post-thumbnail","hentry","category-uncategorized"],"_links":{"self":[{"href":"https:\/\/agpnoticias.com\/news\/index.php?rest_route=\/wp\/v2\/posts\/2935660","targetHints":{"allow":["GET"]}}],"collection":[{"href":"https:\/\/agpnoticias.com\/news\/index.php?rest_route=\/wp\/v2\/posts"}],"about":[{"href":"https:\/\/agpnoticias.com\/news\/index.php?rest_route=\/wp\/v2\/types\/post"}],"author":[{"embeddable":true,"href":"https:\/\/agpnoticias.com\/news\/index.php?rest_route=\/wp\/v2\/users\/1"}],"replies":[{"embeddable":true,"href":"https:\/\/agpnoticias.com\/news\/index.php?rest_route=%2Fwp%2Fv2%2Fcomments&post=2935660"}],"version-history":[{"count":1,"href":"https:\/\/agpnoticias.com\/news\/index.php?rest_route=\/wp\/v2\/posts\/2935660\/revisions"}],"predecessor-version":[{"id":2935663,"href":"https:\/\/agpnoticias.com\/news\/index.php?rest_route=\/wp\/v2\/posts\/2935660\/revisions\/2935663"}],"wp:featuredmedia":[{"embeddable":true,"href":"https:\/\/agpnoticias.com\/news\/index.php?rest_route=\/wp\/v2\/media\/2935661"}],"wp:attachment":[{"href":"https:\/\/agpnoticias.com\/news\/index.php?rest_route=%2Fwp%2Fv2%2Fmedia&parent=2935660"}],"wp:term":[{"taxonomy":"category","embeddable":true,"href":"https:\/\/agpnoticias.com\/news\/index.php?rest_route=%2Fwp%2Fv2%2Fcategories&post=2935660"},{"taxonomy":"post_tag","embeddable":true,"href":"https:\/\/agpnoticias.com\/news\/index.php?rest_route=%2Fwp%2Fv2%2Ftags&post=2935660"}],"curies":[{"name":"wp","href":"https:\/\/api.w.org\/{rel}","templated":true}]}}