{"id":2935683,"date":"2022-04-01T15:54:54","date_gmt":"2022-04-01T22:54:54","guid":{"rendered":"https:\/\/agpnoticias.com\/news\/?p=2935683"},"modified":"2022-04-01T15:54:56","modified_gmt":"2022-04-01T22:54:56","slug":"will-smith-renuncia-a-la-academia-por-agresion-a-chris-rock","status":"publish","type":"post","link":"https:\/\/agpnoticias.com\/news\/?p=2935683","title":{"rendered":"Will Smith renuncia a la Academia por agresi\u00f3n a Chris Rock"},"content":{"rendered":"\n<p>Los \u00c1ngeles, California.- <span>Will Smith<\/span><span>\u00a0, que enfrenta una posible expulsi\u00f3n o suspensi\u00f3n despu\u00e9s de agredir a\u00a0<\/span><span>Chris Rock durante la transmisi\u00f3n de los\u00a0<\/span><span>Oscar<\/span><span> del domingo pasado, renunci\u00f3 a la Academia de Artes y Ciencias Cinematogr\u00e1ficas.\u00a0La medida se produce cuando el actor se ve envuelto en la crisis m\u00e1s grave de su carrera y cuando la organizaci\u00f3n detr\u00e1s de los Premios de la Academia\u00a0<\/span><span>ha tenido problemas en intentos<\/span><span>\u00a0de lidiar con las consecuencias del altercado.\u00a0<\/span><\/p>\n<p><span>En un comunicado, Smith calific\u00f3 sus acciones de \u201cimpactantes, dolorosas e inexcusables\u201d y dijo que aceptar\u00e1 cualquier consecuencia adicional que la Junta de Gobernadores de la Academia considere apropiada.<\/span><\/p>\n<p class=\"x_MsoNormal\"><span>\u201cLa lista de personas a las que he lastimado es larga e incluye a Chris, su familia, muchos de mis queridos amigos y seres queridos, todos los asistentes y audiencias globales en casa\u201d, dijo Smith.\u00a0\u201cTraicion\u00e9 la confianza de la Academia.\u00a0Priv\u00e9 a otros nominados y ganadores de la oportunidad de celebrar y ser celebrados por su extraordinario trabajo.\u00a0Tengo el coraz\u00f3n partido.\u00a0Quiero volver a centrarme en aquellos que merecen atenci\u00f3n por sus logros y permitir que la Academia vuelva al incre\u00edble trabajo que realiza para apoyar la creatividad y el arte en el cine.\u00a0Por lo tanto, renuncio a mi membres\u00eda en la Academia de Artes y Ciencias Cinematogr\u00e1ficas y aceptar\u00e9 cualquier otra consecuencia que la Junta considere apropiada\u201d.<\/span><\/p>\n","protected":false},"excerpt":{"rendered":"","protected":false},"author":1,"featured_media":2935684,"comment_status":"open","ping_status":"closed","sticky":false,"template":"","format":"standard","meta":{"footnotes":""},"categories":[1],"tags":[595],"class_list":["post-2935683","post","type-post","status-publish","format-standard","has-post-thumbnail","hentry","category-uncategorized","tag-destacado"],"_links":{"self":[{"href":"https:\/\/agpnoticias.com\/news\/index.php?rest_route=\/wp\/v2\/posts\/2935683","targetHints":{"allow":["GET"]}}],"collection":[{"href":"https:\/\/agpnoticias.com\/news\/index.php?rest_route=\/wp\/v2\/posts"}],"about":[{"href":"https:\/\/agpnoticias.com\/news\/index.php?rest_route=\/wp\/v2\/types\/post"}],"author":[{"embeddable":true,"href":"https:\/\/agpnoticias.com\/news\/index.php?rest_route=\/wp\/v2\/users\/1"}],"replies":[{"embeddable":true,"href":"https:\/\/agpnoticias.com\/news\/index.php?rest_route=%2Fwp%2Fv2%2Fcomments&post=2935683"}],"version-history":[{"count":1,"href":"https:\/\/agpnoticias.com\/news\/index.php?rest_route=\/wp\/v2\/posts\/2935683\/revisions"}],"predecessor-version":[{"id":2935685,"href":"https:\/\/agpnoticias.com\/news\/index.php?rest_route=\/wp\/v2\/posts\/2935683\/revisions\/2935685"}],"wp:featuredmedia":[{"embeddable":true,"href":"https:\/\/agpnoticias.com\/news\/index.php?rest_route=\/wp\/v2\/media\/2935684"}],"wp:attachment":[{"href":"https:\/\/agpnoticias.com\/news\/index.php?rest_route=%2Fwp%2Fv2%2Fmedia&parent=2935683"}],"wp:term":[{"taxonomy":"category","embeddable":true,"href":"https:\/\/agpnoticias.com\/news\/index.php?rest_route=%2Fwp%2Fv2%2Fcategories&post=2935683"},{"taxonomy":"post_tag","embeddable":true,"href":"https:\/\/agpnoticias.com\/news\/index.php?rest_route=%2Fwp%2Fv2%2Ftags&post=2935683"}],"curies":[{"name":"wp","href":"https:\/\/api.w.org\/{rel}","templated":true}]}}