{"id":2935911,"date":"2022-04-04T18:56:29","date_gmt":"2022-04-05T01:56:29","guid":{"rendered":"https:\/\/agpnoticias.com\/news\/?p=2935911"},"modified":"2022-04-04T18:56:31","modified_gmt":"2022-04-05T01:56:31","slug":"culminan-esta-semana-reencarpetado-en-calzada-las-aguilas-aar","status":"publish","type":"post","link":"https:\/\/agpnoticias.com\/news\/?p=2935911","title":{"rendered":"Culminan esta semana reencarpetado en Calzada Las \u00c1guilas: AAR\u00a0"},"content":{"rendered":"\n<p><span style=\"font-size: 1.1rem;\">Durante un recorrido por Calzada Las \u00c1guilas y Reforma, el alcalde de Ensenada inform\u00f3 que esta semana terminar\u00e1n las obras de reencarpetado con la maquinaria denominada Drag\u00f3n de Asfalto.<\/span><\/p>\n<p><a href=\"https:\/\/agpnoticias.com\/news\/wp-content\/uploads\/2022\/04\/47A4798C-F10F-4904-89B8-6CCD41A38ED2.jpeg\"><img fetchpriority=\"high\" decoding=\"async\" class=\"aligncenter size-full wp-image-2935914\" src=\"https:\/\/agpnoticias.com\/news\/wp-content\/uploads\/2022\/04\/47A4798C-F10F-4904-89B8-6CCD41A38ED2.jpeg\" alt=\"\" width=\"1024\" height=\"682\" \/><\/a><\/p>\n<p>Armando Ayala Robles reconoci\u00f3 que es una de las vialidades con mayor demanda ciudadana, por lo que durante esta semana quedar\u00e1 lista, misma que estaba retrasada por unos desperfectos en la maquinaria y que fueron reparados.<\/p>\n<p>Asever\u00f3 que posteriormente las cuadrillas se trasladar\u00e1n a otras calles, en tanto dicha calzada es concluida con todo y la se\u00f1al\u00e9tica horizontal, as\u00ed como un refuerzo en las verticales.<\/p>\n<p><a href=\"https:\/\/agpnoticias.com\/news\/wp-content\/uploads\/2022\/04\/8AE481EB-8AF2-40E1-9B84-A51A77BF8039.jpeg\"><img decoding=\"async\" class=\"aligncenter size-full wp-image-2935913\" src=\"https:\/\/agpnoticias.com\/news\/wp-content\/uploads\/2022\/04\/8AE481EB-8AF2-40E1-9B84-A51A77BF8039.jpeg\" alt=\"\" width=\"1024\" height=\"576\" \/><\/a><\/p>\n<p>El primer edil dijo que a nivel general se han invertido m\u00e1s de 500 millones de pesos para el plan de pavimentaci\u00f3n, tanto en recursos federales, estales como municipales, as\u00ed como de la iniciativa privada.<\/p>\n<p>Asimismo que se estaban atendiendo otros sectores de la ciudad como Segunda, entre Macheros y Riveroll; el vado de la Castillo y Segunda; calles transversales en la Cortez; Las \u00c1guilas y Coral; Cortez y Abasolo, las cuales son muy transitadas y est\u00e1n en mal estado.<\/p>\n<p>De hecho, anunci\u00f3 que la siguiente semana el Estado traer\u00e1 un paquete de obras por 57 millones de pesos que est\u00e1n en fase de licitaci\u00f3n, donde el 80% es para pavimentaci\u00f3n.<\/p>\n<p>Por su parte, el director de Infraestructura Municipal, Jaime Figueroa Tentori, explic\u00f3 que se trabaja sobre sobre las calles Aldama y Galeana, de esa calzada y donde las cuadrillas seguir\u00e1n ma\u00f1ana martes hasta topar con avenida M\u00e9xico.<br \/><br \/>Confirm\u00f3 que posterior al reencarpetado, continuar\u00e1n el bacheo en las bocacalles, ya que son accesos importantes hacia avenida Las \u00c1guilas y est\u00e1n pr\u00e1cticamente destruidos.<\/p>\n<p>\u201cQueremos mitigar el problema de movilidad que hay para entroncarse con esta avenida principal, para poderla recorrer desde la avenida Reforma hasta el perif\u00e9rico sin ning\u00fan contratiempo\u201d, a\u00f1adi\u00f3 el funcionario.<\/p>\n","protected":false},"excerpt":{"rendered":"","protected":false},"author":1,"featured_media":2935912,"comment_status":"open","ping_status":"closed","sticky":false,"template":"","format":"standard","meta":{"footnotes":""},"categories":[1],"tags":[],"class_list":["post-2935911","post","type-post","status-publish","format-standard","has-post-thumbnail","hentry","category-uncategorized"],"_links":{"self":[{"href":"https:\/\/agpnoticias.com\/news\/index.php?rest_route=\/wp\/v2\/posts\/2935911","targetHints":{"allow":["GET"]}}],"collection":[{"href":"https:\/\/agpnoticias.com\/news\/index.php?rest_route=\/wp\/v2\/posts"}],"about":[{"href":"https:\/\/agpnoticias.com\/news\/index.php?rest_route=\/wp\/v2\/types\/post"}],"author":[{"embeddable":true,"href":"https:\/\/agpnoticias.com\/news\/index.php?rest_route=\/wp\/v2\/users\/1"}],"replies":[{"embeddable":true,"href":"https:\/\/agpnoticias.com\/news\/index.php?rest_route=%2Fwp%2Fv2%2Fcomments&post=2935911"}],"version-history":[{"count":2,"href":"https:\/\/agpnoticias.com\/news\/index.php?rest_route=\/wp\/v2\/posts\/2935911\/revisions"}],"predecessor-version":[{"id":2935916,"href":"https:\/\/agpnoticias.com\/news\/index.php?rest_route=\/wp\/v2\/posts\/2935911\/revisions\/2935916"}],"wp:featuredmedia":[{"embeddable":true,"href":"https:\/\/agpnoticias.com\/news\/index.php?rest_route=\/wp\/v2\/media\/2935912"}],"wp:attachment":[{"href":"https:\/\/agpnoticias.com\/news\/index.php?rest_route=%2Fwp%2Fv2%2Fmedia&parent=2935911"}],"wp:term":[{"taxonomy":"category","embeddable":true,"href":"https:\/\/agpnoticias.com\/news\/index.php?rest_route=%2Fwp%2Fv2%2Fcategories&post=2935911"},{"taxonomy":"post_tag","embeddable":true,"href":"https:\/\/agpnoticias.com\/news\/index.php?rest_route=%2Fwp%2Fv2%2Ftags&post=2935911"}],"curies":[{"name":"wp","href":"https:\/\/api.w.org\/{rel}","templated":true}]}}