{"id":2938848,"date":"2022-05-13T19:19:05","date_gmt":"2022-05-14T02:19:05","guid":{"rendered":"https:\/\/agpnoticias.com\/news\/?p=2938848"},"modified":"2022-05-13T19:19:08","modified_gmt":"2022-05-14T02:19:08","slug":"ruben-aguilar-deja-atras-al-pollito-ya-sin-apodo-sera-estelar-en-funcion-de-espn-knockout","status":"publish","type":"post","link":"https:\/\/agpnoticias.com\/news\/?p=2938848","title":{"rendered":"Rub\u00e9n Aguilar deja atr\u00e1s al \u201cPollito\u201d; ya sin apodo ser\u00e1 estelar en funci\u00f3n de ESPN Knockout"},"content":{"rendered":"\n<p class=\"p1\">Ensenada, Baja California.- Rub\u00e9n Aguilar (18-0-0, 14 KO\u2019s) atendi\u00f3 la recomendaci\u00f3n del analista de Box Azteca, Eduardo Lamaz\u00f3n.<span class=\"Apple-converted-space\">\u00a0<\/span><\/p>\n<p class=\"p1\">Este domingo, el Pollito no aparecer\u00e1 m\u00e1s en sobre su pantaloncillo ni ser\u00e1 mencionado durante su presentaci\u00f3n en gimnasio municipal \u00d3scar \u201cTigre\u201d Garc\u00eda de Ensenada.<\/p>\n<p class=\"p1\">\u201cMe parece deplorable que le digan Pollito. Imag\u00ednate cuando sea campe\u00f3n del mundo y le digan as\u00ed. A los boxeadores hay que ponerles apodos pensando en el futuro\u201d, dijo \u201cLama\u201d en agosto de 2020 cuando el boxeador ensenadense venci\u00f3 a Emmanuel \u201cPeligro\u201d Herrera en la capital.<\/p>\n<p class=\"p1\">\u201cYa me quit\u00e9 el apodo de Pollito, ahora solo voy como Rub\u00e9n Aguilar, porque escuch\u00e9 lo que dijo Lama. Quiz\u00e1 m\u00e1s adelante llegue a encontrar otro (apodo) que me llene\u201d, indic\u00f3.<\/p>\n<p class=\"p1\">El hermano del campe\u00f3n juvenil super ligero del CMB, Omar \u201cPollo\u201d Aguilar, va en la oferta estelar de Zanfer dentro de la cartelera que ser\u00e1 transmitida por ESPN Knockout.<\/p>\n<p class=\"p1\">\u201cMe cambiaron de rival\u201d, dijo sobre la salida de Luis Montelongo (15-10-0, 3 KO\u2019s) para dar paso al tambi\u00e9n capitalino Brandon P\u00e9rez (10-1-0, 5 KO\u2019s).<\/p>\n<p class=\"p1\">\u201cEs un rival de bueno r\u00e9cord. Hice una buena preparaci\u00f3n con 12 rounds de sparring para dar una excelente pelea\u201d, refiri\u00f3 el invicto peso welter.<\/p>\n<p class=\"p1\">\u201cMi objetivo es llegar a ser un boxeador reconocido y estoy cumpli\u00e9ndolo al ir como estelar en Ensenada junto a mi gente, feliz y agradecido con Zanfer por hacer la pelea aqu\u00ed junto a ESPN\u201d.<\/p>\n<p class=\"p1\">En ese sentido, apunt\u00f3 a su objetivo a corto plazo: \u201cQueremos ir por un campeonato juvenil despu\u00e9s de esta pelea, CMB Plata welter, podr\u00eda ser en julio\u201d.<\/p>\n<p class=\"p1\">\u201cCada vez tienen que venir pruebas m\u00e1s duras para mejorar\u201d, sostuvo.<\/p>\n<p class=\"p1\">En relaci\u00f3n a las diferencias y similitudes con el boxeo de su hermano Omar, dijo: \u201cEl estilo no se parece en nada, mi estilo es m\u00e1s contragolpeador, de mayor velocidad y explosi\u00f3n; y los dos trabajamos bien los ganchos al h\u00edgado\u201d.<\/p>\n<p class=\"p1\">\u201cMe han comentado que pego m\u00e1s duro, que se siente m\u00e1s la pegada\u201d, agreg\u00f3 el boxeador firmado por Zanfer ya hace dos a\u00f1os y medio.<\/p>\n<p><iframe title=\"Rub\u00e9n Aguilar pide no ser llamado m\u00e1s &quot;El Pollito&quot; antes de su pr\u00f3xima pelea, el domingo en Ensenada\" width=\"640\" height=\"360\" src=\"https:\/\/www.youtube.com\/embed\/jeHOo7o_QP4?start=13&#038;feature=oembed\" frameborder=\"0\" allow=\"accelerometer; autoplay; clipboard-write; encrypted-media; gyroscope; picture-in-picture; web-share\" referrerpolicy=\"strict-origin-when-cross-origin\" allowfullscreen><\/iframe><\/p>\n","protected":false},"excerpt":{"rendered":"","protected":false},"author":1,"featured_media":2938849,"comment_status":"open","ping_status":"closed","sticky":false,"template":"","format":"standard","meta":{"footnotes":""},"categories":[36],"tags":[595],"class_list":["post-2938848","post","type-post","status-publish","format-standard","has-post-thumbnail","hentry","category-boxeo","tag-destacado"],"_links":{"self":[{"href":"https:\/\/agpnoticias.com\/news\/index.php?rest_route=\/wp\/v2\/posts\/2938848","targetHints":{"allow":["GET"]}}],"collection":[{"href":"https:\/\/agpnoticias.com\/news\/index.php?rest_route=\/wp\/v2\/posts"}],"about":[{"href":"https:\/\/agpnoticias.com\/news\/index.php?rest_route=\/wp\/v2\/types\/post"}],"author":[{"embeddable":true,"href":"https:\/\/agpnoticias.com\/news\/index.php?rest_route=\/wp\/v2\/users\/1"}],"replies":[{"embeddable":true,"href":"https:\/\/agpnoticias.com\/news\/index.php?rest_route=%2Fwp%2Fv2%2Fcomments&post=2938848"}],"version-history":[{"count":2,"href":"https:\/\/agpnoticias.com\/news\/index.php?rest_route=\/wp\/v2\/posts\/2938848\/revisions"}],"predecessor-version":[{"id":2938851,"href":"https:\/\/agpnoticias.com\/news\/index.php?rest_route=\/wp\/v2\/posts\/2938848\/revisions\/2938851"}],"wp:featuredmedia":[{"embeddable":true,"href":"https:\/\/agpnoticias.com\/news\/index.php?rest_route=\/wp\/v2\/media\/2938849"}],"wp:attachment":[{"href":"https:\/\/agpnoticias.com\/news\/index.php?rest_route=%2Fwp%2Fv2%2Fmedia&parent=2938848"}],"wp:term":[{"taxonomy":"category","embeddable":true,"href":"https:\/\/agpnoticias.com\/news\/index.php?rest_route=%2Fwp%2Fv2%2Fcategories&post=2938848"},{"taxonomy":"post_tag","embeddable":true,"href":"https:\/\/agpnoticias.com\/news\/index.php?rest_route=%2Fwp%2Fv2%2Ftags&post=2938848"}],"curies":[{"name":"wp","href":"https:\/\/api.w.org\/{rel}","templated":true}]}}