{"id":2939472,"date":"2022-05-22T13:12:20","date_gmt":"2022-05-22T20:12:20","guid":{"rendered":"https:\/\/agpnoticias.com\/news\/?p=2939472"},"modified":"2022-05-22T14:16:53","modified_gmt":"2022-05-22T21:16:53","slug":"supera-expectativas-carrera-atletica-el-vuelo-del-fenix","status":"publish","type":"post","link":"https:\/\/agpnoticias.com\/news\/?p=2939472","title":{"rendered":"Supera expectativas carrera atl\u00e9tica \u201cEl Vuelo del F\u00e9nix\u201d"},"content":{"rendered":"\n<p>Ensenada, Baja California.-\u00a0 Samuel Verduzco y Janeth Songoka fueron los primeros corredores en llegar a la meta en la carrera atl\u00e9tica \u201cEl Vuelo del F\u00e9nix\u201d 5K que organizaron la Universidad de Ensenada e Iteci Preparatoria.<\/p>\n<figure id=\"attachment_2939475\" aria-describedby=\"caption-attachment-2939475\" style=\"width: 1200px\" class=\"wp-caption aligncenter\"><a href=\"https:\/\/agpnoticias.com\/news\/rompe-expectativas-carrera-atletica-el-vuelo-del-fenix\/samuel-verduzco-iteci-carrera\/\" rel=\"attachment wp-att-2939475\"><img fetchpriority=\"high\" decoding=\"async\" class=\"size-full wp-image-2939475\" src=\"https:\/\/agpnoticias.com\/news\/wp-content\/uploads\/2022\/05\/samuel-verduzco-iteci-carrera.jpg\" alt=\"\" width=\"1200\" height=\"903\" \/><\/a><figcaption id=\"caption-attachment-2939475\" class=\"wp-caption-text\">Samuel Verduzco<\/figcaption><\/figure>\n<p>Pa\u00fal Montoya, director de la instituci\u00f3n, precis\u00f3 que se cumplieron con las expectativas de esta primera carrera y que lograron inscribirse 400 personas.<\/p>\n<p>Explic\u00f3 que este evento fue organizado por el departamento de relaciones p\u00fablicas de la escuela \u00a0Iteci Preparatoria con el prop\u00f3sito de fomentar la salud para soportar el regreso a la vida normal, adem\u00e1s que se recab\u00f3 ayuda para diferentes centro de apoyo como orfanatos y asilos de ancianos.<\/p>\n<p><a href=\"https:\/\/agpnoticias.com\/news\/rompe-expectativas-carrera-atletica-el-vuelo-del-fenix\/dsc_0164-2\/\" rel=\"attachment wp-att-2939477\"><img decoding=\"async\" class=\"aligncenter size-full wp-image-2939477\" src=\"https:\/\/agpnoticias.com\/news\/wp-content\/uploads\/2022\/05\/DSC_0164.jpg\" alt=\"\" width=\"1200\" height=\"732\" \/><\/a><\/p>\n<p>La salida y meta se realiz\u00f3 en el plantel de Universidad de Ensenada, en la avenida Mar y calle Alisos.<\/p>\n<h4 style=\"text-align: center;\">Femenil<\/h4>\n<p style=\"text-align: center;\">Primer lugar\u00a0 <strong>\u00a0Janeth Songoka\u00a0<\/strong> \u00a0\u00a0<\/p>\n<p style=\"text-align: center;\">Segundo lugar\u00a0 \u00a0<strong>Edith Cervantes\u00a0<\/strong><\/p>\n<p style=\"text-align: center;\">Tercer lugar\u00a0 \u00a0<strong>Jazm\u00edn Felix<\/strong><\/p>\n<h4 style=\"text-align: center;\">Varonil<\/h4>\n<p style=\"text-align: center;\">Primer lugar\u00a0 \u00a0<strong>Samuel Verduzco<\/strong><\/p>\n<p style=\"text-align: center;\">Segundo lugar\u00a0 \u00a0<strong>Abad Gurrola<\/strong><\/p>\n<p style=\"text-align: center;\"><span style=\"white-space: pre;\">Tercer lugar <strong>Efra\u00edn Garc\u00eda<\/strong> <\/span><\/p>\n","protected":false},"excerpt":{"rendered":"","protected":false},"author":1,"featured_media":2939474,"comment_status":"open","ping_status":"closed","sticky":false,"template":"","format":"standard","meta":{"footnotes":""},"categories":[31],"tags":[595],"class_list":["post-2939472","post","type-post","status-publish","format-standard","has-post-thumbnail","hentry","category-atletismo","tag-destacado"],"_links":{"self":[{"href":"https:\/\/agpnoticias.com\/news\/index.php?rest_route=\/wp\/v2\/posts\/2939472","targetHints":{"allow":["GET"]}}],"collection":[{"href":"https:\/\/agpnoticias.com\/news\/index.php?rest_route=\/wp\/v2\/posts"}],"about":[{"href":"https:\/\/agpnoticias.com\/news\/index.php?rest_route=\/wp\/v2\/types\/post"}],"author":[{"embeddable":true,"href":"https:\/\/agpnoticias.com\/news\/index.php?rest_route=\/wp\/v2\/users\/1"}],"replies":[{"embeddable":true,"href":"https:\/\/agpnoticias.com\/news\/index.php?rest_route=%2Fwp%2Fv2%2Fcomments&post=2939472"}],"version-history":[{"count":4,"href":"https:\/\/agpnoticias.com\/news\/index.php?rest_route=\/wp\/v2\/posts\/2939472\/revisions"}],"predecessor-version":[{"id":2939485,"href":"https:\/\/agpnoticias.com\/news\/index.php?rest_route=\/wp\/v2\/posts\/2939472\/revisions\/2939485"}],"wp:featuredmedia":[{"embeddable":true,"href":"https:\/\/agpnoticias.com\/news\/index.php?rest_route=\/wp\/v2\/media\/2939474"}],"wp:attachment":[{"href":"https:\/\/agpnoticias.com\/news\/index.php?rest_route=%2Fwp%2Fv2%2Fmedia&parent=2939472"}],"wp:term":[{"taxonomy":"category","embeddable":true,"href":"https:\/\/agpnoticias.com\/news\/index.php?rest_route=%2Fwp%2Fv2%2Fcategories&post=2939472"},{"taxonomy":"post_tag","embeddable":true,"href":"https:\/\/agpnoticias.com\/news\/index.php?rest_route=%2Fwp%2Fv2%2Ftags&post=2939472"}],"curies":[{"name":"wp","href":"https:\/\/api.w.org\/{rel}","templated":true}]}}