{"id":2939495,"date":"2022-05-22T16:31:24","date_gmt":"2022-05-22T23:31:24","guid":{"rendered":"https:\/\/agpnoticias.com\/news\/?p=2939495"},"modified":"2022-05-22T19:03:40","modified_gmt":"2022-05-23T02:03:40","slug":"ponen-primera-piedra-en-universidad-de-ensenada","status":"publish","type":"post","link":"https:\/\/agpnoticias.com\/news\/?p=2939495","title":{"rendered":"Ponen primera piedra en Universidad de Ensenada"},"content":{"rendered":"\n<p>Ensenada, Baja California.- Pa\u00fal Montoya junto con su esposa Martha God\u00ednez y su hijos colocaron la primera piedra de lo que ser\u00e1 la Universidad de Ensenada en la calle Mar y avenida Alisos.<\/p>\n<p><a href=\"https:\/\/agpnoticias.com\/news\/bd9be65a-fb31-41af-9c74-d410fea979e2\/\"><img fetchpriority=\"high\" decoding=\"async\" class=\"aligncenter size-full wp-image-2939496\" src=\"https:\/\/agpnoticias.com\/news\/wp-content\/uploads\/2022\/05\/BD9BE65A-FB31-41AF-9C74-D410FEA979E2.jpeg\" alt=\"\" width=\"1200\" height=\"900\" \/><\/a><\/p>\n<p>El director de la escuela explic\u00f3 que aunque este lugar ya funciona desde hace dos a\u00f1os, se decidi\u00f3 iniciar con una ampliaci\u00f3n que dar\u00e1 una nueva cara al plantel.<\/p>\n<p>El simb\u00f3lico evento se realiz\u00f3 luego de terminar la carrera atl\u00e9tica de cinco kil\u00f3metros, donde al menos 400 personas fueron testigos de la colocaci\u00f3n de la primera piedra.<\/p>\n<p><a href=\"https:\/\/agpnoticias.com\/news\/b87d0fd3-0420-4e5d-b3d7-cd4a54af6e63\/\"><img decoding=\"async\" class=\"aligncenter size-full wp-image-2939498\" src=\"https:\/\/agpnoticias.com\/news\/wp-content\/uploads\/2022\/05\/B87D0FD3-0420-4E5D-B3D7-CD4A54AF6E63.jpeg\" alt=\"\" width=\"1200\" height=\"900\" \/><\/a><\/p>\n<p>Universidad de Ensenada cuenta con ocho licenciaturas reconocidas por la Secretaria de Educaci\u00f3n Publica explic\u00f3 Pa\u00fal Montoya, que son Administraci\u00f3n de Empresas y Log\u00edstica, Derecho, Ciencias dela Educaci\u00f3n, Ingeniera Industrial, Medios Audiovisuales, Filosof\u00eda y Criminolog\u00eda.<\/p>\n<p><a href=\"https:\/\/agpnoticias.com\/news\/ponen-primera-piedra-en-universidad-de-ensenada\/iteci\/\" rel=\"attachment wp-att-2939499\"><img decoding=\"async\" class=\"aligncenter size-full wp-image-2939499\" src=\"https:\/\/agpnoticias.com\/news\/wp-content\/uploads\/2022\/05\/Iteci.jpg\" alt=\"\" width=\"1200\" height=\"809\" \/><\/a><\/p>\n","protected":false},"excerpt":{"rendered":"","protected":false},"author":1,"featured_media":2939497,"comment_status":"open","ping_status":"closed","sticky":false,"template":"","format":"standard","meta":{"footnotes":""},"categories":[1],"tags":[595],"class_list":["post-2939495","post","type-post","status-publish","format-standard","has-post-thumbnail","hentry","category-uncategorized","tag-destacado"],"_links":{"self":[{"href":"https:\/\/agpnoticias.com\/news\/index.php?rest_route=\/wp\/v2\/posts\/2939495","targetHints":{"allow":["GET"]}}],"collection":[{"href":"https:\/\/agpnoticias.com\/news\/index.php?rest_route=\/wp\/v2\/posts"}],"about":[{"href":"https:\/\/agpnoticias.com\/news\/index.php?rest_route=\/wp\/v2\/types\/post"}],"author":[{"embeddable":true,"href":"https:\/\/agpnoticias.com\/news\/index.php?rest_route=\/wp\/v2\/users\/1"}],"replies":[{"embeddable":true,"href":"https:\/\/agpnoticias.com\/news\/index.php?rest_route=%2Fwp%2Fv2%2Fcomments&post=2939495"}],"version-history":[{"count":4,"href":"https:\/\/agpnoticias.com\/news\/index.php?rest_route=\/wp\/v2\/posts\/2939495\/revisions"}],"predecessor-version":[{"id":2939518,"href":"https:\/\/agpnoticias.com\/news\/index.php?rest_route=\/wp\/v2\/posts\/2939495\/revisions\/2939518"}],"wp:featuredmedia":[{"embeddable":true,"href":"https:\/\/agpnoticias.com\/news\/index.php?rest_route=\/wp\/v2\/media\/2939497"}],"wp:attachment":[{"href":"https:\/\/agpnoticias.com\/news\/index.php?rest_route=%2Fwp%2Fv2%2Fmedia&parent=2939495"}],"wp:term":[{"taxonomy":"category","embeddable":true,"href":"https:\/\/agpnoticias.com\/news\/index.php?rest_route=%2Fwp%2Fv2%2Fcategories&post=2939495"},{"taxonomy":"post_tag","embeddable":true,"href":"https:\/\/agpnoticias.com\/news\/index.php?rest_route=%2Fwp%2Fv2%2Ftags&post=2939495"}],"curies":[{"name":"wp","href":"https:\/\/api.w.org\/{rel}","templated":true}]}}