{"id":2941500,"date":"2022-06-22T22:05:16","date_gmt":"2022-06-23T05:05:16","guid":{"rendered":"https:\/\/agpnoticias.com\/news\/?p=2941500"},"modified":"2022-06-22T22:33:54","modified_gmt":"2022-06-23T05:33:54","slug":"video-isaac-nunez-farfan-va-por-mexico-al-panamericano-de-brasil","status":"publish","type":"post","link":"https:\/\/agpnoticias.com\/news\/?p=2941500","title":{"rendered":"Video: Isaac N\u00fa\u00f1ez Farf\u00e1n va por M\u00e9xico al panamericano de Brasil"},"content":{"rendered":"\n\n\n<p class=\"p1\">Tijuana, Baja California.- Isaac N\u00fa\u00f1ez Farf\u00e1n volver\u00e1 a representar a M\u00e9xico en un evento de trascendencia internacional.<\/p>\n<p class=\"p1\">El gimnasta ensenadense trabaj\u00f3 en el Centro de Alto Rendimiento de Tijuana (CAR) junto al resto de los seleccionados.<\/p>\n<p class=\"p1\">\u201cEstamos en concentraci\u00f3n aprovechando los aparatos que utilizaremos en Brasil el mes que viene, que es el campeonato panamericano selectivo a juegos centroamericanos y mundial\u201d, refiri\u00f3.<\/p>\n<p class=\"p1\">En lo personal, dijo, \u201cme siento bien, con cosas por mejorar y por buen camino\u201d.<span class=\"Apple-converted-space\">\u00a0<\/span><\/p>\n<p class=\"p1\">\u201cEsta competencia es importante porque los primeros cuatro equipos van al mundial y el equipo est\u00e1 bien en todos los aparatos\u201d, precis\u00f3.<\/p>\n<p class=\"p1\">El estudiante de la licenciatura en mercadotecnia entrena en el Club de Gimnasia de Ensenada, desde donde proyecta sus aspiraciones ol\u00edmpicas al mando del entrenador Luis Sosa.<\/p>\n<p class=\"p1\">Por lo pronto, en la etapa final al panamericano, programado a partir del 10 de julio, el ganador del oro en los Juegos Panamericanos de Lima 2019, pretende refrendar un logro de esa magnitud.<\/p>\n<p class=\"p1\">\u201cAhora voy con m\u00e1s expectativa, m\u00e1s que antes, y quiero seguir ah\u00ed y mantenerme\u201d, coment\u00f3.<\/p>\n<p class=\"p1\">Isaac N\u00fa\u00f1ez es el seleccionado nacional con mayor proyecci\u00f3n, tras el eventual retiro del tres veces ol\u00edmpico Daniel Corral.<\/p>\n<p class=\"p1\">En ese sentido, estim\u00f3 que detr\u00e1s de \u00e9l vienen talentos en desarrollo.<\/p>\n<p class=\"p1\">\u201cHay muchos ni\u00f1os que van subiendo, en los Nacionales Conade, como Lorenzo Zaragoza y Dar\u00edo Solorza, que compitieron bien\u201d.<\/p>\n<p><iframe title=\"Isaac N\u00fa\u00f1ez, gimnasta de Ensenada, va con M\u00e9xico al clasificatorio mundialista en Brasil\" width=\"640\" height=\"360\" src=\"https:\/\/www.youtube.com\/embed\/7DuiC39ND50?feature=oembed\" frameborder=\"0\" allow=\"accelerometer; autoplay; clipboard-write; encrypted-media; gyroscope; picture-in-picture; web-share\" referrerpolicy=\"strict-origin-when-cross-origin\" allowfullscreen><\/iframe><\/p>\n","protected":false},"excerpt":{"rendered":"","protected":false},"author":1,"featured_media":2941501,"comment_status":"open","ping_status":"closed","sticky":false,"template":"","format":"video","meta":{"footnotes":""},"categories":[71,73,46],"tags":[595],"class_list":["post-2941500","post","type-post","status-publish","format-video","has-post-thumbnail","hentry","category-agp-deportes-youtubw","category-deportebajacalifornia","category-gimnasia","tag-destacado","post_format-post-format-video"],"_links":{"self":[{"href":"https:\/\/agpnoticias.com\/news\/index.php?rest_route=\/wp\/v2\/posts\/2941500","targetHints":{"allow":["GET"]}}],"collection":[{"href":"https:\/\/agpnoticias.com\/news\/index.php?rest_route=\/wp\/v2\/posts"}],"about":[{"href":"https:\/\/agpnoticias.com\/news\/index.php?rest_route=\/wp\/v2\/types\/post"}],"author":[{"embeddable":true,"href":"https:\/\/agpnoticias.com\/news\/index.php?rest_route=\/wp\/v2\/users\/1"}],"replies":[{"embeddable":true,"href":"https:\/\/agpnoticias.com\/news\/index.php?rest_route=%2Fwp%2Fv2%2Fcomments&post=2941500"}],"version-history":[{"count":3,"href":"https:\/\/agpnoticias.com\/news\/index.php?rest_route=\/wp\/v2\/posts\/2941500\/revisions"}],"predecessor-version":[{"id":2941517,"href":"https:\/\/agpnoticias.com\/news\/index.php?rest_route=\/wp\/v2\/posts\/2941500\/revisions\/2941517"}],"wp:featuredmedia":[{"embeddable":true,"href":"https:\/\/agpnoticias.com\/news\/index.php?rest_route=\/wp\/v2\/media\/2941501"}],"wp:attachment":[{"href":"https:\/\/agpnoticias.com\/news\/index.php?rest_route=%2Fwp%2Fv2%2Fmedia&parent=2941500"}],"wp:term":[{"taxonomy":"category","embeddable":true,"href":"https:\/\/agpnoticias.com\/news\/index.php?rest_route=%2Fwp%2Fv2%2Fcategories&post=2941500"},{"taxonomy":"post_tag","embeddable":true,"href":"https:\/\/agpnoticias.com\/news\/index.php?rest_route=%2Fwp%2Fv2%2Ftags&post=2941500"}],"curies":[{"name":"wp","href":"https:\/\/api.w.org\/{rel}","templated":true}]}}