{"id":2941528,"date":"2022-06-23T07:10:44","date_gmt":"2022-06-23T14:10:44","guid":{"rendered":"https:\/\/agpnoticias.com\/news\/?p=2941528"},"modified":"2022-06-23T07:10:46","modified_gmt":"2022-06-23T14:10:46","slug":"amlo-firmara-iniciativa-la-proxima-semana-para-eliminar-horario-de-verano-en-estados-de-la-frontera-no-cambiara","status":"publish","type":"post","link":"https:\/\/agpnoticias.com\/news\/?p=2941528","title":{"rendered":"AMLO firmar\u00e1 iniciativa la pr\u00f3xima semana para eliminar horario de verano; en estados de la frontera no cambiar\u00e1"},"content":{"rendered":"\n<p data-t=\"{&quot;n&quot;:&quot;blueLinks&quot;}\">Ensenada, Baja California.- La pr\u00f3xima semana el presidente de M\u00e9xico, Andr\u00e9s Manuel L\u00f3pez Obrador firmar\u00e1 la iniciativa para eliminar el horario de verano en el pa\u00eds, adelant\u00f3 el secretario de Gobernaci\u00f3n, Ad\u00e1n Augusto L\u00f3pez en Tijuana.<\/p>\n<div class=\"article-image-slot\" data-image-href=\"https:\/\/www.msn.com\/es-mx\/noticias\/mexico\/horario-de-verano-amlo-firmar%c3%a1-iniciativa-la-pr%c3%b3xima-semana-en-estados-de-la-frontera-no-cambiar%c3%a1\/ar-AAYMw11?li=AAggxAT&amp;fullscreen=true#image=1\" data-doc-id=\"cms\/api\/amp\/image\/AAYvbck\" data-rendered=\"true\">\n<div class=\"article-image-container\" data-t=\"{&quot;n&quot;:&quot;OpenModal&quot;,&quot;t&quot;:13}\"><a class=\"article-image-height-wrapper\" href=\"https:\/\/www.msn.com\/es-mx\/noticias\/mexico\/horario-de-verano-amlo-firmar%c3%a1-iniciativa-la-pr%c3%b3xima-semana-en-estados-de-la-frontera-no-cambiar%c3%a1\/ar-AAYMw11?li=AAggxAT&amp;fullscreen=true#image=1\" target=\"_self\" data-t=\"{&quot;n&quot;:&quot;destination&quot;,&quot;t&quot;:14,&quot;b&quot;:1,&quot;c.t&quot;:14}\" rel=\"noopener\"><img decoding=\"async\" class=\"article-image aligncenter\" tabindex=\"0\" title=\"horario-verano-amlo-eliminar-01062022\" src=\"https:\/\/img-s-msn-com.akamaized.net\/tenant\/amp\/entityid\/AAYvbck.img?w=768&amp;h=480&amp;m=6\" alt=\"horario-verano-amlo-eliminar-01062022\" \/><\/a>\n<p class=\"image-caption-container\"><span style=\"font-family: 'PT Serif', sans-serif; font-size: 1.1rem;\">El pasado 13 de junio el presidente insisti\u00f3 en la necesidad de que el <\/span><b style=\"font-family: 'PT Serif', sans-serif; font-size: 1.1rem;\">horario de verano sea modificado<\/b><span style=\"font-family: 'PT Serif', sans-serif; font-size: 1.1rem;\">, esto ante las afectaciones a la salud que provoca y el ahorro m\u00ednimo en energ\u00eda que genera.<\/span><\/p>\n<\/div>\n<\/div>\n<p data-t=\"{&quot;n&quot;:&quot;blueLinks&quot;}\">Sin embargo, el mi\u00e9rcoles\u00a0<b>Ad\u00e1n Augusto L\u00f3pez<\/b>\u00a0aclar\u00f3 que se va a instituir un esquema diferenciado, basado en las caracter\u00edsticas y necesidades de cada municipio.<\/p>\n<p data-t=\"{&quot;n&quot;:&quot;blueLinks&quot;}\">Durante una visita de trabajo a Baja California, el\u00a0<b>titular de la Segob<\/b>\u00a0explic\u00f3 que en los estados de la\u00a0<b>frontera norte<\/b> del pa\u00eds el esquema actual no se modificar\u00e1, con excepci\u00f3n de algunos municipios, para no alterar las din\u00e1micas que mantienen desde hace d\u00e9cadas, expuso el funcionario federal a representantes del\u00a0<b>sector empresarial\u00a0<\/b>en Tijuana.<\/p>\n<p class=\"continue-read-break\" data-t=\"{&quot;n&quot;:&quot;blueLinks&quot;}\">Precis\u00f3 que se tiene contemplado que un par de municipios de\u00a0<b>Coahuila y Nuevo Le\u00f3n\u00a0<\/b>se adhieran al nuevo esquema planteado por el titular del Ejecutivo federal, mismo que deb\u00eda ser firmado desde hace algunos d\u00edas.<\/p>\n<p class=\"\" data-t=\"{&quot;n&quot;:&quot;blueLinks&quot;}\">\u00a0\u201cEn la propuesta de decreto viene municipio por municipio para que no quede ninguna duda. Y la mayor\u00eda de los municipios o no se va a mover nada, realmente, en la mayor\u00eda de los estados de la frontera norte. En Coahuila hay dos o tres municipios y en Nuevo Le\u00f3n dos, nada m\u00e1s. Todo lo dem\u00e1s pues contin\u00faa de la misma manera\u201d, se\u00f1al\u00f3.\u00a0<\/p>\n<p class=\"\" data-t=\"{&quot;n&quot;:&quot;blueLinks&quot;}\">\u201cLa iniciativa la debe firmar el se\u00f1or Presidente la semana pr\u00f3xima, ya est\u00e1 lista, no la ha firmado, no se la hemos presentado para la firma porque la\u00a0<b>consejera jur\u00eddica<\/b>\u00a0tuvo un problema de salud y est\u00e1 aislada en su casa, pero yo espero que ya la semana pr\u00f3xima\u201d, sostuvo L\u00f3pez.<\/p>\n<p class=\"\" data-t=\"{&quot;n&quot;:&quot;blueLinks&quot;}\">Desde el pasado 3 de junio el presidente se\u00f1al\u00f3 que, de eliminarse el horario de verano luego de 26 a\u00f1os de implementaci\u00f3n, solo quedar\u00e1 \u201cel\u00a0<b>Horario de Dios<\/b>\u201d.<\/p>\n<p class=\"\" data-t=\"{&quot;n&quot;:&quot;blueLinks&quot;}\">Argument\u00f3 que, seg\u00fan estudios, no genera tantos\u00a0<b>beneficios econ\u00f3micos<\/b>, pues los ahorros en todo el pa\u00eds son\u00a0 poco m\u00e1s de mil millones de pesos, pero los supuestos da\u00f1os a la salud son mayores.<\/p>\n<p class=\"\" data-t=\"{&quot;n&quot;:&quot;blueLinks&quot;}\">\u201cSe est\u00e1 haciendo el an\u00e1lisis, ya hay estudios que dicen que el ahorro es m\u00ednimo y lo podemos lograr haciendo un compromiso de cuidar la luz, que no se desperdicie\u201d, sostuvo el mandatario a principios del mes, quien agreg\u00f3 que este cambio se plantear\u00e1 en una iniciativa enviada al Congreso y, dijo, no se har\u00e1 por decreto.\u00a0<\/p>\n<p class=\"\" data-t=\"{&quot;n&quot;:&quot;blueLinks&quot;}\">\u00a0\u201c<strong>Yo s\u00ed voy a seguir enviando iniciativas al Congreso<\/strong>\u00a0porque tengo que cumplir, por ejemplo voy a enviar la iniciativa para que ya no haya el cambio de horario\u201d, dijo el mandatario durante la conferencia matutina en Palacio Nacional. \u201c<strong>Es mejor que sea una reforma<\/strong>\u00a0a alguna de las leyes secundarias para que no sea reforma constitucional\u201d, agreg\u00f3.\u00a0<\/p>\n\n\n","protected":false},"excerpt":{"rendered":"","protected":false},"author":1,"featured_media":2941529,"comment_status":"open","ping_status":"closed","sticky":false,"template":"","format":"standard","meta":{"footnotes":""},"categories":[1],"tags":[],"class_list":["post-2941528","post","type-post","status-publish","format-standard","has-post-thumbnail","hentry","category-uncategorized"],"_links":{"self":[{"href":"https:\/\/agpnoticias.com\/news\/index.php?rest_route=\/wp\/v2\/posts\/2941528","targetHints":{"allow":["GET"]}}],"collection":[{"href":"https:\/\/agpnoticias.com\/news\/index.php?rest_route=\/wp\/v2\/posts"}],"about":[{"href":"https:\/\/agpnoticias.com\/news\/index.php?rest_route=\/wp\/v2\/types\/post"}],"author":[{"embeddable":true,"href":"https:\/\/agpnoticias.com\/news\/index.php?rest_route=\/wp\/v2\/users\/1"}],"replies":[{"embeddable":true,"href":"https:\/\/agpnoticias.com\/news\/index.php?rest_route=%2Fwp%2Fv2%2Fcomments&post=2941528"}],"version-history":[{"count":1,"href":"https:\/\/agpnoticias.com\/news\/index.php?rest_route=\/wp\/v2\/posts\/2941528\/revisions"}],"predecessor-version":[{"id":2941530,"href":"https:\/\/agpnoticias.com\/news\/index.php?rest_route=\/wp\/v2\/posts\/2941528\/revisions\/2941530"}],"wp:featuredmedia":[{"embeddable":true,"href":"https:\/\/agpnoticias.com\/news\/index.php?rest_route=\/wp\/v2\/media\/2941529"}],"wp:attachment":[{"href":"https:\/\/agpnoticias.com\/news\/index.php?rest_route=%2Fwp%2Fv2%2Fmedia&parent=2941528"}],"wp:term":[{"taxonomy":"category","embeddable":true,"href":"https:\/\/agpnoticias.com\/news\/index.php?rest_route=%2Fwp%2Fv2%2Fcategories&post=2941528"},{"taxonomy":"post_tag","embeddable":true,"href":"https:\/\/agpnoticias.com\/news\/index.php?rest_route=%2Fwp%2Fv2%2Ftags&post=2941528"}],"curies":[{"name":"wp","href":"https:\/\/api.w.org\/{rel}","templated":true}]}}