{"id":2942023,"date":"2022-06-30T19:03:41","date_gmt":"2022-07-01T02:03:41","guid":{"rendered":"https:\/\/agpnoticias.com\/news\/?p=2942023"},"modified":"2022-06-30T19:03:44","modified_gmt":"2022-07-01T02:03:44","slug":"acompanado-de-su-tecnico-alexis-canelo-ya-hablo-como-jugador-de-xolos","status":"publish","type":"post","link":"https:\/\/agpnoticias.com\/news\/?p=2942023","title":{"rendered":"Acompa\u00f1ado de su t\u00e9cnico, Alexis Canelo ya habl\u00f3 como jugador de Xolos"},"content":{"rendered":"\n\n\n<p>Tijuana, Baja California.- Ricardo Vali\u00f1o acompa\u00f1\u00f3 al refuerzo estelar de los Xolos, Pedro Alexis Canelo, durante una rueda de prensa realizada en el Estadio Caliente.<\/p>\n<p>El t\u00e9cnico dijo estar conforme con la confecci\u00f3n del plantel conformado por jugadores que ya conocen la Liga MX para pelear por el derecho a disputar una liguilla.<\/p>\n<p>Es un mix de jugadores j\u00f3venes con experimentados, dijo, para revertir lo poco hecho durante los torneos previos en base al trabajo diario sin f\u00f3rmulas m\u00e1gicas para ser un equipo intenso con dominio territorial y jugadores comprometidos y convencidos.<\/p>\n<p>El entrenador argentino estim\u00f3 que el equipo puede producir los puntos necesarios para llegar a liguilla, basado en su fortaleza como local aprovechando la superficie sint\u00e9tica.<\/p>\n<p>Sobre la primera visita del torneo, contra Pumas en CU, anticip\u00f3 que ser\u00e1 un partido din\u00e1mico donde Xolos tendr\u00e1 que ser inteligente en lo t\u00e1ctico para contrarrestar al rival.<\/p>\n<p>Con orden e inteligencia, agreg\u00f3, podr\u00e1n ser aprovechados los activos en delantera como Joaqu\u00edn Montesinos y Renato Ibarra para iniciar de manera positiva, revirtiendo el paso irregular del plantel los torneos m\u00e1s recientes.<\/p>\n<figure id=\"attachment_2942026\" aria-describedby=\"caption-attachment-2942026\" style=\"width: 600px\" class=\"wp-caption aligncenter\"><a href=\"https:\/\/agpnoticias.com\/news\/acompanado-de-su-tecnico-alexis-canelo-ya-hablo-como-jugador-de-xolos\/canelo-10\/\" rel=\"attachment wp-att-2942026\"><img fetchpriority=\"high\" decoding=\"async\" class=\"size-full wp-image-2942026\" src=\"https:\/\/agpnoticias.com\/news\/wp-content\/uploads\/2022\/06\/Canelo-e1656640982792.jpeg\" alt=\"\" width=\"600\" height=\"800\" \/><\/a><figcaption id=\"caption-attachment-2942026\" class=\"wp-caption-text\">Alexis Canelo durante la pr\u00e1ctica de este jueves\/Club Tijuana Xoloitzcuintles de Caliente<\/figcaption><\/figure>\n<p>Alexis Canelo consider\u00f3 que el hecho de conocer el futbol mexicano obrar\u00e1 a su favor. El ex atacante de Toluca dijo que no llega a salvar al equipo sino a colaborar brind\u00e1ndose con el grupo bajo la direcci\u00f3n de Vali\u00f1o, con quien ya coincidi\u00f3 en Puebla.<\/p>\n<p>En ese sentido, resalt\u00f3 que es un nuevo reto junto al entrenador que confi\u00f3 en \u00e9l para repuntar con el equipo de la franja, para despu\u00e9s destacar en Toluca. De alguna manera, sostuvo, fue el actor principal para que continuara en M\u00e9xico. Me puede sacar m\u00e1s jugo como profesional dentro y fuera de la cancha, apunt\u00f3.<\/p>\n<p><iframe title=\"El t\u00e9cnico Ricardo Vali\u00f1o y el delantero Alexis Canelo por el repunte de Xolos\" width=\"640\" height=\"360\" src=\"https:\/\/www.youtube.com\/embed\/zZbdiDYroOc?feature=oembed\" frameborder=\"0\" allow=\"accelerometer; autoplay; clipboard-write; encrypted-media; gyroscope; picture-in-picture; web-share\" referrerpolicy=\"strict-origin-when-cross-origin\" allowfullscreen><\/iframe><\/p>\n\n\n","protected":false},"excerpt":{"rendered":"","protected":false},"author":1,"featured_media":2942027,"comment_status":"open","ping_status":"closed","sticky":false,"template":"","format":"video","meta":{"footnotes":""},"categories":[32,17],"tags":[595],"class_list":["post-2942023","post","type-post","status-publish","format-video","has-post-thumbnail","hentry","category-soccer","category-xolos-de-tijuana","tag-destacado","post_format-post-format-video"],"_links":{"self":[{"href":"https:\/\/agpnoticias.com\/news\/index.php?rest_route=\/wp\/v2\/posts\/2942023","targetHints":{"allow":["GET"]}}],"collection":[{"href":"https:\/\/agpnoticias.com\/news\/index.php?rest_route=\/wp\/v2\/posts"}],"about":[{"href":"https:\/\/agpnoticias.com\/news\/index.php?rest_route=\/wp\/v2\/types\/post"}],"author":[{"embeddable":true,"href":"https:\/\/agpnoticias.com\/news\/index.php?rest_route=\/wp\/v2\/users\/1"}],"replies":[{"embeddable":true,"href":"https:\/\/agpnoticias.com\/news\/index.php?rest_route=%2Fwp%2Fv2%2Fcomments&post=2942023"}],"version-history":[{"count":4,"href":"https:\/\/agpnoticias.com\/news\/index.php?rest_route=\/wp\/v2\/posts\/2942023\/revisions"}],"predecessor-version":[{"id":2942029,"href":"https:\/\/agpnoticias.com\/news\/index.php?rest_route=\/wp\/v2\/posts\/2942023\/revisions\/2942029"}],"wp:featuredmedia":[{"embeddable":true,"href":"https:\/\/agpnoticias.com\/news\/index.php?rest_route=\/wp\/v2\/media\/2942027"}],"wp:attachment":[{"href":"https:\/\/agpnoticias.com\/news\/index.php?rest_route=%2Fwp%2Fv2%2Fmedia&parent=2942023"}],"wp:term":[{"taxonomy":"category","embeddable":true,"href":"https:\/\/agpnoticias.com\/news\/index.php?rest_route=%2Fwp%2Fv2%2Fcategories&post=2942023"},{"taxonomy":"post_tag","embeddable":true,"href":"https:\/\/agpnoticias.com\/news\/index.php?rest_route=%2Fwp%2Fv2%2Ftags&post=2942023"}],"curies":[{"name":"wp","href":"https:\/\/api.w.org\/{rel}","templated":true}]}}