{"id":2942492,"date":"2022-07-11T12:43:53","date_gmt":"2022-07-11T19:43:53","guid":{"rendered":"https:\/\/agpnoticias.com\/news\/?p=2942492"},"modified":"2022-07-11T12:47:39","modified_gmt":"2022-07-11T19:47:39","slug":"javier-calderon-marin-reconocido-por-la-liga-rural-de-maneadero","status":"publish","type":"post","link":"https:\/\/agpnoticias.com\/news\/?p=2942492","title":{"rendered":"Javier Calder\u00f3n Mar\u00edn reconocido por la Liga Rural de Maneadero"},"content":{"rendered":"\n<p>Ensenada, Baja California.- La Liga Rural de Maneadero reconoci\u00f3 al primer presidente del circuito, Jos\u00e9 Javier Calder\u00f3n, durante la jornada del estatal de primera fuerza en la que su selecci\u00f3n barri\u00f3 a la Liga Urbana de Chapultepec.<\/p>\n<p><a href=\"https:\/\/agpnoticias.com\/news\/javier-calderon-marin-reconocido-por-la-liga-rural-de-maneadero\/javier-calderon-y-familia\/\" rel=\"attachment wp-att-2942493\"><img fetchpriority=\"high\" decoding=\"async\" class=\"aligncenter size-full wp-image-2942493\" src=\"https:\/\/agpnoticias.com\/news\/wp-content\/uploads\/2022\/07\/Javier-Calderon-y-familia-e1657568563789.jpg\" alt=\"\" width=\"800\" height=\"532\" \/><\/a><\/p>\n<p>El tambi\u00e9n locutor y funcionario p\u00fablico por varias administraciones municipales recibi\u00f3 una placa, acompa\u00f1ado por su familia y por los elementos de la selecci\u00f3n rural, actual campeona estatal.<\/p>\n<p><a href=\"https:\/\/agpnoticias.com\/news\/javier-calderon-marin-reconocido-por-la-liga-rural-de-maneadero\/calderon-marin\/\" rel=\"attachment wp-att-2942497\"><img decoding=\"async\" class=\"aligncenter size-full wp-image-2942497\" src=\"https:\/\/agpnoticias.com\/news\/wp-content\/uploads\/2022\/07\/Calderon-Marin-e1657568612147.jpg\" alt=\"\" width=\"500\" height=\"752\" \/><\/a><\/p>\n<p>Javier Calder\u00f3n desarroll\u00f3 una trayectoria destacada como locutor de Radio Variedades con el programa Furia Musical.<\/p>\n","protected":false},"excerpt":{"rendered":"","protected":false},"author":1,"featured_media":2942494,"comment_status":"open","ping_status":"closed","sticky":false,"template":"","format":"standard","meta":{"footnotes":""},"categories":[30,52],"tags":[595],"class_list":["post-2942492","post","type-post","status-publish","format-standard","has-post-thumbnail","hentry","category-beisbol","category-rural-de-maneadero","tag-destacado"],"_links":{"self":[{"href":"https:\/\/agpnoticias.com\/news\/index.php?rest_route=\/wp\/v2\/posts\/2942492","targetHints":{"allow":["GET"]}}],"collection":[{"href":"https:\/\/agpnoticias.com\/news\/index.php?rest_route=\/wp\/v2\/posts"}],"about":[{"href":"https:\/\/agpnoticias.com\/news\/index.php?rest_route=\/wp\/v2\/types\/post"}],"author":[{"embeddable":true,"href":"https:\/\/agpnoticias.com\/news\/index.php?rest_route=\/wp\/v2\/users\/1"}],"replies":[{"embeddable":true,"href":"https:\/\/agpnoticias.com\/news\/index.php?rest_route=%2Fwp%2Fv2%2Fcomments&post=2942492"}],"version-history":[{"count":3,"href":"https:\/\/agpnoticias.com\/news\/index.php?rest_route=\/wp\/v2\/posts\/2942492\/revisions"}],"predecessor-version":[{"id":2942500,"href":"https:\/\/agpnoticias.com\/news\/index.php?rest_route=\/wp\/v2\/posts\/2942492\/revisions\/2942500"}],"wp:featuredmedia":[{"embeddable":true,"href":"https:\/\/agpnoticias.com\/news\/index.php?rest_route=\/wp\/v2\/media\/2942494"}],"wp:attachment":[{"href":"https:\/\/agpnoticias.com\/news\/index.php?rest_route=%2Fwp%2Fv2%2Fmedia&parent=2942492"}],"wp:term":[{"taxonomy":"category","embeddable":true,"href":"https:\/\/agpnoticias.com\/news\/index.php?rest_route=%2Fwp%2Fv2%2Fcategories&post=2942492"},{"taxonomy":"post_tag","embeddable":true,"href":"https:\/\/agpnoticias.com\/news\/index.php?rest_route=%2Fwp%2Fv2%2Ftags&post=2942492"}],"curies":[{"name":"wp","href":"https:\/\/api.w.org\/{rel}","templated":true}]}}