{"id":2943457,"date":"2022-07-28T15:52:55","date_gmt":"2022-07-28T22:52:55","guid":{"rendered":"https:\/\/agpnoticias.com\/news\/?p=2943457"},"modified":"2022-07-28T15:52:58","modified_gmt":"2022-07-28T22:52:58","slug":"lo-mejor-del-frontenis-llegara-a-ensenada-del-5-al-7-de-agosto","status":"publish","type":"post","link":"https:\/\/agpnoticias.com\/news\/?p=2943457","title":{"rendered":"Lo mejor del frontenis llegar\u00e1 a Ensenada, del 5 al 7 de agosto"},"content":{"rendered":"\n\n\n<p class=\"p1\">Ensenada, Baja California.- Del viernes 5 al domingo 7 de agosto, las canchas del Centro de Alto Rendimiento de Ensenada recibir\u00e1n el Torneo Abierto de Frontenis.<\/p>\n<p class=\"p1\">Jos\u00e9 Socorro Ch\u00e1vez, presidente de la Asociaci\u00f3n Estatal de Front\u00f3n, destac\u00f3 el nivel que presentar\u00e1 la competencia, pues M\u00e9xico es potencia mundial de la especialidad.<\/p>\n<p class=\"p1\">Las actividades arrancan el viernes 5 de agosto al mediod\u00eda y transcurrir\u00e1n s\u00e1bado y domingo, d\u00eda en que est\u00e1n programadas las finales.<\/p>\n<p class=\"p1\">Hay una bolsa de premiaci\u00f3n consistente en 130 mil pesos a repartir entre los primeros lugares de las categor\u00edas primera y segunda fuerza.<\/p>\n<p class=\"p1\">Y aunque no entran en la bolsa de premios en efectivo tambi\u00e9n habr\u00e1 actividades en divisiones infantiles y veteranos.<\/p>\n<p class=\"p1\">Marco Pineda, representante internacional del frontenis mexicano y vicepresidente de la asociaci\u00f3n estatal, confirm\u00f3 la presencia de talentos nacionales como el bajacaliforniano Josu\u00e9 Becerra.<\/p>\n<p><a href=\"https:\/\/agpnoticias.com\/news\/lo-mejor-del-frontenis-llegara-a-ensenada-del-5-al-7-de-agosto\/torneo-frontenis\/\" rel=\"attachment wp-att-2943460\"><img fetchpriority=\"high\" decoding=\"async\" class=\"aligncenter size-full wp-image-2943460\" src=\"https:\/\/agpnoticias.com\/news\/wp-content\/uploads\/2022\/07\/Torneo-Frontenis-e1659035396243.jpeg\" alt=\"\" width=\"800\" height=\"600\" \/><\/a><\/p>\n<p class=\"p1\">Adem\u00e1s adelant\u00f3 la asistencia de \u201clas principales parejas de M\u00e9xico\u201d, algunos campeones mundiales, as\u00ed como el espa\u00f1ol Jorge Fr\u00edas.<\/p>\n<p class=\"p1\">\u201cJorge Olvera, un muchacho que arras\u00f3 en los Nacionales Conade, y a sus 17 a\u00f1os pelea por meterse a la selecci\u00f3n que va al mundial de Francia en octubre\u201d, agreg\u00f3.<\/p>\n<p class=\"p1\">El secretario de la asociaci\u00f3n, Jes\u00fas Antonio Serrato dijo que el viernes se cobrar\u00e1 entrada de 50 pesos, mientras que el s\u00e1bado costar\u00e1 100 y el domingo de finales 150, pero habr\u00e1 un paquete de 200 pesos que permitir\u00e1 el ingreso los tres d\u00edas.<\/p>\n<p class=\"p1\">Por su parte, Ra\u00fal Valverde, representante de los patrocinadores, subray\u00f3 la calidad de las instalaciones con que cuenta Ensenada, \u201clas mejores del pa\u00eds\u201d.<\/p>\n<p class=\"p1\">Y agradeci\u00f3 que \u00e9stas sean aprovechadas con la autorizaci\u00f3n del Instituto del Deporte de Baja California (INDE) en la realizaci\u00f3n de torneos de esta magnitud.<\/p>\n<p><iframe title=\"Torneo Abierto de Frontenis en Ensenada\" width=\"640\" height=\"360\" src=\"https:\/\/www.youtube.com\/embed\/5T7b-E9qoBw?feature=oembed\" frameborder=\"0\" allow=\"accelerometer; autoplay; clipboard-write; encrypted-media; gyroscope; picture-in-picture; web-share\" referrerpolicy=\"strict-origin-when-cross-origin\" allowfullscreen><\/iframe><\/p>\n","protected":false},"excerpt":{"rendered":"","protected":false},"author":1,"featured_media":2943459,"comment_status":"open","ping_status":"closed","sticky":false,"template":"","format":"video","meta":{"footnotes":""},"categories":[7],"tags":[595],"class_list":["post-2943457","post","type-post","status-publish","format-video","has-post-thumbnail","hentry","category-deportes","tag-destacado","post_format-post-format-video"],"_links":{"self":[{"href":"https:\/\/agpnoticias.com\/news\/index.php?rest_route=\/wp\/v2\/posts\/2943457","targetHints":{"allow":["GET"]}}],"collection":[{"href":"https:\/\/agpnoticias.com\/news\/index.php?rest_route=\/wp\/v2\/posts"}],"about":[{"href":"https:\/\/agpnoticias.com\/news\/index.php?rest_route=\/wp\/v2\/types\/post"}],"author":[{"embeddable":true,"href":"https:\/\/agpnoticias.com\/news\/index.php?rest_route=\/wp\/v2\/users\/1"}],"replies":[{"embeddable":true,"href":"https:\/\/agpnoticias.com\/news\/index.php?rest_route=%2Fwp%2Fv2%2Fcomments&post=2943457"}],"version-history":[{"count":3,"href":"https:\/\/agpnoticias.com\/news\/index.php?rest_route=\/wp\/v2\/posts\/2943457\/revisions"}],"predecessor-version":[{"id":2943463,"href":"https:\/\/agpnoticias.com\/news\/index.php?rest_route=\/wp\/v2\/posts\/2943457\/revisions\/2943463"}],"wp:featuredmedia":[{"embeddable":true,"href":"https:\/\/agpnoticias.com\/news\/index.php?rest_route=\/wp\/v2\/media\/2943459"}],"wp:attachment":[{"href":"https:\/\/agpnoticias.com\/news\/index.php?rest_route=%2Fwp%2Fv2%2Fmedia&parent=2943457"}],"wp:term":[{"taxonomy":"category","embeddable":true,"href":"https:\/\/agpnoticias.com\/news\/index.php?rest_route=%2Fwp%2Fv2%2Fcategories&post=2943457"},{"taxonomy":"post_tag","embeddable":true,"href":"https:\/\/agpnoticias.com\/news\/index.php?rest_route=%2Fwp%2Fv2%2Ftags&post=2943457"}],"curies":[{"name":"wp","href":"https:\/\/api.w.org\/{rel}","templated":true}]}}