{"id":2944423,"date":"2022-08-18T09:29:10","date_gmt":"2022-08-18T16:29:10","guid":{"rendered":"https:\/\/agpnoticias.com\/news\/?p=2944423"},"modified":"2022-08-18T09:29:12","modified_gmt":"2022-08-18T16:29:12","slug":"que-le-paso-al-tecatito-corona-y-por-que-se-perderia-el-mundial-de-qatar-2022","status":"publish","type":"post","link":"https:\/\/agpnoticias.com\/news\/?p=2944423","title":{"rendered":"\u00bfQu\u00e9 le pas\u00f3 al \u00abTecatito\u00bb Corona y por qu\u00e9 se perder\u00eda el Mundial de Qatar 2022?"},"content":{"rendered":"\n<p id=\"m86-85-87\" class=\"paragraph con \">Ciudad de M\u00e9xico.- El futbol mexicano amaneci\u00f3 este jueves con malas noticias luego de que se dio a conocer que Jes\u00fas \u00abTecatito\u00bb Corona\u00a0sufri\u00f3 una lesi\u00f3n durante un entrenamiento con el Sevilla, misma que a falta de hacerse oficial lo dejar\u00e1 sin posibilidades de disputar el\u00a0<strong>Mundial de Qatar 2022<\/strong>.<\/p>\n<div class=\"article-content-ad \" data-ad-position=\"content\" data-article-id=\"494906\" data-article-category=\"deportes\">\n<div id=\"div-gpt-ad-1589328562324-0\" class=\"article-content-ad\" data-article-id=\"494906\" data-ad-position=\"razon_notas\" data-google-query-id=\"CMHXhMfm0PkCFRMprQYdJuYOJQ\">\n<p id=\"google_ads_iframe_\/115004372\/razon_notas_0__container__\"><span style=\"font-family: 'PT Serif', sans-serif; font-size: 1.1rem;\">El equipo espa\u00f1ol emiti\u00f3 un comunicado en el que dio a conocer que el seleccionado tricolor sufri\u00f3 \u00abuna importante lesi\u00f3n en el entrenamiento de este jueves en un lance del juego sin que mediara golpe alguno\u00bb.<\/span><\/p>\n<\/div>\n<\/div>\n<p id=\"m101-100-102\" class=\"paragraph con \">Ante este hecho, el\u00a0<strong>\u00abTecatito\u00bb Corona<\/strong>\u00a0fue trasladado de inmediato a un hospital para que se le realizaran pruebas, las cuales determinaron que padece una\u00a0<strong>rotura del peron\u00e9<\/strong>\u00a0y el\u00a0<strong>ligamento deltoideo del tobillo izquierdo<\/strong>.<\/p>\n<p>https:\/\/twitter.com\/miseleccionmx\/status\/1560270186330357761<\/p>\n<div id=\"m111-110-112\" class=\"free-content \">\n<p dir=\"ltr\" lang=\"es\"><span style=\"font-family: 'PT Serif', sans-serif; font-size: 1.1rem; font-weight: 400;\">El <\/span><strong style=\"font-family: 'PT Serif', sans-serif; font-size: 1.1rem;\">Sevilla<\/strong><span style=\"font-family: 'PT Serif', sans-serif; font-size: 1.1rem; font-weight: 400;\">\u00a0comunic\u00f3 tambi\u00e9n que el jugador mexicano de 29 a\u00f1os ser\u00e1 operado esta misma tarde, al tiempo que hizo \u00e9nfasis en que este tipo de lesiones llevan entre cuatro y cinco meses de recuperaci\u00f3n, lo que significar\u00eda que por muy pronto el sonorense podr\u00eda volver a las canchas a mediados de diciembre, justo cuando el\u00a0<\/span>Mundial de Qatar 2022\u00a0<span style=\"font-family: 'PT Serif', sans-serif; font-size: 1.1rem; font-weight: 400;\">est\u00e9 por llegar a su finalizaci\u00f3n.<\/span><\/p>\n<\/div>\n<p id=\"m121-120-122\" class=\"paragraph con \">La edici\u00f3n 22 de la Copa del Mundo de la\u00a0<strong>FIFA<\/strong>\u00a0est\u00e1 programada para ponerse en marcha el pr\u00f3ximo 20 de noviembre con el juego inaugural entre el anfitri\u00f3n\u00a0<strong>Qatar\u00a0<\/strong>y<strong>\u00a0Ecuador<\/strong>. La final se llevar\u00e1 a cabo el 18 de diciembre.<\/p>\n","protected":false},"excerpt":{"rendered":"","protected":false},"author":1,"featured_media":2944424,"comment_status":"open","ping_status":"closed","sticky":false,"template":"","format":"standard","meta":{"footnotes":""},"categories":[32],"tags":[595],"class_list":["post-2944423","post","type-post","status-publish","format-standard","has-post-thumbnail","hentry","category-soccer","tag-destacado"],"_links":{"self":[{"href":"https:\/\/agpnoticias.com\/news\/index.php?rest_route=\/wp\/v2\/posts\/2944423","targetHints":{"allow":["GET"]}}],"collection":[{"href":"https:\/\/agpnoticias.com\/news\/index.php?rest_route=\/wp\/v2\/posts"}],"about":[{"href":"https:\/\/agpnoticias.com\/news\/index.php?rest_route=\/wp\/v2\/types\/post"}],"author":[{"embeddable":true,"href":"https:\/\/agpnoticias.com\/news\/index.php?rest_route=\/wp\/v2\/users\/1"}],"replies":[{"embeddable":true,"href":"https:\/\/agpnoticias.com\/news\/index.php?rest_route=%2Fwp%2Fv2%2Fcomments&post=2944423"}],"version-history":[{"count":1,"href":"https:\/\/agpnoticias.com\/news\/index.php?rest_route=\/wp\/v2\/posts\/2944423\/revisions"}],"predecessor-version":[{"id":2944425,"href":"https:\/\/agpnoticias.com\/news\/index.php?rest_route=\/wp\/v2\/posts\/2944423\/revisions\/2944425"}],"wp:featuredmedia":[{"embeddable":true,"href":"https:\/\/agpnoticias.com\/news\/index.php?rest_route=\/wp\/v2\/media\/2944424"}],"wp:attachment":[{"href":"https:\/\/agpnoticias.com\/news\/index.php?rest_route=%2Fwp%2Fv2%2Fmedia&parent=2944423"}],"wp:term":[{"taxonomy":"category","embeddable":true,"href":"https:\/\/agpnoticias.com\/news\/index.php?rest_route=%2Fwp%2Fv2%2Fcategories&post=2944423"},{"taxonomy":"post_tag","embeddable":true,"href":"https:\/\/agpnoticias.com\/news\/index.php?rest_route=%2Fwp%2Fv2%2Ftags&post=2944423"}],"curies":[{"name":"wp","href":"https:\/\/api.w.org\/{rel}","templated":true}]}}