{"id":2944426,"date":"2022-08-18T09:34:08","date_gmt":"2022-08-18T16:34:08","guid":{"rendered":"https:\/\/agpnoticias.com\/news\/?p=2944426"},"modified":"2023-03-08T19:17:15","modified_gmt":"2023-03-09T03:17:15","slug":"checo-perez-volvio-a-los-entrenamientos-en-la-formula-1","status":"publish","type":"post","link":"https:\/\/agpnoticias.com\/news\/?p=2944426","title":{"rendered":"Checo P\u00e9rez volvi\u00f3 a los entrenamientos en la F\u00f3rmula 1"},"content":{"rendered":"\n<p data-t=\"{&quot;n&quot;:&quot;blueLinks&quot;}\"><strong>Belgica.- Sergio P\u00e9rez<\/strong>\u00a0volvi\u00f3 a los entrenamientos de cara a la segunda mitad de la temporada de la\u00a0<strong>F\u00f3rmula 1<\/strong>.<\/p>\n<p data-t=\"{&quot;n&quot;:&quot;blueLinks&quot;}\">Su entrenador,\u00a0<strong>Jos\u00e9 Canalesm<\/strong>, public\u00f3 un video donde se muestra a\u00a0<strong>Checo<\/strong>\u00a0realizando ejercicios, semanas previas al\u00a0<strong>Gran Premio de B\u00e9lgica<\/strong>.<\/p>\n<p data-t=\"{&quot;n&quot;:&quot;blueLinks&quot;}\">\u201cWe\u2019re back\u201d, fue la leyenda que utiliz\u00f3 el entrenador para demostrar la dura preparaci\u00f3n por la que pasa el mexicano, tras unas semanas de vacaciones.<\/p>\n<p data-t=\"{&quot;n&quot;:&quot;blueLinks&quot;}\">A su vez,\u00a0<strong>Red Bull<\/strong>\u00a0aprovech\u00f3 el par\u00f3n de la campa\u00f1a para recordar las grandes actuaciones de Checo, en el a\u00f1o y medio en la escuder\u00eda, con un video.<\/p>\n<p data-t=\"{&quot;n&quot;:&quot;blueLinks&quot;}\">\u201cBendice tu perfil con el piloto mexicano m\u00e1s exitoso en la F1\u201d, public\u00f3 el equipo a trav\u00e9s de sus redes sociales.<\/p>\n<p data-t=\"{&quot;n&quot;:&quot;blueLinks&quot;}\">P\u00e9rez acumula 11 podios con\u00a0<strong>Red Bull,<\/strong> incluyendo triunfos en Azerbaiy\u00e1n en 2021 y en M\u00f3naco recientemente.<\/p>\n<p data-t=\"{&quot;n&quot;:&quot;blueLinks&quot;}\">El video muestra el cari\u00f1o que los miembros del equipo le tienen al piloto mexicano, mostrando las im\u00e1genes de la celebraci\u00f3n de su primer lugar en M\u00f3naco, el cual fue acompa\u00f1ado con el texto \u201ctomando unos d\u00edas para apreciar a nuestro Ministro de Defensa Mexicano favorito\u201d.<\/p>\n<p data-t=\"{&quot;n&quot;:&quot;blueLinks&quot;}\">Aunque tal vez, el mayor logro del jalisciense con el equipo fue cuando Red Bull conquist\u00f3 el campeonato de pilotos en 2021 junto con\u00a0<strong>Max Verstappen<\/strong>.<\/p>\n<p class=\"continue-read-break\" data-t=\"{&quot;n&quot;:&quot;blueLinks&quot;}\">Las grandes actuaciones de\u00a0<strong>Checo<\/strong>\u00a0esta temporada, han ayudado a Red Bull a tomar ventaja en el campeonato de escuder\u00edas y la protecci\u00f3n que le ha dado a su compa\u00f1ero, han impulsado a que Verstappen sea el primero en el campeonato de pilotos.<\/p>\n<p data-t=\"{&quot;n&quot;:&quot;blueLinks&quot;}\">Checo P\u00e9rez termin\u00f3 la primera parte de la temporada con 173 puntos, que lo colocan en el tercer puesto por el t\u00edtulo de pilotos, por detr\u00e1s de\u00a0<strong>Leclerc<\/strong>\u00a0(178) y su coequipero\u00a0<strong>Verstappen<\/strong>\u00a0(258).<\/p>\n<p data-t=\"{&quot;n&quot;:&quot;blueLinks&quot;}\">Sergio tambi\u00e9n destac\u00f3 el gran apoyo que ha tenido por parte de los aficionados de su compa\u00f1ero y confirm\u00f3 que siempre lo tratan de la mejor manera.<\/p>\n<p data-t=\"{&quot;n&quot;:&quot;blueLinks&quot;}\">\u201cSon geniales para m\u00ed (los fan\u00e1ticos de Max) donde quiera que vaya. Siempre hay aficionados holandeses y normalmente son muy amables conmigo\u201d, coment\u00f3 en una entrevista.<\/p>\n","protected":false},"excerpt":{"rendered":"","protected":false},"author":1,"featured_media":2943195,"comment_status":"open","ping_status":"closed","sticky":false,"template":"","format":"standard","meta":{"footnotes":""},"categories":[37,1095],"tags":[595],"class_list":["post-2944426","post","type-post","status-publish","format-standard","has-post-thumbnail","hentry","category-off-road","category-formula-1","tag-destacado"],"_links":{"self":[{"href":"https:\/\/agpnoticias.com\/news\/index.php?rest_route=\/wp\/v2\/posts\/2944426","targetHints":{"allow":["GET"]}}],"collection":[{"href":"https:\/\/agpnoticias.com\/news\/index.php?rest_route=\/wp\/v2\/posts"}],"about":[{"href":"https:\/\/agpnoticias.com\/news\/index.php?rest_route=\/wp\/v2\/types\/post"}],"author":[{"embeddable":true,"href":"https:\/\/agpnoticias.com\/news\/index.php?rest_route=\/wp\/v2\/users\/1"}],"replies":[{"embeddable":true,"href":"https:\/\/agpnoticias.com\/news\/index.php?rest_route=%2Fwp%2Fv2%2Fcomments&post=2944426"}],"version-history":[{"count":2,"href":"https:\/\/agpnoticias.com\/news\/index.php?rest_route=\/wp\/v2\/posts\/2944426\/revisions"}],"predecessor-version":[{"id":2944428,"href":"https:\/\/agpnoticias.com\/news\/index.php?rest_route=\/wp\/v2\/posts\/2944426\/revisions\/2944428"}],"wp:featuredmedia":[{"embeddable":true,"href":"https:\/\/agpnoticias.com\/news\/index.php?rest_route=\/wp\/v2\/media\/2943195"}],"wp:attachment":[{"href":"https:\/\/agpnoticias.com\/news\/index.php?rest_route=%2Fwp%2Fv2%2Fmedia&parent=2944426"}],"wp:term":[{"taxonomy":"category","embeddable":true,"href":"https:\/\/agpnoticias.com\/news\/index.php?rest_route=%2Fwp%2Fv2%2Fcategories&post=2944426"},{"taxonomy":"post_tag","embeddable":true,"href":"https:\/\/agpnoticias.com\/news\/index.php?rest_route=%2Fwp%2Fv2%2Ftags&post=2944426"}],"curies":[{"name":"wp","href":"https:\/\/api.w.org\/{rel}","templated":true}]}}