{"id":2945155,"date":"2022-09-02T11:04:45","date_gmt":"2022-09-02T18:04:45","guid":{"rendered":"https:\/\/agpnoticias.com\/news\/?p=2945155"},"modified":"2022-09-02T11:04:49","modified_gmt":"2022-09-02T18:04:49","slug":"destinan-4-6-millones-de-pesos-para-proteccion-civil-de-ensenada","status":"publish","type":"post","link":"https:\/\/agpnoticias.com\/news\/?p=2945155","title":{"rendered":"Destinan 4.6 millones de pesos para Protecci\u00f3n Civil de Ensenada"},"content":{"rendered":"\n<p>Ensenada, Baja California.- Un total de 4.6 millones de pesos se destinar\u00e1n para la Coordinaci\u00f3n Municipal de Protecci\u00f3n Civil, destac\u00f3 el alcalde de Ensenada Armando Ayala Robles, luego de firmar el Plan de Contingencias de Protecci\u00f3n Civil.<\/p>\n<p>Durante la sesi\u00f3n ordinaria del Consejo Municipal de Protecci\u00f3n Civil que se llev\u00f3 a cabo en el hotel Coral y Marina, el primer edil destac\u00f3 que Protecci\u00f3n Civil municipal est\u00e1 lista para afrontar cualquier situaci\u00f3n de emergencia que se presente, adem\u00e1s de contar con el apoyo de autoridades estatales, federales y militares.<\/p>\n<p><img fetchpriority=\"high\" decoding=\"async\" class=\"aligncenter size-full wp-image-2945159\" src=\"https:\/\/agpnoticias.com\/news\/wp-content\/uploads\/2022\/09\/proteccion-civil-4.jpeg\" alt=\"\" width=\"1024\" height=\"683\" \/><\/p>\n<p>El tambi\u00e9n presidente del Consejo dijo que el Gobierno Municipal se ha enfocado en dotar a dependencias como Protecci\u00f3n Civil, de mayor equipamiento humano mejor capacitado, as\u00ed como de recursos materiales para que puedan mejorar su labor.<\/p>\n<p>\u201cAntes contaban con 1.8 millones de pesos anuales y actualmente se otorgan 4 millones 300 mil pesos por a\u00f1o, al igual que otras dependencias municipales\u201d, especific\u00f3.<\/p>\n<p>Julio C\u00e9sar Obreg\u00f3n Angulo, director de la Coordinaci\u00f3n Municipal de Protecci\u00f3n Civil y secretario del Consejo, destac\u00f3 que adem\u00e1s de atender a la comunidad en casos de contingencia natural o accidentes, es vital mantener al personal capacitado y con el equipamiento necesario para su labor.<\/p>\n<p><img decoding=\"async\" class=\"aligncenter size-full wp-image-2945158\" src=\"https:\/\/agpnoticias.com\/news\/wp-content\/uploads\/2022\/09\/proteccion-civil-3.jpeg\" alt=\"\" width=\"1024\" height=\"683\" \/><\/p>\n<p>Por ello, asegur\u00f3 que durante el Gobierno Municipal que preside Armando Ayala, se han dado instrucciones precisas para fortalecer la dependencia, al punto de tener mayor personal, mejores veh\u00edculos, radios de comunicaci\u00f3n, uniformes y oficinas adecuadas para lo referente a protecci\u00f3n civil.<\/p>\n<p>En materia de Plan de Contingencia, apunt\u00f3 que tambi\u00e9n incluye el mantenimiento a las unidades, debido a que son parte principal de las herramientas de trabajo de la Coordinaci\u00f3n durante temporada de lluvias, incendios forestales, movimientos tel\u00faricos y otros que afectan la seguridad de la poblaci\u00f3n.<\/p>\n<p>Adem\u00e1s de dar atenci\u00f3n puntual a la poblaci\u00f3n que requiere resguardo en caso de contingencia, dijo el funcionario municipal, es importante mantener la coordinaci\u00f3n entre autoridades municipales, estatales y federales, como es Conafor en caso de incendios forestales, al ser uno de los hechos m\u00e1s recurrentes en Ensenada.<\/p>\n<p><img decoding=\"async\" class=\"aligncenter size-full wp-image-2945157\" src=\"https:\/\/agpnoticias.com\/news\/wp-content\/uploads\/2022\/09\/proteccion-civil-2.jpeg\" alt=\"\" width=\"1024\" height=\"683\" \/><\/p>\n<p>Obreg\u00f3n Angulo asever\u00f3 que por ello el presente Plan de Contingencia est\u00e1 adecuado a los est\u00e1ndares nacionales y de acuerdo al reglamento federal para la atenci\u00f3n y el manejo del fuego.<\/p>\n<p>Especific\u00f3 que mensualmente atienden alrededor de 40 reportes de diferente \u00edndole, aunado a la labor de inspecci\u00f3n de seguridad de diversos establecimientos como escuelas, comercios, bares, centros recreativos y deportivos, hoteler\u00eda, restaurantes, entre otros que deben cumplir con los reglamentos de protecci\u00f3n civil.<\/p>\n<p>En ese sentido, refiri\u00f3 que se han atendido m\u00e1s de 2 mil inspecciones y se han levantado igual n\u00famero de actas para hacer cumplir los reglamentos de seguridad, por lo que han logrado mantener la eficiencia del 90% en los diversos sectores en materia de inspecci\u00f3n.<br \/>Sobre los programas internos de protecci\u00f3n civil, indic\u00f3 que los sectores productivos y econ\u00f3micos, han atendido las recomendaciones de capacitaci\u00f3n para mejorar en cuesti\u00f3n de seguridad para sus trabajadores y clientes.<\/p>\n<p>\u201cSe han presentado casos de viviendas que est\u00e1n en zonas de riesgo, por lo cual continuamente hacen campa\u00f1as de prevenci\u00f3n y sensibilizaci\u00f3n con los colonos que habitan en ese tipo de predios urbanos\u201d, abund\u00f3.<\/p>\n<p>Tambi\u00e9n se hacen im\u00e1genes en tierra y \u00e1reas para analizar ese tipo de urbes, a fin de planear c\u00f3mo enfrentar un incidente y atenderlo, con apoyo de diversas autoridades aliadas en materia de seguridad, seg\u00fan explic\u00f3.<\/p>\n<p>Finalmente, el director de la Coordinaci\u00f3n Municipal de Protecci\u00f3n Civil refiri\u00f3 que en noviembre presentar\u00e1n un plan de contingencias para la temporada de lluvias y el periodo invernal, as\u00ed como otro m\u00e1s enfocado a las acciones entre vecinos para que sepan c\u00f3mo actuar en caso de emergencias.<\/p>\n","protected":false},"excerpt":{"rendered":"","protected":false},"author":1,"featured_media":2945156,"comment_status":"open","ping_status":"closed","sticky":false,"template":"","format":"standard","meta":{"footnotes":""},"categories":[1],"tags":[],"class_list":["post-2945155","post","type-post","status-publish","format-standard","has-post-thumbnail","hentry","category-uncategorized"],"_links":{"self":[{"href":"https:\/\/agpnoticias.com\/news\/index.php?rest_route=\/wp\/v2\/posts\/2945155","targetHints":{"allow":["GET"]}}],"collection":[{"href":"https:\/\/agpnoticias.com\/news\/index.php?rest_route=\/wp\/v2\/posts"}],"about":[{"href":"https:\/\/agpnoticias.com\/news\/index.php?rest_route=\/wp\/v2\/types\/post"}],"author":[{"embeddable":true,"href":"https:\/\/agpnoticias.com\/news\/index.php?rest_route=\/wp\/v2\/users\/1"}],"replies":[{"embeddable":true,"href":"https:\/\/agpnoticias.com\/news\/index.php?rest_route=%2Fwp%2Fv2%2Fcomments&post=2945155"}],"version-history":[{"count":1,"href":"https:\/\/agpnoticias.com\/news\/index.php?rest_route=\/wp\/v2\/posts\/2945155\/revisions"}],"predecessor-version":[{"id":2945160,"href":"https:\/\/agpnoticias.com\/news\/index.php?rest_route=\/wp\/v2\/posts\/2945155\/revisions\/2945160"}],"wp:featuredmedia":[{"embeddable":true,"href":"https:\/\/agpnoticias.com\/news\/index.php?rest_route=\/wp\/v2\/media\/2945156"}],"wp:attachment":[{"href":"https:\/\/agpnoticias.com\/news\/index.php?rest_route=%2Fwp%2Fv2%2Fmedia&parent=2945155"}],"wp:term":[{"taxonomy":"category","embeddable":true,"href":"https:\/\/agpnoticias.com\/news\/index.php?rest_route=%2Fwp%2Fv2%2Fcategories&post=2945155"},{"taxonomy":"post_tag","embeddable":true,"href":"https:\/\/agpnoticias.com\/news\/index.php?rest_route=%2Fwp%2Fv2%2Ftags&post=2945155"}],"curies":[{"name":"wp","href":"https:\/\/api.w.org\/{rel}","templated":true}]}}