{"id":2945510,"date":"2022-09-09T15:51:25","date_gmt":"2022-09-09T22:51:25","guid":{"rendered":"https:\/\/agpnoticias.com\/news\/?p=2945510"},"modified":"2022-09-09T21:21:03","modified_gmt":"2022-09-10T04:21:03","slug":"apuntes-perdidos-204","status":"publish","type":"post","link":"https:\/\/agpnoticias.com\/news\/?p=2945510","title":{"rendered":"APUNTES PERDIDOS"},"content":{"rendered":"\n<p class=\"p1\"><b>Por Marco Antonio Dom\u00ednguez Niebla<\/b><\/p>\n<p class=\"p1\"><b>La gran cosa<\/b><\/p>\n<p class=\"p1\">Eso me parec\u00edan. Hablaban e interesaban, ten\u00edan algo por decirnos y ese algo generalmente resultaba enriquecedor. Y cuando hablaban, por dios, qu\u00e9 voces. Mientras \u201cabr\u00edan y cerraban\u201d micr\u00f3fono, manejo magistral de la consola, insertaban los cartuchos, una especie de cassettes gigantes, como los ocho track, piezas prehist\u00f3ricas desconocidas para todo menor de 40. Quienes ocupaban las cabinas de radio eran locutores certificados mediante un examen exigente, de conocimientos generales y sobre todo de capacidad para leer debidamente un comercial o improvisar frente al micr\u00f3fono o la c\u00e1mara, o entrevistar a cualquier persona de cualquier \u00e1mbito. Mi pap\u00e1 era de esa especie. Y yo quer\u00eda ser como \u00e9l y sus amigos. Ser la gran cosa, pues. Y entre esos amigos y gente de su especie, estaba \u00e9l. Trabajaba en la cabina cuyo ventanal daba a la avenida Ju\u00e1rez cuando su amigo \u00c1ngel, con sus tres hijos, incluidos el que esto escribe, lo visitaban de paso. En alguna pausa a comercial se saludaban y a la vez retumbaba la identificaci\u00f3n del programa que tanta gente segu\u00eda entonces: Furia Musical con Jos\u00e9 Javier Calder\u00f3n Mar\u00edn, por Radio Variedades. Esos encuentros se vieron interrumpidos debido a que pap\u00e1 falleci\u00f3 de manera repentina, antes de los cincuenta. As\u00ed que volv\u00ed a ver a Javier ya que, cosas del destino, me encontr\u00e9 trabajando en una estaci\u00f3n de radio, que, por cierto, era totalmente distinta a aquellas en las que babeaba admirando la destreza de pap\u00e1 y sus pares. Donde yo trabaj\u00e9, apenas a\u00f1o y medio despu\u00e9s del cap\u00edtulo de mi vida relacionado con la orfandad, ya no necesitaba de la habilidad para colocar la aguja sobre el vinilo ni tampoco de la destreza para \u201cabrir y cerrar\u201d el micr\u00f3fono con la exigencia de contar algo de inter\u00e9s, capacidad que convert\u00eda al locutor en un compa\u00f1ero al que acudir diario para descubrir lo que estaba por decir. La cabina en la que me encontr\u00e9 no requer\u00eda mayores atributos que colocar discos compactos y alternarlos con los cartuchos (que para entonces estaban a punto de convertirse en piezas de museo). Ya era radio de operadores, no de locutores. Ya era, en la que trabaja yo, una radio FM, no AM. M\u00fasica y comerciales sin el contacto con la gran personalidad de cualquier estaci\u00f3n de radio: el locutor. Y las licencias para desarrollar el oficio de repente nos llegaron por obra y gracia de San Carlos Salinas de Gortari, quien decidi\u00f3 que ya no m\u00e1s ex\u00e1menes y que a partir de los primeros a\u00f1os de los noventa bastaba y sobraba con que un gerente de concesi\u00f3n radial enviara la petici\u00f3n para que todo el personal a cargo, con el poder de su firma, se convirtiera en locutor. Pero volvamos a Javier, a quien, ya como parte del gremio, saludaba en las asambleas sindicales donde recordaba sus andanzas dentro de esa agrupaci\u00f3n junto a mi padre. M\u00e1s adelante lo vi desempe\u00f1arse en sus encargos p\u00fablicos, siempre con la misma actitud: amable, atenta, educada, con una presencia impecable: moreno, alto, su bigote debidamente recortado y vestimenta formal. Y cuando hablaba, como ya les se\u00f1al\u00e9 al inicio de este texto, por dios, qu\u00e9 voz. Un locutor de los de antes, de los de a deveras, de los que al escucharlos nos remontan a alg\u00fan momento de nuestra vida: en mi caso sus pl\u00e1ticas con pap\u00e1, en el caso de tantos ensenadenses, a su Furia Musical. Al paso de los a\u00f1os fueron menores los contactos. Alguna vez lo salud\u00e9, \u00e9l se apoyaba de un bast\u00f3n, pero me alegr\u00f3 verlo entero, a\u00fan fuerte. Un par de meses atr\u00e1s lo vi con vida por \u00faltima vez. Ya no era el mismo. Luc\u00eda disminuido, incluso su mirada distinta. Lo homenaje\u00f3 en ese momento la liga de beisbol de la cual fue fundador, la Rural de su querido Maneadero, delegaci\u00f3n ensenadense en la que todos quienes lo conocimos, lo identificamos. Con esa imagen ilustr\u00e9 la nota de su partida, apenas ayer. Hoy encontr\u00e9 otra fotograf\u00eda de otro homenaje que se le brind\u00f3 y en la misma luc\u00eda m\u00e1s como el Javier que recordar\u00e9, el gran locutor que manejaba como maestro la cabina, el amigo y colega de pap\u00e1, la gran cosa, pues.<\/p>\n","protected":false},"excerpt":{"rendered":"","protected":false},"author":1,"featured_media":2945511,"comment_status":"open","ping_status":"closed","sticky":false,"template":"","format":"standard","meta":{"footnotes":""},"categories":[141],"tags":[595],"class_list":["post-2945510","post","type-post","status-publish","format-standard","has-post-thumbnail","hentry","category-columnas","tag-destacado"],"_links":{"self":[{"href":"https:\/\/agpnoticias.com\/news\/index.php?rest_route=\/wp\/v2\/posts\/2945510","targetHints":{"allow":["GET"]}}],"collection":[{"href":"https:\/\/agpnoticias.com\/news\/index.php?rest_route=\/wp\/v2\/posts"}],"about":[{"href":"https:\/\/agpnoticias.com\/news\/index.php?rest_route=\/wp\/v2\/types\/post"}],"author":[{"embeddable":true,"href":"https:\/\/agpnoticias.com\/news\/index.php?rest_route=\/wp\/v2\/users\/1"}],"replies":[{"embeddable":true,"href":"https:\/\/agpnoticias.com\/news\/index.php?rest_route=%2Fwp%2Fv2%2Fcomments&post=2945510"}],"version-history":[{"count":3,"href":"https:\/\/agpnoticias.com\/news\/index.php?rest_route=\/wp\/v2\/posts\/2945510\/revisions"}],"predecessor-version":[{"id":2945522,"href":"https:\/\/agpnoticias.com\/news\/index.php?rest_route=\/wp\/v2\/posts\/2945510\/revisions\/2945522"}],"wp:featuredmedia":[{"embeddable":true,"href":"https:\/\/agpnoticias.com\/news\/index.php?rest_route=\/wp\/v2\/media\/2945511"}],"wp:attachment":[{"href":"https:\/\/agpnoticias.com\/news\/index.php?rest_route=%2Fwp%2Fv2%2Fmedia&parent=2945510"}],"wp:term":[{"taxonomy":"category","embeddable":true,"href":"https:\/\/agpnoticias.com\/news\/index.php?rest_route=%2Fwp%2Fv2%2Fcategories&post=2945510"},{"taxonomy":"post_tag","embeddable":true,"href":"https:\/\/agpnoticias.com\/news\/index.php?rest_route=%2Fwp%2Fv2%2Ftags&post=2945510"}],"curies":[{"name":"wp","href":"https:\/\/api.w.org\/{rel}","templated":true}]}}