{"id":2945835,"date":"2022-09-15T23:49:41","date_gmt":"2022-09-16T06:49:41","guid":{"rendered":"https:\/\/agpnoticias.com\/news\/?p=2945835"},"modified":"2022-09-15T23:49:44","modified_gmt":"2022-09-16T06:49:44","slug":"celebran-mas-de-20-mil-personas-la-independencia-de-mexico-junto-a-marina-del-pilar","status":"publish","type":"post","link":"https:\/\/agpnoticias.com\/news\/?p=2945835","title":{"rendered":"Celebran m\u00e1s de 20 mil personas la Independencia de M\u00e9xico junto a Marina del Pilar"},"content":{"rendered":"\n<p><span style=\"font-size: 1.1rem;\">Mexicali, Baja California.- Acompa\u00f1ada de m\u00e1s de 20 mil ciudadanas y ciudadanos, la Gobernadora de Baja California, Marina del Pilar Avila Olmeda, encabez\u00f3 la ceremonia tradicional de El Grito de Independencia desde el balc\u00f3n del Edificio del Poder Ejecutivo del Estado, c\u00f3mo parte de las fiestas patrias correspondientes al 212 aniversario del inicio de la Guerra de Independencia de M\u00e9xico. <br \/><\/span><\/p>\n<p><img fetchpriority=\"high\" decoding=\"async\" class=\"aligncenter size-full wp-image-2945840\" src=\"https:\/\/agpnoticias.com\/news\/wp-content\/uploads\/2022\/09\/E714645A-6BAA-4E5C-ABEF-88DFC6BA8EA1.jpeg\" alt=\"\" width=\"1200\" height=\"800\" \/><\/p>\n<p><span style=\"font-size: 1.1rem;\">En el evento participaron elementos de la Secretar\u00eda de la Defensa Nacional (SEDENA), encargados de custodiar la ense\u00f1a nacional que fue ondeada por la mandataria bajacaliforniana en honor a las hero\u00ednas y h\u00e9roes que forjaron la patria mexicana.<\/span><\/p>\n<p>Dentro de las arengas de la Gobernadora figuraron las independentistas Gertrudis Bocanegra, Leona Vicario, Antonia Nava y Josefa Ortiz de Dom\u00ednguez, as\u00ed como Miguel Hidalgo, Jos\u00e9 Mar\u00eda Morelos, Ignacio Allende y Vicente Guerrero, as\u00ed como vivas dedicados al Estado de Baja California y a la Rep\u00fablica Mexicana.<\/p>\n<p><img decoding=\"async\" class=\"aligncenter size-full wp-image-2945838\" src=\"https:\/\/agpnoticias.com\/news\/wp-content\/uploads\/2022\/09\/87D5869B-A476-4A03-AC70-797D8D210B5A.jpeg\" alt=\"\" width=\"1200\" height=\"800\" \/><\/p>\n<p>La mandataria estatal resalt\u00f3 que se trata de los primeros festejos patrios que se realizan con p\u00fablico luego de m\u00e1s de dos a\u00f1os de contingencia sanitaria derivada de la pandemia de Covid-19, por lo que la Gobernadora destac\u00f3 la unidad de las y los bajacalifornianos para mostrar su orgullo de pertenecer a la naci\u00f3n mexicana.<\/p>\n<p><a href=\"https:\/\/agpnoticias.com\/news\/celebran-mas-de-20-mil-personas-la-independencia-de-mexico-junto-a-marina-del-pilar\/c7a85e7e-70f6-4459-9dc0-e4816b6d3142\/\" rel=\"attachment wp-att-2945841\"><img decoding=\"async\" class=\"aligncenter size-full wp-image-2945841\" src=\"https:\/\/agpnoticias.com\/news\/wp-content\/uploads\/2022\/09\/C7A85E7E-70F6-4459-9DC0-E4816B6D3142.jpeg\" alt=\"\" width=\"1200\" height=\"900\" \/><\/a><\/p>\n<p>Como parte de la ceremonia, se realiz\u00f3 un enlace virtual masivo con la ceremonia nacional presidida por el Presidente de M\u00e9xico, Andr\u00e9s Manuel L\u00f3pez Obrador, quien hizo un llamado a los mexicanos a mantener vigente el amor a la patria, lo que fue bien recibido por los asistentes a la celebraci\u00f3n desde el Estado de Baja California.<\/p>\n<p>Cabe se\u00f1alar que el programa cultural incluy\u00f3 a artistas locales, as\u00ed como al Mariachi La Voz de Am\u00e9rica, el grupo Cimarr\u00f3n Norte\u00f1o, Banda La Chicanora, un tributo a la cantante Selena Quintanilla, un espect\u00e1culo de drones y luces y el concierto estelar de los cantantes Emmanuel Acha y Manuel Mijares.<\/p>\n<p>En el evento estuvieron presentes la diputada Alejandra Ang, presidenta del Congreso del Estado de Baja California; Alejandro Isaac Fragozo L\u00f3pez, presidente del Poder Judicial de Baja California; Norma Alicia Bustamante Mart\u00ednez, alcaldesa de Mexicali; V\u00edctor Hugo Aguirre Serna, comandante de la Segunda Regi\u00f3n Militar; Luis Javier Robison Portillo Villanueva, comandante de la Segunda Regi\u00f3n Naval y Jorge Enrique Mart\u00ednez, comandante de la Guardia Nacional en Baja California.<\/p>\n<p>La Gobernadora se\u00f1al\u00f3 que la conmemoraci\u00f3n de la independencia nacional continuar\u00e1 este viernes 16 de septiembre, con la realizaci\u00f3n del Desfile C\u00edvico Militar, que demuestra el valor de las y los ciudadanos por reflejar su respeto por los s\u00edmbolos nacionales.<\/p>\n","protected":false},"excerpt":{"rendered":"","protected":false},"author":1,"featured_media":2945838,"comment_status":"open","ping_status":"closed","sticky":false,"template":"","format":"standard","meta":{"footnotes":""},"categories":[1],"tags":[595],"class_list":["post-2945835","post","type-post","status-publish","format-standard","has-post-thumbnail","hentry","category-uncategorized","tag-destacado"],"_links":{"self":[{"href":"https:\/\/agpnoticias.com\/news\/index.php?rest_route=\/wp\/v2\/posts\/2945835","targetHints":{"allow":["GET"]}}],"collection":[{"href":"https:\/\/agpnoticias.com\/news\/index.php?rest_route=\/wp\/v2\/posts"}],"about":[{"href":"https:\/\/agpnoticias.com\/news\/index.php?rest_route=\/wp\/v2\/types\/post"}],"author":[{"embeddable":true,"href":"https:\/\/agpnoticias.com\/news\/index.php?rest_route=\/wp\/v2\/users\/1"}],"replies":[{"embeddable":true,"href":"https:\/\/agpnoticias.com\/news\/index.php?rest_route=%2Fwp%2Fv2%2Fcomments&post=2945835"}],"version-history":[{"count":2,"href":"https:\/\/agpnoticias.com\/news\/index.php?rest_route=\/wp\/v2\/posts\/2945835\/revisions"}],"predecessor-version":[{"id":2945843,"href":"https:\/\/agpnoticias.com\/news\/index.php?rest_route=\/wp\/v2\/posts\/2945835\/revisions\/2945843"}],"wp:featuredmedia":[{"embeddable":true,"href":"https:\/\/agpnoticias.com\/news\/index.php?rest_route=\/wp\/v2\/media\/2945838"}],"wp:attachment":[{"href":"https:\/\/agpnoticias.com\/news\/index.php?rest_route=%2Fwp%2Fv2%2Fmedia&parent=2945835"}],"wp:term":[{"taxonomy":"category","embeddable":true,"href":"https:\/\/agpnoticias.com\/news\/index.php?rest_route=%2Fwp%2Fv2%2Fcategories&post=2945835"},{"taxonomy":"post_tag","embeddable":true,"href":"https:\/\/agpnoticias.com\/news\/index.php?rest_route=%2Fwp%2Fv2%2Ftags&post=2945835"}],"curies":[{"name":"wp","href":"https:\/\/api.w.org\/{rel}","templated":true}]}}