{"id":2948433,"date":"2022-11-07T19:31:23","date_gmt":"2022-11-08T03:31:23","guid":{"rendered":"https:\/\/agpnoticias.com\/news\/?p=2948433"},"modified":"2022-11-11T11:37:18","modified_gmt":"2022-11-11T19:37:18","slug":"super-convocatoria-brasilena-desde-neymar-hasta-dani-alves-a-qatar-2022","status":"publish","type":"post","link":"https:\/\/agpnoticias.com\/news\/?p=2948433","title":{"rendered":"Super convocatoria brasile\u00f1a: Desde Neymar hasta Dani Alves a Qatar 2022"},"content":{"rendered":"\n\n\n<p>R\u00edo de Janeiro, Brasil.- Tit\u00e9 dio a conocer la lista de convocados a la selecci\u00f3n brasile\u00f1a de futbol para encarar la Copa del Mundo Qatar 2022.<\/p>\n<p>Entre las presencias destacan los porteros del Liverpool y el Manchester City, Alisson y Ederson, adem\u00e1s del veterano de Pumas, Dani Alves.<\/p>\n<p>En la central sobresalen Marquinhos, Thiago Silva y \u00c9der Milit\u00e3o. El veterano Casemiro es el volante de contenci\u00f3n. Y en ofensiva est\u00e1 Neymar con Vin\u00edcius Jr.<\/p>\n<p><a href=\"https:\/\/agpnoticias.com\/news\/super-convocatoria-brasilena-desde-neymar-hasta-dani-alves-a-qatar-2022\/convocatoria-2\/\" rel=\"attachment wp-att-2948441\"><img fetchpriority=\"high\" decoding=\"async\" class=\"aligncenter size-full wp-image-2948441\" src=\"https:\/\/agpnoticias.com\/news\/wp-content\/uploads\/2022\/11\/Convocatoria-e1667879035430.jpeg\" alt=\"\" width=\"800\" height=\"960\" \/><\/a><\/p>\n<p><strong>Selecci\u00f3n de Brasil<\/strong><\/p>\n<p><strong>Arqueros<\/strong><br \/>Alisson &#8211; Liverpool<\/p>\n<p>Ederson &#8211; Manchester City<\/p>\n<p>Weverton &#8211; Palmeiras<\/p>\n<p><strong>Defensas<\/strong><br \/>Alex Sandro &#8211; Juventus<\/p>\n<p>Alex Telles &#8211; Sevilla<\/p>\n<p>Dani Alves \u2013 Pumas<\/p>\n<p>Danilo &#8211; Juventus<\/p>\n<p>Bremer-Juventus<\/p>\n<p>\u00c9der Milit\u00e3o &#8211; Real Madrid<\/p>\n<p>Marquinhos &#8211; PSG<\/p>\n<p>Thiago Silva &#8211; Chelsea<\/p>\n<p><strong>Medios<\/strong><br \/>Bruno Guimar\u00e3es &#8211; Newcastle<\/p>\n<p>Casemiro &#8211; Manchester United<\/p>\n<p>Everton Ribeiro &#8211; Flamengo<\/p>\n<p>Fabinho &#8211; Liverpool<\/p>\n<p>Fred &#8211; Manchester United<\/p>\n<p>Lucas Paquet\u00e1 &#8211; West Ham United<\/p>\n<p><strong>Delanteros<\/strong><br \/>Antony &#8211; Manchester United<\/p>\n<p>Gabriel Jesus \u2013 Arsenal<\/p>\n<p>Gabriel Martinelli \u2013 Arsenal<\/p>\n<p>Neymar Jr. &#8211; PSG<\/p>\n<p>Pedro \u2013 Flamengo<\/p>\n<p>Raphinha &#8211; Barcelona<\/p>\n<p>Richarlison &#8211; Tottenham<\/p>\n<p>Rodrygo &#8211; Real Madrid<\/p>\n<p>Vinicius Jr. &#8211; Real Madrid<\/p>\n<p><strong>Grupo G<\/strong><\/p>\n<p>Fecha 1: 24\/11 Brasil vs. Serbia<br \/>Fecha 2: 28\/11 Brasil vs. Suiza<br \/>Fecha 3: 02\/12 Brasil vs. Camer\u00fan<\/p>\n","protected":false},"excerpt":{"rendered":"","protected":false},"author":1,"featured_media":2948436,"comment_status":"open","ping_status":"closed","sticky":false,"template":"","format":"standard","meta":{"footnotes":""},"categories":[32,1122],"tags":[595,1123],"class_list":["post-2948433","post","type-post","status-publish","format-standard","has-post-thumbnail","hentry","category-soccer","category-mundial-qatar-2022","tag-destacado","tag-qatar"],"_links":{"self":[{"href":"https:\/\/agpnoticias.com\/news\/index.php?rest_route=\/wp\/v2\/posts\/2948433","targetHints":{"allow":["GET"]}}],"collection":[{"href":"https:\/\/agpnoticias.com\/news\/index.php?rest_route=\/wp\/v2\/posts"}],"about":[{"href":"https:\/\/agpnoticias.com\/news\/index.php?rest_route=\/wp\/v2\/types\/post"}],"author":[{"embeddable":true,"href":"https:\/\/agpnoticias.com\/news\/index.php?rest_route=\/wp\/v2\/users\/1"}],"replies":[{"embeddable":true,"href":"https:\/\/agpnoticias.com\/news\/index.php?rest_route=%2Fwp%2Fv2%2Fcomments&post=2948433"}],"version-history":[{"count":6,"href":"https:\/\/agpnoticias.com\/news\/index.php?rest_route=\/wp\/v2\/posts\/2948433\/revisions"}],"predecessor-version":[{"id":2948444,"href":"https:\/\/agpnoticias.com\/news\/index.php?rest_route=\/wp\/v2\/posts\/2948433\/revisions\/2948444"}],"wp:featuredmedia":[{"embeddable":true,"href":"https:\/\/agpnoticias.com\/news\/index.php?rest_route=\/wp\/v2\/media\/2948436"}],"wp:attachment":[{"href":"https:\/\/agpnoticias.com\/news\/index.php?rest_route=%2Fwp%2Fv2%2Fmedia&parent=2948433"}],"wp:term":[{"taxonomy":"category","embeddable":true,"href":"https:\/\/agpnoticias.com\/news\/index.php?rest_route=%2Fwp%2Fv2%2Fcategories&post=2948433"},{"taxonomy":"post_tag","embeddable":true,"href":"https:\/\/agpnoticias.com\/news\/index.php?rest_route=%2Fwp%2Fv2%2Ftags&post=2948433"}],"curies":[{"name":"wp","href":"https:\/\/api.w.org\/{rel}","templated":true}]}}