{"id":2949123,"date":"2022-11-29T09:00:13","date_gmt":"2022-11-29T17:00:13","guid":{"rendered":"https:\/\/agpnoticias.com\/news\/?p=2949123"},"modified":"2022-11-29T09:00:15","modified_gmt":"2022-11-29T17:00:15","slug":"presenta-armando-ayala-a-congreso-del-estado-iniciativa-de-ley-de-ingresos-para-2023","status":"publish","type":"post","link":"https:\/\/agpnoticias.com\/news\/?p=2949123","title":{"rendered":"Presenta Armando Ayala a Congreso del Estado iniciativa de Ley de Ingresos para 2023\u00a0"},"content":{"rendered":"\n<p>Ensenada, Baja California.- El proyecto de Ley de Ingresos para el ejercicio fiscal 2023 para el municipio de Ensenada, fue presentado por el alcalde Armando Ayala Robles y parte de su gabinete a diputados y diputadas del Congreso del Estado de Baja California.<br \/>El primer edil estuvo acompa\u00f1ado por el secretario general de Gobierno, Rub\u00e9n Best Velasco; la coordinadora general de Gabinete, Norma Elvia Mart\u00ednez Santos; el tesorero municipal, Vicente Maldonado del Toro; la recaudadora de Rentas, Martha Reyes Rodr\u00edguez y la directora de Asuntos Jur\u00eddicos, Yesenia Elizabeth Pelayo Heredia, entre otros servidores p\u00fablicos.<br \/>En su intervenci\u00f3n, el alcalde de Ensenada manifest\u00f3 que esta Iniciativa de Ley de Ingresos est\u00e1 construida desde la perspectiva de g\u00e9nero y la inclusi\u00f3n social, mediante la que ser\u00e1 posible continuar llevando apoyos sociales a los que menos tienen.<br \/>\u201cPropiciando que los grupos vulnerables, con especial \u00e9nfasis en las juventudes, las mujeres, las personas con discapacidad y las y los integrantes de los pueblos originarios, que habitan las colonias populares, se beneficien de manera directa con acciones integrales que fortalezcan los servicios p\u00fablicos, adem\u00e1s de reforzar las acciones preventivas en materia de seguridad p\u00fablica en concordancia, a las pol\u00edticas que de menara responsable ha impulsado nuestra Gobernadora, Marina del Pilar \u00c1vila Olmeda\u201d, afirm\u00f3.<br \/>En suma, dijo, con la aprobaci\u00f3n de esta iniciativa, ser\u00e1 posible continuar cumpliendo con nuestras responsabilidades, que ponen en el centro de las decisiones del gobierno municipal a los m\u00e1s pobres, \u201cporque creemos y estamos convencidos que la mejor forma de gobernar es el humanismo mexicano que ha impulsado el presidente Andr\u00e9s Manuel L\u00f3pez Obrador y que ha refrendado el trabajo con el coraz\u00f3n por delante de nuestra Gobernadora\u201d, recalc\u00f3.<br \/>Posterior al mensaje del primer edil ensenadense se proyect\u00f3 un video y se realiz\u00f3 una presentaci\u00f3n sobre los principales conceptos y tasas que se contemplan en la iniciativa de Ley de Ingresos para el pr\u00f3ximo a\u00f1o.<br \/>Despu\u00e9s, tanto el primer edil y funcionarios del gobierno de Ensenada respondieron inquietudes de las y los diputados presentes en la sesi\u00f3n.<br \/>*Principales puntos presentados*<br \/>Entre los principales conceptos y tasas que se presentaron destacan que m\u00e1s de 15 mil familias podr\u00e1n seguir gozando del pago m\u00ednimo del predial en 2023, es decir menos de 1.18 pesos diarios; adem\u00e1s de que se mantendr\u00e1n los descuentos por pronto pago de hasta el 14 por ciento.<br \/>Las personas adultas mayores, con discapacidad y jubilados gozar\u00e1n de un descuento del 50 por ciento en pago del impuesto predial; se propone tasa cero para eventos culturales, y en el derecho al alumbrado p\u00fablico las personas mayores de 65 a\u00f1os podr\u00e1n tener hasta el 100 por ciento de descuento.<br \/>Se prev\u00e9 la exenci\u00f3n del pago en acta de nacimiento por cambio de identidad sexogen\u00e9rica y se ampl\u00edan los tramites contemplados para bodas colectivas a un peso; y se mantienen las tarifas de revalidaci\u00f3n en materia de comercio, alcoholes y espect\u00e1culos.<br \/>Se considera 50 por ciento de ahorro en materia de regularizaci\u00f3n a trav\u00e9s del Sistema de Apertura R\u00e1pida de Empresas (SARE).<br \/>Con lo que se pretende ingresar, el Gobierno de Ensenada busca aumentar el presupuesto para el Instituto dela Mujer e Inclusi\u00f3n Social en un 53%; en asuntos ind\u00edgenas en 25%; en materia de juventud y para el desarrollo integral de la familia en 29 y 24 por ciento respectivamente, adem\u00e1s de contemplarse el presupuesto participativo.<\/p>\n","protected":false},"excerpt":{"rendered":"","protected":false},"author":1,"featured_media":2949124,"comment_status":"open","ping_status":"closed","sticky":false,"template":"","format":"standard","meta":{"footnotes":""},"categories":[405],"tags":[],"class_list":["post-2949123","post","type-post","status-publish","format-standard","has-post-thumbnail","hentry","category-sin-categoria-es"],"_links":{"self":[{"href":"https:\/\/agpnoticias.com\/news\/index.php?rest_route=\/wp\/v2\/posts\/2949123","targetHints":{"allow":["GET"]}}],"collection":[{"href":"https:\/\/agpnoticias.com\/news\/index.php?rest_route=\/wp\/v2\/posts"}],"about":[{"href":"https:\/\/agpnoticias.com\/news\/index.php?rest_route=\/wp\/v2\/types\/post"}],"author":[{"embeddable":true,"href":"https:\/\/agpnoticias.com\/news\/index.php?rest_route=\/wp\/v2\/users\/1"}],"replies":[{"embeddable":true,"href":"https:\/\/agpnoticias.com\/news\/index.php?rest_route=%2Fwp%2Fv2%2Fcomments&post=2949123"}],"version-history":[{"count":1,"href":"https:\/\/agpnoticias.com\/news\/index.php?rest_route=\/wp\/v2\/posts\/2949123\/revisions"}],"predecessor-version":[{"id":2949125,"href":"https:\/\/agpnoticias.com\/news\/index.php?rest_route=\/wp\/v2\/posts\/2949123\/revisions\/2949125"}],"wp:featuredmedia":[{"embeddable":true,"href":"https:\/\/agpnoticias.com\/news\/index.php?rest_route=\/wp\/v2\/media\/2949124"}],"wp:attachment":[{"href":"https:\/\/agpnoticias.com\/news\/index.php?rest_route=%2Fwp%2Fv2%2Fmedia&parent=2949123"}],"wp:term":[{"taxonomy":"category","embeddable":true,"href":"https:\/\/agpnoticias.com\/news\/index.php?rest_route=%2Fwp%2Fv2%2Fcategories&post=2949123"},{"taxonomy":"post_tag","embeddable":true,"href":"https:\/\/agpnoticias.com\/news\/index.php?rest_route=%2Fwp%2Fv2%2Ftags&post=2949123"}],"curies":[{"name":"wp","href":"https:\/\/api.w.org\/{rel}","templated":true}]}}