{"id":2949238,"date":"2022-12-03T11:32:41","date_gmt":"2022-12-03T19:32:41","guid":{"rendered":"https:\/\/agpnoticias.com\/news\/?p=2949238"},"modified":"2022-12-03T11:32:44","modified_gmt":"2022-12-03T19:32:44","slug":"gana-samuel-verduzco-y-cinthya-medina-la-carrera-atletica-de-periodico-el-vigia","status":"publish","type":"post","link":"https:\/\/agpnoticias.com\/news\/?p=2949238","title":{"rendered":"Gana Samuel Verduzco y Cinthya Medina la carrera atl\u00e9tica de Peri\u00f3dico El Vig\u00eda"},"content":{"rendered":"\n\n\n<p>Ensenada, Baja California.- Samuel Verduzco y Cinthya Medina ganaron la carrera atl\u00e9tica de 5 kil\u00f3metros que organizo Peri\u00f3dico El Vig\u00eda en Ensenada en la v\u00edspera de su veinte aniversario.<\/p>\n<figure id=\"attachment_2949240\" aria-describedby=\"caption-attachment-2949240\" style=\"width: 1200px\" class=\"wp-caption aligncenter\"><a href=\"https:\/\/agpnoticias.com\/news\/?attachment_id=2949240\" rel=\"attachment wp-att-2949240\"><img fetchpriority=\"high\" decoding=\"async\" class=\"size-full wp-image-2949240\" src=\"https:\/\/agpnoticias.com\/news\/wp-content\/uploads\/2022\/12\/EF8DD847-DBEB-436E-BC6D-BFBFE1EFB687.jpeg\" alt=\"\" width=\"1200\" height=\"1200\" srcset=\"https:\/\/agpnoticias.com\/news\/wp-content\/uploads\/2022\/12\/EF8DD847-DBEB-436E-BC6D-BFBFE1EFB687.jpeg 1200w, https:\/\/agpnoticias.com\/news\/wp-content\/uploads\/2022\/12\/EF8DD847-DBEB-436E-BC6D-BFBFE1EFB687-400x400.jpeg 400w, https:\/\/agpnoticias.com\/news\/wp-content\/uploads\/2022\/12\/EF8DD847-DBEB-436E-BC6D-BFBFE1EFB687-810x810.jpeg 810w, https:\/\/agpnoticias.com\/news\/wp-content\/uploads\/2022\/12\/EF8DD847-DBEB-436E-BC6D-BFBFE1EFB687-300x300.jpeg 300w, https:\/\/agpnoticias.com\/news\/wp-content\/uploads\/2022\/12\/EF8DD847-DBEB-436E-BC6D-BFBFE1EFB687-80x80.jpeg 80w\" sizes=\"(max-width: 1200px) 100vw, 1200px\" \/><\/a><figcaption id=\"caption-attachment-2949240\" class=\"wp-caption-text\">Samuel Verduzo<\/figcaption><\/figure>\n<p>Alrededor de unas 400 personas participaron en la tercera edici\u00f3n de este evento que tiene la finalidad de recabar comida enlatada, agua y cobijas para donarlos a personas necesitadas.<\/p>\n<figure id=\"attachment_2949241\" aria-describedby=\"caption-attachment-2949241\" style=\"width: 1200px\" class=\"wp-caption aligncenter\"><a href=\"https:\/\/agpnoticias.com\/news\/?attachment_id=2949241\" rel=\"attachment wp-att-2949241\"><img decoding=\"async\" class=\"size-full wp-image-2949241\" src=\"https:\/\/agpnoticias.com\/news\/wp-content\/uploads\/2022\/12\/C04AED5C-75D2-46F5-A4BB-52C72663FDA8.jpeg\" alt=\"\" width=\"1200\" height=\"1200\" srcset=\"https:\/\/agpnoticias.com\/news\/wp-content\/uploads\/2022\/12\/C04AED5C-75D2-46F5-A4BB-52C72663FDA8.jpeg 1200w, https:\/\/agpnoticias.com\/news\/wp-content\/uploads\/2022\/12\/C04AED5C-75D2-46F5-A4BB-52C72663FDA8-400x400.jpeg 400w, https:\/\/agpnoticias.com\/news\/wp-content\/uploads\/2022\/12\/C04AED5C-75D2-46F5-A4BB-52C72663FDA8-810x810.jpeg 810w, https:\/\/agpnoticias.com\/news\/wp-content\/uploads\/2022\/12\/C04AED5C-75D2-46F5-A4BB-52C72663FDA8-300x300.jpeg 300w, https:\/\/agpnoticias.com\/news\/wp-content\/uploads\/2022\/12\/C04AED5C-75D2-46F5-A4BB-52C72663FDA8-80x80.jpeg 80w\" sizes=\"(max-width: 1200px) 100vw, 1200px\" \/><\/a><figcaption id=\"caption-attachment-2949241\" class=\"wp-caption-text\">Cinthya Medina<\/figcaption><\/figure>\n<p>Enhoc Santoyo, director editorial de esta empresa dijo que se quiso hacer algo diferente despu\u00e9s de haber sido suspendido dos a\u00f1os por la pandemia, \u201cEstamos reiniciando esta carrera y quisimos hacerla m\u00e1s popular de 5 kil\u00f3metros y no de 10\u00a0 como anteriormente se hac\u00eda\u201d.<\/p>\n<p><a href=\"https:\/\/agpnoticias.com\/news\/?attachment_id=2949243\" rel=\"attachment wp-att-2949243\"><img decoding=\"async\" class=\"aligncenter size-full wp-image-2949243\" src=\"https:\/\/agpnoticias.com\/news\/wp-content\/uploads\/2022\/12\/7CC90EC5-EDD9-484B-9366-490AEAE922C7.jpeg\" alt=\"\" width=\"1200\" height=\"760\" \/><\/a><\/p>\n<p>Agrego que esta carrera tiene un toque muy familiar y que se pretende que sea muy ensenadense, as\u00ed como mejorar edici\u00f3n tras edici\u00f3n.<\/p>\n<h4 style=\"text-align: center;\">Ganadores<\/h4>\n<h5 style=\"text-align: center;\">Varonil<\/h5>\n<p>Samuel Verduzco 12:37<\/p>\n<p>Erick Omar G\u00f3mez 13.28<\/p>\n<p>Efra\u00edn Garc\u00eda 13:41<\/p>\n<h5 style=\"text-align: center;\">Femenil<\/h5>\n<p>Cinthya Medina\u00a0 15:23<\/p>\n<p>Selene Helenes 16:17<\/p>\n<p>Marisol Rodr\u00edguez\u00a0 17:31<\/p>\n","protected":false},"excerpt":{"rendered":"","protected":false},"author":1,"featured_media":2949242,"comment_status":"open","ping_status":"closed","sticky":false,"template":"","format":"standard","meta":{"footnotes":""},"categories":[31],"tags":[595],"class_list":["post-2949238","post","type-post","status-publish","format-standard","has-post-thumbnail","hentry","category-atletismo","tag-destacado"],"_links":{"self":[{"href":"https:\/\/agpnoticias.com\/news\/index.php?rest_route=\/wp\/v2\/posts\/2949238","targetHints":{"allow":["GET"]}}],"collection":[{"href":"https:\/\/agpnoticias.com\/news\/index.php?rest_route=\/wp\/v2\/posts"}],"about":[{"href":"https:\/\/agpnoticias.com\/news\/index.php?rest_route=\/wp\/v2\/types\/post"}],"author":[{"embeddable":true,"href":"https:\/\/agpnoticias.com\/news\/index.php?rest_route=\/wp\/v2\/users\/1"}],"replies":[{"embeddable":true,"href":"https:\/\/agpnoticias.com\/news\/index.php?rest_route=%2Fwp%2Fv2%2Fcomments&post=2949238"}],"version-history":[{"count":1,"href":"https:\/\/agpnoticias.com\/news\/index.php?rest_route=\/wp\/v2\/posts\/2949238\/revisions"}],"predecessor-version":[{"id":2949244,"href":"https:\/\/agpnoticias.com\/news\/index.php?rest_route=\/wp\/v2\/posts\/2949238\/revisions\/2949244"}],"wp:featuredmedia":[{"embeddable":true,"href":"https:\/\/agpnoticias.com\/news\/index.php?rest_route=\/wp\/v2\/media\/2949242"}],"wp:attachment":[{"href":"https:\/\/agpnoticias.com\/news\/index.php?rest_route=%2Fwp%2Fv2%2Fmedia&parent=2949238"}],"wp:term":[{"taxonomy":"category","embeddable":true,"href":"https:\/\/agpnoticias.com\/news\/index.php?rest_route=%2Fwp%2Fv2%2Fcategories&post=2949238"},{"taxonomy":"post_tag","embeddable":true,"href":"https:\/\/agpnoticias.com\/news\/index.php?rest_route=%2Fwp%2Fv2%2Ftags&post=2949238"}],"curies":[{"name":"wp","href":"https:\/\/api.w.org\/{rel}","templated":true}]}}