{"id":2949370,"date":"2022-12-10T16:34:37","date_gmt":"2022-12-11T00:34:37","guid":{"rendered":"https:\/\/agpnoticias.com\/news\/?p=2949370"},"modified":"2022-12-10T16:34:40","modified_gmt":"2022-12-11T00:34:40","slug":"celebran-posada-a-ninos-y-ninas-de-la-colonia-terrazas-del-valle-en-la-ciudad-de-tijuana","status":"publish","type":"post","link":"https:\/\/agpnoticias.com\/news\/?p=2949370","title":{"rendered":"Celebran posada a ni\u00f1os y ni\u00f1as de la colonia Terrazas del Valle en la ciudad de Tijuana"},"content":{"rendered":"\n<p><span style=\"font-size: 1.1rem;\">Tijuana, Baja California.- \u00a0Alianza Patri\u00f3tica por 4T en Baja California celebra Posada Navide\u00f1a a ni\u00f1as y ni\u00f1os en la colonia Terrazas del Valle en la ciudad de Tijuana.<\/span><\/p>\n<p>El evento se desarroll\u00f3 en el Centro Comunitario de la colonia que fue impermeabilizado gracias a una solicitud de la comunidad y al cumplimiento de Alianza Patri\u00f3tica.<\/p>\n<p><a href=\"https:\/\/agpnoticias.com\/news\/celebran-posada-a-ninos-y-ninas-de-la-colonia-terrazas-del-valle-en-la-ciudad-de-tijuana\/fa2f2f37-7faa-4400-94d0-eff64702bc83\/\" rel=\"attachment wp-att-2949374\"><img fetchpriority=\"high\" decoding=\"async\" class=\"aligncenter size-full wp-image-2949374\" src=\"https:\/\/agpnoticias.com\/news\/wp-content\/uploads\/2022\/12\/FA2F2F37-7FAA-4400-94D0-EFF64702BC83.jpeg\" alt=\"\" width=\"1024\" height=\"683\" \/><\/a><\/p>\n<p>Armando Ayala Robles, Coordinador Estatal de la Alianza Patri\u00f3tica 4T en BajaCalifornia, previo al festejo en la posada navide\u00f1a les expres\u00f3 a las familias de Terrazas del Valle, delegaci\u00f3n La Presa Este, la importancia de pertenecer a la Alianza Patri\u00f3tica que apoya al gobierno de M\u00e9xico que preside Manuel L\u00f3pez Obrador y en Baja California con la gobernadora Marina del Pilar Avila Olmeda y los gobiernos municipales.<\/p>\n<p><a href=\"https:\/\/agpnoticias.com\/news\/celebran-posada-a-ninos-y-ninas-de-la-colonia-terrazas-del-valle-en-la-ciudad-de-tijuana\/daa9de85-133f-43fb-b4da-bfd01a6736cb\/\" rel=\"attachment wp-att-2949371\"><img decoding=\"async\" class=\"aligncenter size-full wp-image-2949371\" src=\"https:\/\/agpnoticias.com\/news\/wp-content\/uploads\/2022\/12\/DAA9DE85-133F-43FB-B4DA-BFD01A6736CB.jpeg\" alt=\"\" width=\"1024\" height=\"683\" \/><\/a><\/p>\n<p>Ayala Robles resalt\u00f3 la importancia de promuever la uni\u00f3n familiar y de fortalecer las tradiciones, adem\u00e1s de brindar entretenimiento a las ni\u00f1as y ni\u00f1os con esta fiesta y con la entrega de regalos y juguetes.<\/p>\n<p><a href=\"https:\/\/agpnoticias.com\/news\/celebran-posada-a-ninos-y-ninas-de-la-colonia-terrazas-del-valle-en-la-ciudad-de-tijuana\/980b4c27-d9f1-46c1-89ac-d03c313c220e\/\" rel=\"attachment wp-att-2949375\"><img decoding=\"async\" class=\"aligncenter size-full wp-image-2949375\" src=\"https:\/\/agpnoticias.com\/news\/wp-content\/uploads\/2022\/12\/980B4C27-D9F1-46C1-89AC-D03C313C220E.jpeg\" alt=\"\" width=\"1024\" height=\"683\" \/><\/a><\/p>\n<p>Con el apoyo de los empresarios de la Alianza se brinda ayuda en las m\u00e1s de 27 colonias ya visitadas y faltan muchas m\u00e1s en el resto de los municipios.<\/p>\n<p>Finalmente les expres\u00f3 que en estas fiestas prevalezca la uni\u00f3n familiar en un ambiente de orden y paz. Por lo que, es muy importante que celebren de manera responsable y se eviten situaciones que pongan en riesgo nuestra integridad y la de terceras personas y que pronto regresar\u00e1n para seguir trabajando juntos.<\/p>\n<p><a href=\"https:\/\/agpnoticias.com\/news\/celebran-posada-a-ninos-y-ninas-de-la-colonia-terrazas-del-valle-en-la-ciudad-de-tijuana\/174335b0-7080-4eae-9bd4-84b833f24340\/\" rel=\"attachment wp-att-2949372\"><img loading=\"lazy\" decoding=\"async\" class=\"aligncenter size-full wp-image-2949372\" src=\"https:\/\/agpnoticias.com\/news\/wp-content\/uploads\/2022\/12\/174335B0-7080-4EAE-9BD4-84B833F24340.jpeg\" alt=\"\" width=\"1024\" height=\"683\" \/>Geng<\/a><\/p>\n<p>Estuvieron presentes en el festejo Eduardo Vega Zamora, promotor de Alianza; Sergio Ayala Laveaga, Coordinador del Deporte; Cinthya Medina Beltr\u00e1n, coordinadora Territorial en Tijuana y Marbely Mart\u00ednez, coordinadora y l\u00edder de la colonia Terrazas del Valle.<\/p>\n","protected":false},"excerpt":{"rendered":"","protected":false},"author":1,"featured_media":2949373,"comment_status":"open","ping_status":"closed","sticky":false,"template":"","format":"standard","meta":{"footnotes":""},"categories":[1],"tags":[],"class_list":["post-2949370","post","type-post","status-publish","format-standard","has-post-thumbnail","hentry","category-uncategorized"],"_links":{"self":[{"href":"https:\/\/agpnoticias.com\/news\/index.php?rest_route=\/wp\/v2\/posts\/2949370","targetHints":{"allow":["GET"]}}],"collection":[{"href":"https:\/\/agpnoticias.com\/news\/index.php?rest_route=\/wp\/v2\/posts"}],"about":[{"href":"https:\/\/agpnoticias.com\/news\/index.php?rest_route=\/wp\/v2\/types\/post"}],"author":[{"embeddable":true,"href":"https:\/\/agpnoticias.com\/news\/index.php?rest_route=\/wp\/v2\/users\/1"}],"replies":[{"embeddable":true,"href":"https:\/\/agpnoticias.com\/news\/index.php?rest_route=%2Fwp%2Fv2%2Fcomments&post=2949370"}],"version-history":[{"count":2,"href":"https:\/\/agpnoticias.com\/news\/index.php?rest_route=\/wp\/v2\/posts\/2949370\/revisions"}],"predecessor-version":[{"id":2949377,"href":"https:\/\/agpnoticias.com\/news\/index.php?rest_route=\/wp\/v2\/posts\/2949370\/revisions\/2949377"}],"wp:featuredmedia":[{"embeddable":true,"href":"https:\/\/agpnoticias.com\/news\/index.php?rest_route=\/wp\/v2\/media\/2949373"}],"wp:attachment":[{"href":"https:\/\/agpnoticias.com\/news\/index.php?rest_route=%2Fwp%2Fv2%2Fmedia&parent=2949370"}],"wp:term":[{"taxonomy":"category","embeddable":true,"href":"https:\/\/agpnoticias.com\/news\/index.php?rest_route=%2Fwp%2Fv2%2Fcategories&post=2949370"},{"taxonomy":"post_tag","embeddable":true,"href":"https:\/\/agpnoticias.com\/news\/index.php?rest_route=%2Fwp%2Fv2%2Ftags&post=2949370"}],"curies":[{"name":"wp","href":"https:\/\/api.w.org\/{rel}","templated":true}]}}