{"id":2949442,"date":"2022-12-15T13:37:27","date_gmt":"2022-12-15T21:37:27","guid":{"rendered":"https:\/\/agpnoticias.com\/news\/?p=2949442"},"modified":"2022-12-15T13:37:49","modified_gmt":"2022-12-15T21:37:49","slug":"dimite-santos-a-la-seleccion-de-portugal-llega-mourinho","status":"publish","type":"post","link":"https:\/\/agpnoticias.com\/news\/?p=2949442","title":{"rendered":"Dimite Santos a la selecci\u00f3n de Portugal, \u00bfllega Mourinho?"},"content":{"rendered":"\n\n\n<p>Doha, Catar.- Fernando Santos ha dimitido como seleccionador de Portugal cinco d\u00edas despu\u00e9s de la derrota en cuartos de final ante Marruecos en la Copa Mundial de la FIFA Qatar 2022.<\/p>\n<p>El hombre de 68 a\u00f1os baja el tel\u00f3n de un reinado de ocho a\u00f1os que tuvo dos logros significativos pero termin\u00f3 con una nota baja en el Estadio Al Thumama el s\u00e1bado.<\/p>\n<p>Y ya se rumora la llegada de Jos\u00e9 Mourinho en su lugar.<\/p>\n<p>Santos llev\u00f3 a su equipo a su primer gran trofeo en la UEFA EURO 2016 cuando Portugal sorprendi\u00f3 a los anfitriones Francia 1-0 en la final de Par\u00eds.<\/p>\n<p>Hubo m\u00e1s trofeos tres a\u00f1os despu\u00e9s, cuando Portugal venci\u00f3 a Holanda por 1-0 en la final de la Liga de Naciones de la UEFA de 2019.<\/p>\n<p>La Federaci\u00f3n Portuguesa de F\u00fatbol (FPF) dijo en un comunicado: \u00abLa FPF y Fernando Santos acordaron poner fin a la exitosa trayectoria que comenz\u00f3 en septiembre de 2014. Despu\u00e9s de una de las mejores participaciones de la selecci\u00f3n nacional en las etapas finales de la Mundial, en Qatar, FPF y Fernando Santos entienden que este es el momento adecuado para iniciar un nuevo ciclo. Fue un honor tener un entrenador y una persona como Fernando Santos al frente de la selecci\u00f3n. \u00abLa FPF agradece a Fernando Santos ya su equipo t\u00e9cnico los servicios prestados durante ocho a\u00f1os \u00fanicos y cree que este agradecimiento tambi\u00e9n se hace en nombre del pueblo portugu\u00e9s\u00bb.<\/p>\n<p>La racha de Portugal en Rusia 2018 la termin\u00f3 Uruguay en los octavos de final. Lo hicieron mejor en 2022 antes de ser v\u00edctimas del inspirado Marruecos. Portugal gan\u00f3 los partidos de la fase inaugural contra Ghana y Uruguay y la clasificaci\u00f3n para los octavos de final ya estaba asegurada cuando el \u00faltimo partido del grupo termin\u00f3 con una derrota tard\u00eda ante la Rep\u00fablica de Corea.<\/p>\n<p>Santos tom\u00f3 una de las decisiones m\u00e1s comentadas del torneo cuando dej\u00f3 a Cristiano Ronaldo en el banquillo para el encuentro de octavos de final con Suiza. Fue reivindicado por la actuaci\u00f3n ronroneante de su equipo y un hat-trick del reemplazo de Ronaldo, Goncalo Ramos, en una victoria por 6-1 que aument\u00f3 las expectativas sobre las perspectivas de Portugal en el cierre comercial de la Copa del Mundo.<\/p>\n<p>Sin embargo, no pudieron replicar la intensidad y la imaginaci\u00f3n de la actuaci\u00f3n de Suiza contra Marruecos, y perdieron con un gol en la primera mitad de Youssef En-Nesyri para desvanecer las esperanzas de sumar apariciones en semifinales en 1966 y 2006.<\/p>\n<p>Santos, que gui\u00f3 a Grecia a los octavos de final en Brasil 2014 antes de aceptar el puesto con su pa\u00eds de origen, se hizo cargo de 109 partidos de Portugal, ganando 68 y empatando 21.<\/p>\n<p><em>Informaci\u00f3n: FIFA.<\/em><\/p>\n","protected":false},"excerpt":{"rendered":"","protected":false},"author":1,"featured_media":2949443,"comment_status":"open","ping_status":"closed","sticky":false,"template":"","format":"standard","meta":{"footnotes":""},"categories":[32,1122],"tags":[595],"class_list":["post-2949442","post","type-post","status-publish","format-standard","has-post-thumbnail","hentry","category-soccer","category-mundial-qatar-2022","tag-destacado"],"_links":{"self":[{"href":"https:\/\/agpnoticias.com\/news\/index.php?rest_route=\/wp\/v2\/posts\/2949442","targetHints":{"allow":["GET"]}}],"collection":[{"href":"https:\/\/agpnoticias.com\/news\/index.php?rest_route=\/wp\/v2\/posts"}],"about":[{"href":"https:\/\/agpnoticias.com\/news\/index.php?rest_route=\/wp\/v2\/types\/post"}],"author":[{"embeddable":true,"href":"https:\/\/agpnoticias.com\/news\/index.php?rest_route=\/wp\/v2\/users\/1"}],"replies":[{"embeddable":true,"href":"https:\/\/agpnoticias.com\/news\/index.php?rest_route=%2Fwp%2Fv2%2Fcomments&post=2949442"}],"version-history":[{"count":3,"href":"https:\/\/agpnoticias.com\/news\/index.php?rest_route=\/wp\/v2\/posts\/2949442\/revisions"}],"predecessor-version":[{"id":2949446,"href":"https:\/\/agpnoticias.com\/news\/index.php?rest_route=\/wp\/v2\/posts\/2949442\/revisions\/2949446"}],"wp:featuredmedia":[{"embeddable":true,"href":"https:\/\/agpnoticias.com\/news\/index.php?rest_route=\/wp\/v2\/media\/2949443"}],"wp:attachment":[{"href":"https:\/\/agpnoticias.com\/news\/index.php?rest_route=%2Fwp%2Fv2%2Fmedia&parent=2949442"}],"wp:term":[{"taxonomy":"category","embeddable":true,"href":"https:\/\/agpnoticias.com\/news\/index.php?rest_route=%2Fwp%2Fv2%2Fcategories&post=2949442"},{"taxonomy":"post_tag","embeddable":true,"href":"https:\/\/agpnoticias.com\/news\/index.php?rest_route=%2Fwp%2Fv2%2Ftags&post=2949442"}],"curies":[{"name":"wp","href":"https:\/\/api.w.org\/{rel}","templated":true}]}}